{"id":558057,"date":"2024-09-11T01:06:15","date_gmt":"2024-09-11T05:06:15","guid":{"rendered":"https:\/\/diariodominicano.com\/?p=558057"},"modified":"2024-09-11T09:47:09","modified_gmt":"2024-09-11T13:47:09","slug":"a-51-anos-del-golpe-de-estado-los-chilenos-siguen-clamando-justicia-fotos","status":"publish","type":"post","link":"https:\/\/diariodominicano.com\/?p=558057","title":{"rendered":"A 51 a\u00f1os del golpe de Estado, los chilenos siguen clamando justicia (+Fotos)"},"content":{"rendered":"\n<p>Santiago de Chile, 11 sep (Prensa Latina) Con homenajes a las v\u00edctimas de la dictadura y llamados a la b\u00fasqueda de los detenidos desaparecidos, los chilenos recordar\u00e1n hoy el aniversario 51 del golpe de Estado contra el gobierno de la Unidad Popular.<\/p>\n\n\n\n<ul class=\"wp-block-list\">\n<li><a href=\"https:\/\/www.prensa-latina.cu\/2024\/09\/11\/\"><time>septiembre 11, 2024 | 00:01<\/time><\/a><\/li>\n<\/ul>\n\n\n\n<ul class=\"wp-block-list\">\n<li>Fotos: Carmen Esquivel, Prensa Latina<\/li>\n<\/ul>\n\n\n\n<ul class=\"wp-block-list\">\n<li><a href=\"https:\/\/www.prensa-latina.cu\/2024\/09\/11\/a-51-anos-del-golpe-de-estado-los-chilenos-siguen-clamando-justicia\/#\"><\/a><\/li>\n\n\n\n<li><a href=\"https:\/\/www.prensa-latina.cu\/2024\/09\/11\/a-51-anos-del-golpe-de-estado-los-chilenos-siguen-clamando-justicia\/#\"><\/a><\/li>\n\n\n\n<li><a href=\"https:\/\/www.prensa-latina.cu\/2024\/09\/11\/a-51-anos-del-golpe-de-estado-los-chilenos-siguen-clamando-justicia\/#\"><\/a><\/li>\n\n\n\n<li><a href=\"https:\/\/www.prensa-latina.cu\/2024\/09\/11\/a-51-anos-del-golpe-de-estado-los-chilenos-siguen-clamando-justicia\/#\"><\/a><\/li>\n<\/ul>\n\n\n\n<p>El 11 de septiembre de 1973, tanques y aviones militares atacaron el Palacio de La Moneda y otras dependencias y derrocaron al gobierno del presidente Salvador Allende.<\/p>\n\n\n\n<p>Augusto Pinochet, quien entonces era comandante en jefe del ej\u00e9rcito, encabez\u00f3 la asonada que dio paso a una dictadura de 17 a\u00f1os, durante la cual se cometieron m\u00e1s de 40 mil delitos de lesa humanidad, entre torturas, asesinatos y desapariciones.<\/p>\n\n\n\n<figure class=\"wp-block-image\"><img decoding=\"async\" src=\"https:\/\/www.prensa-latina.cu\/wp-content\/uploads\/2024\/09\/Chile-Aniversario-del-Golpe2.jpg\" alt=\"\" class=\"wp-image-1201814\"\/><\/figure>\n\n\n\n<p>Cincuenta y un a\u00f1os despu\u00e9s de aquellos acontecimientos, a\u00fan hay m\u00e1s de mil 100 personas cuyo paradero se desconoce.<\/p>\n\n\n\n<p>Bajo el lema \u201cLos a\u00f1os de impunidad, no acallar\u00e1n nuestros clamores de justicia\u201d, el Partido y las Juventudes Comunistas convocaron para este mi\u00e9rcoles una marcha desde la avenida de La Alameda hasta el monumento al expresidente, en la Plaza de la Constituci\u00f3n.<\/p>\n\n\n\n<p>La peregrinaci\u00f3n pasar\u00e1 frente a la puerta de Morand\u00e9 80, lugar por donde retiraron el cuerpo sin vida de Allende el d\u00eda del golpe.<\/p>\n\n\n\n<p>\u201cYo no voy a renunciar. Colocado en un tr\u00e1nsito hist\u00f3rico, pagar\u00e9 con mi vida la lealtad del pueblo\u2026 Sigan ustedes sabiendo que, mucho m\u00e1s temprano que tarde, de nuevo se abrir\u00e1n las grandes alamedas por donde pase el hombre libre para construir una sociedad mejor\u201d, dijo el exmandatario en su \u00faltimo discurso.<\/p>\n\n\n\n<figure class=\"wp-block-image\"><img decoding=\"async\" src=\"https:\/\/www.prensa-latina.cu\/wp-content\/uploads\/2024\/09\/Chile-Aniversario-del-Golpe1.jpg\" alt=\"\" class=\"wp-image-1201813\"\/><\/figure>\n\n\n\n<p>En ocasi\u00f3n del 11 de septiembre, tendr\u00e1 lugar en el Patio de los Naranjos, de la sede presidencial, un acto encabezado por Gabriel Boric, donde participar\u00e1n autoridades del Gobierno, parlamentarios y familiares de detenidos desaparecidos y ejecutados pol\u00edticos, entre otros invitados.<\/p>\n\n\n\n<p>Una jornada de conmemoraci\u00f3n se realizar\u00e1 tambi\u00e9n en el Parque por la Paz Villa Grimaldi, que en tiempos de la dictadura (1973-1990) funcion\u00f3 como centro de secuestro, tortura y exterminio de opositores.<\/p>\n\n\n\n<p>jha\/car<\/p>\n\n\n\n<ul class=\"wp-block-list\">\n<li>#<a href=\"https:\/\/www.prensa-latina.cu\/etiqueta\/chile-golpe-de-estado-aniversario-51-victimas-justicia\/\">Chile Golpe de Estado Aniversario 51 V\u00edctimas Justicia<\/a><\/li>\n<\/ul>\n","protected":false},"excerpt":{"rendered":"<p>Santiago de Chile, 11 sep (Prensa Latina) Con homenajes a las v\u00edctimas de la dictadura y llamados a la b\u00fasqueda de los detenidos desaparecidos, los chilenos recordar\u00e1n hoy el aniversario 51 del golpe de Estado contra el gobierno de la Unidad Popular. El 11 de septiembre de 1973, tanques y aviones militares atacaron el Palacio [&hellip;]<\/p>\n","protected":false},"author":28,"featured_media":558058,"comment_status":"closed","ping_status":"closed","sticky":true,"template":"","format":"standard","meta":{"footnotes":""},"categories":[26,23,27],"tags":[],"class_list":["post-558057","post","type-post","status-publish","format-standard","has-post-thumbnail","hentry","category-efemerides","category-internacional","category-portada"],"_links":{"self":[{"href":"https:\/\/diariodominicano.com\/index.php?rest_route=\/wp\/v2\/posts\/558057","targetHints":{"allow":["GET"]}}],"collection":[{"href":"https:\/\/diariodominicano.com\/index.php?rest_route=\/wp\/v2\/posts"}],"about":[{"href":"https:\/\/diariodominicano.com\/index.php?rest_route=\/wp\/v2\/types\/post"}],"author":[{"embeddable":true,"href":"https:\/\/diariodominicano.com\/index.php?rest_route=\/wp\/v2\/users\/28"}],"replies":[{"embeddable":true,"href":"https:\/\/diariodominicano.com\/index.php?rest_route=%2Fwp%2Fv2%2Fcomments&post=558057"}],"version-history":[{"count":1,"href":"https:\/\/diariodominicano.com\/index.php?rest_route=\/wp\/v2\/posts\/558057\/revisions"}],"predecessor-version":[{"id":558059,"href":"https:\/\/diariodominicano.com\/index.php?rest_route=\/wp\/v2\/posts\/558057\/revisions\/558059"}],"wp:featuredmedia":[{"embeddable":true,"href":"https:\/\/diariodominicano.com\/index.php?rest_route=\/wp\/v2\/media\/558058"}],"wp:attachment":[{"href":"https:\/\/diariodominicano.com\/index.php?rest_route=%2Fwp%2Fv2%2Fmedia&parent=558057"}],"wp:term":[{"taxonomy":"category","embeddable":true,"href":"https:\/\/diariodominicano.com\/index.php?rest_route=%2Fwp%2Fv2%2Fcategories&post=558057"},{"taxonomy":"post_tag","embeddable":true,"href":"https:\/\/diariodominicano.com\/index.php?rest_route=%2Fwp%2Fv2%2Ftags&post=558057"}],"curies":[{"name":"wp","href":"https:\/\/api.w.org\/{rel}","templated":true}]}}