{"id":557870,"date":"2024-09-10T09:28:58","date_gmt":"2024-09-10T13:28:58","guid":{"rendered":"https:\/\/diariodominicano.com\/?p=557870"},"modified":"2024-09-10T09:29:04","modified_gmt":"2024-09-10T13:29:04","slug":"celebran-novena-reunion-de-foro-china-espana-en-beijing","status":"publish","type":"post","link":"https:\/\/diariodominicano.com\/?p=557870","title":{"rendered":"Celebran novena reuni\u00f3n de Foro China-Espa\u00f1a en Beijing"},"content":{"rendered":"\n<p><em>spanish.news.cn<\/em>|<em>&nbsp;2024-09-09 23:42:15<\/em>|<\/p>\n\n\n\n<p>El viceprimer ministro chino, Liu Guozhong, tambi\u00e9n miembro del Bur\u00f3 Pol\u00edtico del Comit\u00e9 Central del Partido Comunista de China y el presidente del Gobierno espa\u00f1ol, Pedro S\u00e1nchez, posan para una fotograf\u00eda grupal con representantes chinos y extranjeros previo a la ceremonia inaugural de la novena reuni\u00f3n del Foro China-Espa\u00f1a, en Beijing, capital de China, el 9 de septiembre de 2024. Liu y S\u00e1nchez asistieron juntos el lunes en Beijing a la ceremonia inaugural de la novena reuni\u00f3n del Foro China-Espa\u00f1a. (Xinhua\/Zhang Ling)<\/p>\n\n\n\n<p>BEIJING, 9 sep (Xinhua) &#8212; El viceprimer ministro chino Liu Guozhong y el presidente del Gobierno espa\u00f1ol, Pedro S\u00e1nchez, asistieron juntos hoy lunes en Beijing a la ceremonia inaugural de la novena reuni\u00f3n del Foro China-Espa\u00f1a.<\/p>\n\n\n\n<p>Liu, tambi\u00e9n miembro del Bur\u00f3 Pol\u00edtico del Comit\u00e9 Central del Partido Comunista de China, dijo que desde el establecimiento de relaciones diplom\u00e1ticas hace m\u00e1s de medio siglo, las relaciones entre China y Espa\u00f1a se han desarrollado continuamente.<\/p>\n\n\n\n<p>Especialmente en la nueva era, bajo la gu\u00eda estrat\u00e9gica de los dos jefes de Estado, la confianza pol\u00edtica mutua entre China y Espa\u00f1a se ha consolidado cada vez m\u00e1s, la cooperaci\u00f3n pragm\u00e1tica ha rendido resultados fruct\u00edferos, mientras que los intercambios culturales y entre personas han sido ricos y coloridos, a\u00f1adi\u00f3.<\/p>\n\n\n\n<p>Liu se\u00f1al\u00f3 que en el nuevo punto de partida para los pr\u00f3ximos 50 a\u00f1os de relaciones entre China y Espa\u00f1a, las dos partes deben aprovechar al m\u00e1ximo el papel de las plataformas de mecanismos como el Foro China-Espa\u00f1a.<\/p>\n\n\n\n<p>Liu dijo que las dos partes deben proporcionar un entorno empresarial justo, equitativo y no discriminatorio para las empresas de cada uno, fortalecer la cooperaci\u00f3n en \u00e1reas como comercio, inversi\u00f3n, energ\u00eda verde y protecci\u00f3n del medio ambiente, y promover el entendimiento mutuo y la amistad de los pueblos de los dos pa\u00edses.<\/p>\n\n\n\n<p>Espa\u00f1a es bienvenida a participar profundamente en el proceso de apertura de China, disfrutar de dividendos de desarrollo compartidos, lograr beneficios mutuos y resultados de ganancia compartida e impulsar las relaciones bilaterales a un nuevo nivel, dijo.<\/p>\n\n\n\n<p>S\u00e1nchez indic\u00f3 que la situaci\u00f3n internacional es compleja e impredecible, pero que tambi\u00e9n existen oportunidades. Espa\u00f1a y China deben estar llenos de confianza, fortalecer la cooperaci\u00f3n y enfrentar conjuntamente los desaf\u00edos globales.<\/p>\n\n\n\n<p>Espa\u00f1a est\u00e1 dispuesta a fortalecer el di\u00e1logo y los intercambios en diversos campos con China a trav\u00e9s del Foro China-Espa\u00f1a y otras plataformas, profundizar la cooperaci\u00f3n local, la cooperaci\u00f3n para el desarrollo ecol\u00f3gico y los intercambios culturales y entre pueblos, y promover un mayor desarrollo de las relaciones bilaterales, a\u00f1adi\u00f3.<\/p>\n\n\n\n<p>El foro es copatrocinado por la Asociaci\u00f3n de Amistad del Pueblo Chino con el Extranjero y la Fundaci\u00f3n Consejo Espa\u00f1a-China. A \u00e9l asistieron unos 300 representantes de los gobiernos de los dos pa\u00edses, provincias, ciudades, universidades, empresas y otros sectores pertinentes.<\/p>\n\n\n\n<figure class=\"wp-block-image\"><img decoding=\"async\" src=\"https:\/\/spanish.xinhuanet.com\/20240909\/160e91f8862f4fa9a1c2a950e408d333\/a20d077f55054931bcdd3bfc322c411d.jpg\" alt=\"\"\/><\/figure>\n\n\n\n<p>El viceprimer ministro chino, Liu Guozhong, tambi\u00e9n miembro del Bur\u00f3 Pol\u00edtico del Comit\u00e9 Central del Partido Comunista de China, pronuncia un discurso mientras asiste a la ceremonia inaugural de la novena reuni\u00f3n del Foro China-Espa\u00f1a, en Beijing, capital de China, el 9 de septiembre de 2024. La novena reuni\u00f3n del Foro China-Espa\u00f1a se llev\u00f3 a cabo aqu\u00ed el lunes. (Xinhua\/Zhang Ling)<\/p>\n\n\n\n<figure class=\"wp-block-image\"><img decoding=\"async\" src=\"https:\/\/spanish.xinhuanet.com\/20240909\/160e91f8862f4fa9a1c2a950e408d333\/6afc982d071f47aca135d6c98771bb60.jpg\" alt=\"\"\/><\/figure>\n\n\n\n<p>La novena reuni\u00f3n del Foro China-Espa\u00f1a se lleva a cabo en Beijing, capital de China, el 9 de septiembre de 2024. El foro es copatrocinado por la Asociaci\u00f3n de Amistad del Pueblo Chino con el Extranjero y la Fundaci\u00f3n Consejo Espa\u00f1a-China. A \u00e9l asistieron unos 300 representantes de los gobiernos de los dos pa\u00edses, provincias, ciudades, universidades, empresas y otros sectores pertinentes. (Xinhua\/Zhao Xinhu)<\/p>\n","protected":false},"excerpt":{"rendered":"<p>spanish.news.cn|&nbsp;2024-09-09 23:42:15| El viceprimer ministro chino, Liu Guozhong, tambi\u00e9n miembro del Bur\u00f3 Pol\u00edtico del Comit\u00e9 Central del Partido Comunista de China y el presidente del Gobierno espa\u00f1ol, Pedro S\u00e1nchez, posan para una fotograf\u00eda grupal con representantes chinos y extranjeros previo a la ceremonia inaugural de la novena reuni\u00f3n del Foro China-Espa\u00f1a, en Beijing, capital de [&hellip;]<\/p>\n","protected":false},"author":28,"featured_media":557871,"comment_status":"closed","ping_status":"closed","sticky":true,"template":"","format":"standard","meta":{"footnotes":""},"categories":[18,23],"tags":[],"class_list":["post-557870","post","type-post","status-publish","format-standard","has-post-thumbnail","hentry","category-economia","category-internacional"],"_links":{"self":[{"href":"https:\/\/diariodominicano.com\/index.php?rest_route=\/wp\/v2\/posts\/557870","targetHints":{"allow":["GET"]}}],"collection":[{"href":"https:\/\/diariodominicano.com\/index.php?rest_route=\/wp\/v2\/posts"}],"about":[{"href":"https:\/\/diariodominicano.com\/index.php?rest_route=\/wp\/v2\/types\/post"}],"author":[{"embeddable":true,"href":"https:\/\/diariodominicano.com\/index.php?rest_route=\/wp\/v2\/users\/28"}],"replies":[{"embeddable":true,"href":"https:\/\/diariodominicano.com\/index.php?rest_route=%2Fwp%2Fv2%2Fcomments&post=557870"}],"version-history":[{"count":1,"href":"https:\/\/diariodominicano.com\/index.php?rest_route=\/wp\/v2\/posts\/557870\/revisions"}],"predecessor-version":[{"id":557872,"href":"https:\/\/diariodominicano.com\/index.php?rest_route=\/wp\/v2\/posts\/557870\/revisions\/557872"}],"wp:featuredmedia":[{"embeddable":true,"href":"https:\/\/diariodominicano.com\/index.php?rest_route=\/wp\/v2\/media\/557871"}],"wp:attachment":[{"href":"https:\/\/diariodominicano.com\/index.php?rest_route=%2Fwp%2Fv2%2Fmedia&parent=557870"}],"wp:term":[{"taxonomy":"category","embeddable":true,"href":"https:\/\/diariodominicano.com\/index.php?rest_route=%2Fwp%2Fv2%2Fcategories&post=557870"},{"taxonomy":"post_tag","embeddable":true,"href":"https:\/\/diariodominicano.com\/index.php?rest_route=%2Fwp%2Fv2%2Ftags&post=557870"}],"curies":[{"name":"wp","href":"https:\/\/api.w.org\/{rel}","templated":true}]}}