{"id":557697,"date":"2024-09-09T22:58:39","date_gmt":"2024-09-10T02:58:39","guid":{"rendered":"https:\/\/diariodominicano.com\/?p=557697"},"modified":"2024-09-09T23:01:38","modified_gmt":"2024-09-10T03:01:38","slug":"sobre-la-ley-nacional-de-cine-quien-tiene-la-razon-cual-es-su-resultado","status":"publish","type":"post","link":"https:\/\/diariodominicano.com\/?p=557697","title":{"rendered":"Sobre la Ley Nacional de Cine: \u00bfQui\u00e9n tiene la raz\u00f3n? \u00bfCu\u00e1l es su resultado?"},"content":{"rendered":"\n<p>El encuentro de la industria del cine evidenci\u00f3 que el sector est\u00e1 en pie en defensa de las amenazas fiscales sobre la Ley Nacional de Cine.<\/p>\n\n\n\n<p>\u00bfQu\u00e9 representa esa ley y cu\u00e1l es su resultado en cine e ingresos para el Estado? \u00bfSe debe limitar, mutilar o eliminar por la Reforma Fiscal?<\/p>\n\n\n\n<figure class=\"wp-block-image size-full\"><img loading=\"lazy\" decoding=\"async\" width=\"613\" height=\"254\" src=\"https:\/\/diariodominicano.com\/wp-content\/uploads\/2024\/09\/La-mesa-principal-que-dirigio-el-encuentro-de-cineastas-productores-actores-y-personalidades-relacionadas-con-el-cne-dominicano-1.png\" alt=\"\" class=\"wp-image-557701\" srcset=\"https:\/\/diariodominicano.com\/wp-content\/uploads\/2024\/09\/La-mesa-principal-que-dirigio-el-encuentro-de-cineastas-productores-actores-y-personalidades-relacionadas-con-el-cne-dominicano-1.png 613w, https:\/\/diariodominicano.com\/wp-content\/uploads\/2024\/09\/La-mesa-principal-que-dirigio-el-encuentro-de-cineastas-productores-actores-y-personalidades-relacionadas-con-el-cne-dominicano-1-300x124.png 300w\" sizes=\"auto, (max-width: 613px) 100vw, 613px\" \/><\/figure>\n\n\n\n<p>La mesa que presidi\u00f3 el\u00a0encuentro de la industria del cine integrada por Che Castellanos, Zumaya Cordero, Iv\u00e1n Reynoso, Hans Garc\u00eda, Tanya Valete, Augusto Feria y Albert Mart\u00ednez Martin (Lantica).<\/p>\n\n\n\n<p>Jos\u00e9 Rafael Sosa<\/p>\n\n\n\n<p>\u200bEl cine dominicano es una realidad que se expresa en la producci\u00f3n de pel\u00edculas (cuya calidad ha ido mejorando con el quehacer de la industria), que nos han puesto en los ojos del mundo con piezas que han ganado prestigiosos premios, que ha permitido el surgimiento de una generaci\u00f3n de j\u00f3venes&nbsp;directores y el ejercicio de directores experimentados que nos han entregado verdaderas&nbsp;joyas memorables.&nbsp;<\/p>\n\n\n\n<figure class=\"wp-block-image size-full\"><img loading=\"lazy\" decoding=\"async\" width=\"713\" height=\"387\" src=\"https:\/\/diariodominicano.com\/wp-content\/uploads\/2024\/09\/Joanne-Gomez-gana-en-72-Festival-de-Venecia-2024-1.png\" alt=\"\" class=\"wp-image-557702\" srcset=\"https:\/\/diariodominicano.com\/wp-content\/uploads\/2024\/09\/Joanne-Gomez-gana-en-72-Festival-de-Venecia-2024-1.png 713w, https:\/\/diariodominicano.com\/wp-content\/uploads\/2024\/09\/Joanne-Gomez-gana-en-72-Festival-de-Venecia-2024-1-300x163.png 300w\" sizes=\"auto, (max-width: 713px) 100vw, 713px\" \/><\/figure>\n\n\n\n<p>La industria del cine ha mostrado una unidad total en defensa del marco jur\u00eddico que regula la industria audiovisual dominicana. Pero \u00bfqu\u00e9 representa esa ley y cu\u00e1l es su resultado en cine e ingresos para el Estado?<\/p>\n\n\n\n<p>Tras el crucial y masivo encuentro de la industria del Cine del pasado viernes 5, convocado por la <strong>Asociaci\u00f3n Dominicana de Profesionales del Cine<\/strong>, en el remodelado paraninfo de la Facultad de Econom\u00eda y Ciencias Sociales de la <strong>Universidad Aut\u00f3noma de Santo Domingo<\/strong>, la actitud de la gente del cine queda establecida aun cuando se debe insistir en difundir mucha de la informaci\u00f3n, la que no ha sido transmitida con la fuerza de sus n\u00fameros de sus \u00edndices, porcentajes, cifras, declaraciones y compromisos.<\/p>\n\n\n\n<p>La reuni\u00f3n fue presidida por una mesa integrada por: <strong>Humberto (Che) Jos\u00e9 Castellanos,<\/strong> representante de los&nbsp;productores de cine;&nbsp;<strong>Zumaya Cordero,<\/strong> representante de los&nbsp;distribuidores y exhibidores de cine y directora de operaciones de Caribbean Cinemas, ahora la \u00fanica empresa en esa \u00e1rea y que tiene adem\u00e1s una productora de cine,&nbsp;<strong>Iv\u00e1n Reynoso<\/strong>, ex presidente de&nbsp;ADOCINE;&nbsp;<strong>Tanya Valette<\/strong>, representante de las&nbsp;escuelas de cine;&nbsp;<strong>Augusto Feria<\/strong>, representante de los&nbsp;actores de cine; y&nbsp;<strong>Albert Mart\u00ednez Mart\u00edn<\/strong>, representante de los&nbsp;estudios de cine. Y desde el p\u00fablico, intervinieron, para manifestar su respaldo al marco jur\u00eddico: <strong>Jos\u00e9 Mar\u00eda Cabral, Nashla Bogaert, Ico Abr\u00e9u, Danilo Reynoso, Frank Perozo y Miguel C\u00e9spedes<\/strong>, entre otros, seg\u00fan han reportado expertos conocedores de la industria\u200b.\u200b<\/p>\n\n\n\n<p>Directores, actores, productores, ejecutivos de empresas vinculadas (por la exhibici\u00f3n y distribuci\u00f3n) llenaron ese espacio para plantar su apoyo a la defensa, ante las versiones informales de eliminaci\u00f3n o mitigaci\u00f3n de la Ley Nacional de cine cumple que cumple ya sus&nbsp;14 a\u00f1os que cumple.<\/p>\n\n\n\n<p>La Asociaci\u00f3n Dominicana de Profesionales del Cine (ADOCINE), inici\u00f3 el encuentro, con una presentaci\u00f3n en la que establece:<\/p>\n\n\n\n<p>-El cine local ha generado m\u00e1s de 25 mil empleos.<\/p>\n\n\n\n<p>-En el a\u00f1o 2023 super\u00f3 los 12 mil millones de pesos en inversi\u00f3n extranjera.<\/p>\n\n\n\n<p>-Creaci\u00f3n de 25,000 mil empleos, de los cuales 55% son ocupados por mujeres y 45% hombres.<\/p>\n\n\n\n<p>-88% de las empresas proveedoras de servicios al cine son peque\u00f1as, medianas y microempresas, (Mipymes).<\/p>\n\n\n\n<p>-RD ha recibido un beneficio neto de m\u00e1s de 16 mil millones de pesos.<\/p>\n\n\n\n<p>-32 producciones dominicanas se proyectaron en 2023<\/p>\n\n\n\n<p>-RD$ 1,161,496,522.06 por concepto de ITBIS PAGADO<\/p>\n\n\n\n<p>-RD$ 348,979,516.10, ISR RETENIDO<\/p>\n\n\n\n<p>-6 mil millones de pesos en beneficios netos por el Art\u00edculo 34<\/p>\n\n\n\n<p>-Las producciones cinematogr\u00e1ficas concentran sus compras en sectores como: <em>comercio, turismo y transporte, y que <\/em>m\u00e1s del 85% de las compras intermedias provienen de las casas productoras.<\/p>\n\n\n\n<p>-795 estudiantes han graduado en UNIBE, UASD, INTEC, APEC, PUCAMAIMA y CHAVON<\/p>\n\n\n\n<p>\u00b7&nbsp;&nbsp;&nbsp;&nbsp;&nbsp;&nbsp;&nbsp;<\/p>\n\n\n\n<p>&#8211; 741 estudiantes est\u00e1n actualmente cursando la carrera de cine.<\/p>\n\n\n\n<p>-348 millones 979,516 pesos dominicanos de Impuesto Sobre la Renta (ISR).<\/p>\n\n\n\n<p>&#8211; El gobierno ha podido cobrar mil millones 161,496 pesos dominicanos impuestos (ITBIS) y otros.<\/p>\n\n\n\n<p>-27 pel\u00edculas dominicanas, se exhibieron en 2023 en los cines del pa\u00eds.<\/p>\n\n\n\n<p>-6,317 profesionales dominicanos registrados. En el Sistema de Informaci\u00f3n y Registro Cinematogr\u00e1fico (SIRECINE), de la Direcci\u00f3n General del Cine, al 2023, en todas las \u00e1reas de trabajo de la industria del cine.<\/p>\n\n\n\n<p>-375 empresas de servicios y productoras instaladas, se han creado en torno al concepto suplidoras de la industria.<\/p>\n\n\n\n<p>Los logros del cine dominicano se pueden citar los siguientes \u00e9xitos:<\/p>\n\n\n\n<p>&#8211;<strong>Cocote<\/strong> (Nelson Carlo de los Santos, 2017) obtuvo el premio a&nbsp;Mejor Pel\u00edcula&nbsp;en la secci\u00f3n Signos de Vida del Festival Internacional de Cine de Locarno.<\/p>\n\n\n\n<p>&#8211;<strong>Pepe<\/strong> (Nelson de los Santos), gan\u00f3 el premio Oso de Plata en el Festival Internacional de Cine de Berl\u00edn del 2024, como mejor director y particip\u00f3 en la versi\u00f3n 48 del Hong Kong International Film Festival donde consigui\u00f3 una menci\u00f3n especial.<\/p>\n\n\n\n<p><strong>-Carpinteros:<\/strong> (Jos\u00e9 Mar\u00eda Cabral), gan\u00f3 el premio principal del Festival de Cine de Santander, Colombia, en el a\u00f1o 2017.<\/p>\n\n\n\n<p>&#8211;<strong>Sugar Island<\/strong>: (Johann\u00e9 G\u00f3mez Terrero), ha sido galardonada con dos menciones de honor tras su premiere mundial en la secci\u00f3n independiente&nbsp;<em>Giornate Degli Autori (Venice Days)<\/em>&nbsp;del Festival de Cine de Venecia 2024.\u200b Johann\u00e9 G\u00f3mez es una directora centrada en temas sociales cruciales. Su primer documental (Entre Carpas, 2011) no lleg\u00f3 a los cines, a diferencia del documental Caribbean Fantasy (2016) , con el cual logr\u00f3&nbsp;el placet de la cr\u00edtica.&nbsp;<\/p>\n\n\n\n<p>&#8211;<strong>Boca Chica:<\/strong> (Gabriella A. Moses) y con la producci\u00f3n de Sterlyn Ram\u00edrez, gan\u00f3 en el Noveaux Regards Films Festival Guadalupe, el \u201cJury Award for Best Fiction Feature Film\u201d.<\/p>\n\n\n\n<p>&#8211;<strong>Ramona:<\/strong> Documental dirigido por Victoria Linares Villegas ha sido galardonado en el Festival de Cine Latino de Toulouse en que gan\u00f3: Premio Signis al Mejor Largometraje Documental y Premio Documental Encuentros de Toulouse bajo el auspicio de las mediatecas de la regi\u00f3n\u200b.<\/p>\n\n\n\n<p><strong>-Aire:<\/strong> (Leticia Tonos 2024) fen\u00f3meno cinematogr\u00e1fico\u200b de ficci\u00f3n&nbsp;que el gran p\u00fablico&nbsp;nacional no se dio cuenta de lo extremadamente buena que es\u200b, posiblemente por las ausencias de una s\u00f3lida estrategia de mercadeo, defecto que afecta a las pel\u00edculas&nbsp;independientes. Ha sido comprada en 18 pa\u00edses y por seis de las l\u00edneas&nbsp;a\u00e9reas&nbsp;de mayor trascendencia.\u200b Nosotros, que la disfrutamos en la primera funci\u00f3n comercial que tuvo a las 4:30 de la tarde, solo en una sala de <strong>Downtown Center<\/strong>, quedamos impactados por el dise\u00f1o de producci\u00f3n, el gui\u00f3n, las actuaciones, la escenograf\u00eda&nbsp;y el amor puesto en el proyecto. Deber\u00eda reponerse. Deber\u00eda promocionarse, en homenaje al conjunto de artistas que hicieron ese trabajo.<\/p>\n\n\n\n<p>&#8211;<strong>Nieta de mi Abuela<\/strong> (Tatiana Fern\u00e1ndez), <strong>La Hembrita<\/strong> (Laura Amelia Guzm\u00e1n) y <strong>Croma Kid<\/strong> (Pablo Chea), participaron en el Festival Internacional de Cine de Panam\u00e1.\u200b Tatiana Fern\u00e1ndez Geara present\u00f3 cartas credenciales con el documental <strong>Nana<\/strong>, un retrato intimista, social\u00a0y emotivo sobre las trabajadoras\u00a0dom\u00e9sticas contratadas para cuidar ni\u00f1os. Luego dirigi\u00f3 <strong>Vals de Santo Domingo<\/strong>, (2021 un poema visual y rese\u00f1a de resiliencia juvenil vinculada al estudio de ballet por parte de j\u00f3venes varones).\u00a0\u00a0<\/p>\n\n\n\n<p>Jose Rafael Paula Sosa<\/p>\n\n\n\n<p>Jose Rafael Paula Sosa (De tus contactos de Google)<\/p>\n\n\n\n<p><a target=\"_blank\" href=\"mailto:joserafael.sosa@gmail.com\" rel=\"noreferrer noopener\">joserafael.sosa@gmail.com<\/a><\/p>\n\n\n\n<p>\u200b<\/p>\n","protected":false},"excerpt":{"rendered":"<p>El encuentro de la industria del cine evidenci\u00f3 que el sector est\u00e1 en pie en defensa de las amenazas fiscales sobre la Ley Nacional de Cine. \u00bfQu\u00e9 representa esa ley y cu\u00e1l es su resultado en cine e ingresos para el Estado? \u00bfSe debe limitar, mutilar o eliminar por la Reforma Fiscal? La mesa que [&hellip;]<\/p>\n","protected":false},"author":28,"featured_media":557700,"comment_status":"closed","ping_status":"closed","sticky":true,"template":"","format":"standard","meta":{"footnotes":""},"categories":[21,36,25],"tags":[],"class_list":["post-557697","post","type-post","status-publish","format-standard","has-post-thumbnail","hentry","category-cultura","category-hombresmujeresycosas","category-gente"],"_links":{"self":[{"href":"https:\/\/diariodominicano.com\/index.php?rest_route=\/wp\/v2\/posts\/557697","targetHints":{"allow":["GET"]}}],"collection":[{"href":"https:\/\/diariodominicano.com\/index.php?rest_route=\/wp\/v2\/posts"}],"about":[{"href":"https:\/\/diariodominicano.com\/index.php?rest_route=\/wp\/v2\/types\/post"}],"author":[{"embeddable":true,"href":"https:\/\/diariodominicano.com\/index.php?rest_route=\/wp\/v2\/users\/28"}],"replies":[{"embeddable":true,"href":"https:\/\/diariodominicano.com\/index.php?rest_route=%2Fwp%2Fv2%2Fcomments&post=557697"}],"version-history":[{"count":2,"href":"https:\/\/diariodominicano.com\/index.php?rest_route=\/wp\/v2\/posts\/557697\/revisions"}],"predecessor-version":[{"id":557705,"href":"https:\/\/diariodominicano.com\/index.php?rest_route=\/wp\/v2\/posts\/557697\/revisions\/557705"}],"wp:featuredmedia":[{"embeddable":true,"href":"https:\/\/diariodominicano.com\/index.php?rest_route=\/wp\/v2\/media\/557700"}],"wp:attachment":[{"href":"https:\/\/diariodominicano.com\/index.php?rest_route=%2Fwp%2Fv2%2Fmedia&parent=557697"}],"wp:term":[{"taxonomy":"category","embeddable":true,"href":"https:\/\/diariodominicano.com\/index.php?rest_route=%2Fwp%2Fv2%2Fcategories&post=557697"},{"taxonomy":"post_tag","embeddable":true,"href":"https:\/\/diariodominicano.com\/index.php?rest_route=%2Fwp%2Fv2%2Ftags&post=557697"}],"curies":[{"name":"wp","href":"https:\/\/api.w.org\/{rel}","templated":true}]}}