{"id":557691,"date":"2024-09-09T22:36:10","date_gmt":"2024-09-10T02:36:10","guid":{"rendered":"https:\/\/diariodominicano.com\/?p=557691"},"modified":"2024-09-09T22:36:13","modified_gmt":"2024-09-10T02:36:13","slug":"fusion-intima-noches-de-musica-de-alta-calidad-en-casa-de-teatro","status":"publish","type":"post","link":"https:\/\/diariodominicano.com\/?p=557691","title":{"rendered":"Fusi\u00f3n \u00cdntima: Noches de M\u00fasica de Alta Calidad en Casa de Teatro"},"content":{"rendered":"\n<p>Banda Fusi\u00f3n.<\/p>\n\n\n\n<figure class=\"wp-block-image size-large\"><img loading=\"lazy\" decoding=\"async\" width=\"792\" height=\"1024\" src=\"https:\/\/diariodominicano.com\/wp-content\/uploads\/2024\/09\/Foto-1-Samuel-Mejia-Productor-Musical-Ramon-Alnos-Bajista-Nety-Santos-Porduccion-General-y-Miguel-Montas-Baterista-792x1024.jpg\" alt=\"\" class=\"wp-image-557693\" srcset=\"https:\/\/diariodominicano.com\/wp-content\/uploads\/2024\/09\/Foto-1-Samuel-Mejia-Productor-Musical-Ramon-Alnos-Bajista-Nety-Santos-Porduccion-General-y-Miguel-Montas-Baterista-792x1024.jpg 792w, https:\/\/diariodominicano.com\/wp-content\/uploads\/2024\/09\/Foto-1-Samuel-Mejia-Productor-Musical-Ramon-Alnos-Bajista-Nety-Santos-Porduccion-General-y-Miguel-Montas-Baterista-232x300.jpg 232w, https:\/\/diariodominicano.com\/wp-content\/uploads\/2024\/09\/Foto-1-Samuel-Mejia-Productor-Musical-Ramon-Alnos-Bajista-Nety-Santos-Porduccion-General-y-Miguel-Montas-Baterista-768x993.jpg 768w, https:\/\/diariodominicano.com\/wp-content\/uploads\/2024\/09\/Foto-1-Samuel-Mejia-Productor-Musical-Ramon-Alnos-Bajista-Nety-Santos-Porduccion-General-y-Miguel-Montas-Baterista-816x1055.jpg 816w, https:\/\/diariodominicano.com\/wp-content\/uploads\/2024\/09\/Foto-1-Samuel-Mejia-Productor-Musical-Ramon-Alnos-Bajista-Nety-Santos-Porduccion-General-y-Miguel-Montas-Baterista.jpg 1104w\" sizes=\"auto, (max-width: 792px) 100vw, 792px\" \/><\/figure>\n\n\n\n<p> Samuel Mej\u00eda (Productor Musical), Ram\u00f3n Alnos (Bajista), Nety Santos (Producci\u00f3n General) y Miguel Montas (Baterista)<\/p>\n\n\n\n<p><strong>Rafael Reyes Bison\u00f3 <\/strong><\/p>\n\n\n\n<p>Santo Domingo, D.N.-  El pasado jueves 5 de septiembre dio inicio \u00abFusi\u00f3n \u00cdntima\u00bb en Casa de Teatro Zona Colonial, un evento que promete transformar los jueves en noches de magia, bohemia y m\u00fasica de alta calidad. Bajo la producci\u00f3n general de Nety Santos y la direcci\u00f3n musical del Maestro Samuel Mej\u00eda, esta plataforma de conciertos \u00edntimos re\u00fane a talentosos artistas en un ambiente acogedor y exclusivo, brindando a los asistentes una experiencia \u00fanica e inolvidable.<\/p>\n\n\n\n<p>La apertura estuvo a cargo de Badir quien con su carisma y talento conquist\u00f3 al p\u00fablico asistente, marcando el comienzo de lo que ser\u00e1n cuatro noches excepcionales en Casa de Teatro durante todo el &nbsp;mes de Septiembre. Este jueves 12, la m\u00fasica continuar\u00e1 con la presentaci\u00f3n de Cruzmonty, seguido el jueves 19 por la actuaci\u00f3n de Samuel Gonz\u00e1lez, y cerrando la primera temporada el jueves 26 con el inigualable Roberto del Castillo. Fusi\u00f3n \u00cdntima ha sido ideada para quienes buscan disfrutar de noches cercanas, envolventes y llenas de arte. Cada semana, el p\u00fablico tendr\u00e1 la oportunidad de conectar con los artistas de una manera m\u00e1s personal, en un formato que combina calidad musical, interpretaci\u00f3n aut\u00e9ntica y un ambiente \u00fanico en el coraz\u00f3n de la Zona Colonial.<\/p>\n\n\n\n<p>Cada noche ser\u00e1 un espacio que ofrecer\u00e1 a nuestros asistentes Experiencia Exclusiva: Disfrutaran de actuaciones \u00edntimas de artistas locales y nacionales que traen lo mejor de su repertorio en un formato cercano y personal. Ambiente \u00danico: Casa de Teatro, un referente cultural de Santo Domingo, se convierte en el escenario ideal para vivir noches cargadas de emociones, en un espacio que invita a la reflexi\u00f3n, el disfrute y la conexi\u00f3n directa con la m\u00fasica.<\/p>\n\n\n\n<p>\u00abFusi\u00f3n \u00cdntima es m\u00e1s que un concierto; es una oportunidad para desconectarse de la rutina y reconectar con el arte en su forma m\u00e1s pura. Hemos creado un espacio donde el talento local brilla y el p\u00fablico se siente parte de cada actuaci\u00f3n,\u00bb comenta Nety Santos, productora general del evento. No pierdas la oportunidad de ser parte de estas noches inolvidables. Ven y vive \u201cFusi\u00f3n \u00cdntima\u201d todos los jueves de septiembre en Casa de Teatro. Las puertas se abren a partir de las 7:00 p.m., y las entradas est\u00e1n disponibles Tix.do y en las puertas de Casa de Teatro cada noche de evento. Para m\u00e1s informaci\u00f3n, sigue nuestras redes sociales @fusion_intima y mantente al tanto de todo lo que tenemos preparado para ti.<\/p>\n\n\n\n<p><strong>Rafael Reyes Bison\u00f3 .E-mail:\u00a0<a href=\"mailto:rafaelreyesbisono@hotmail.com\" target=\"_blank\" rel=\"noreferrer noopener\">rafaelreyesbisono@hotmail.com<\/a><\/strong><\/p>\n\n\n\n<p><\/p>\n\n\n\n<p>&#8230;<\/p>\n","protected":false},"excerpt":{"rendered":"<p>Banda Fusi\u00f3n. Samuel Mej\u00eda (Productor Musical), Ram\u00f3n Alnos (Bajista), Nety Santos (Producci\u00f3n General) y Miguel Montas (Baterista) Rafael Reyes Bison\u00f3 Santo Domingo, D.N.- El pasado jueves 5 de septiembre dio inicio \u00abFusi\u00f3n \u00cdntima\u00bb en Casa de Teatro Zona Colonial, un evento que promete transformar los jueves en noches de magia, bohemia y m\u00fasica de alta [&hellip;]<\/p>\n","protected":false},"author":28,"featured_media":557692,"comment_status":"closed","ping_status":"closed","sticky":true,"template":"","format":"standard","meta":{"footnotes":""},"categories":[21,25],"tags":[],"class_list":["post-557691","post","type-post","status-publish","format-standard","has-post-thumbnail","hentry","category-cultura","category-gente"],"_links":{"self":[{"href":"https:\/\/diariodominicano.com\/index.php?rest_route=\/wp\/v2\/posts\/557691","targetHints":{"allow":["GET"]}}],"collection":[{"href":"https:\/\/diariodominicano.com\/index.php?rest_route=\/wp\/v2\/posts"}],"about":[{"href":"https:\/\/diariodominicano.com\/index.php?rest_route=\/wp\/v2\/types\/post"}],"author":[{"embeddable":true,"href":"https:\/\/diariodominicano.com\/index.php?rest_route=\/wp\/v2\/users\/28"}],"replies":[{"embeddable":true,"href":"https:\/\/diariodominicano.com\/index.php?rest_route=%2Fwp%2Fv2%2Fcomments&post=557691"}],"version-history":[{"count":1,"href":"https:\/\/diariodominicano.com\/index.php?rest_route=\/wp\/v2\/posts\/557691\/revisions"}],"predecessor-version":[{"id":557694,"href":"https:\/\/diariodominicano.com\/index.php?rest_route=\/wp\/v2\/posts\/557691\/revisions\/557694"}],"wp:featuredmedia":[{"embeddable":true,"href":"https:\/\/diariodominicano.com\/index.php?rest_route=\/wp\/v2\/media\/557692"}],"wp:attachment":[{"href":"https:\/\/diariodominicano.com\/index.php?rest_route=%2Fwp%2Fv2%2Fmedia&parent=557691"}],"wp:term":[{"taxonomy":"category","embeddable":true,"href":"https:\/\/diariodominicano.com\/index.php?rest_route=%2Fwp%2Fv2%2Fcategories&post=557691"},{"taxonomy":"post_tag","embeddable":true,"href":"https:\/\/diariodominicano.com\/index.php?rest_route=%2Fwp%2Fv2%2Ftags&post=557691"}],"curies":[{"name":"wp","href":"https:\/\/api.w.org\/{rel}","templated":true}]}}