{"id":557687,"date":"2024-09-09T19:27:21","date_gmt":"2024-09-09T23:27:21","guid":{"rendered":"https:\/\/diariodominicano.com\/?p=557687"},"modified":"2024-09-09T19:27:24","modified_gmt":"2024-09-09T23:27:24","slug":"dr-jottin-cury-asiste-a-la-comision-bilateral-del-congreso-a-plantear-su-posicion-sobre-el-proyecto-de-reforma-constitucional","status":"publish","type":"post","link":"https:\/\/diariodominicano.com\/?p=557687","title":{"rendered":"Dr. Jottin Cury asiste a la Comisi\u00f3n Bilateral del Congreso a plantear su posici\u00f3n sobre el proyecto de reforma constitucional"},"content":{"rendered":"\n<p>En la tarde de hoy el Dr. Jottin Cury, junto con otros destacados juristas, asistieron a una invitaci\u00f3n que le formulara la Comisi\u00f3n Bilateral que estudia el proyecto de reforma constitucional sometido en agosto del presente a\u00f1o por el presidente Abinader.<br>El referido proyecto persigue refrozar la independencia del Ministerio P\u00fablico, la unificaci\u00f3n de las elecciones y reducir la matr\u00edcula de la C\u00e1mara de Diputados.<\/p>\n\n\n\n<p>El Dr. Cury, quien fuera miembro de la primera matr\u00edcula de jueces del Tribunal Constitucional, expres\u00f3 que no se cuentan con los consensos necesarios para abocarse a una iniciativa de reforma en estos momentos. Adem\u00e1s, considera que debe realizarse un referendo aprobatorio en vista de que se estar\u00eda incursionando en un tema que impacta el sufragio, tanto en su vertiente activa como pasiva, puesto que la reelecci\u00f3n presidencial tiene incidencia sobre este derecho fundamental. <\/p>\n\n\n\n<figure class=\"wp-block-image size-large\"><img loading=\"lazy\" decoding=\"async\" width=\"768\" height=\"1024\" src=\"https:\/\/diariodominicano.com\/wp-content\/uploads\/2024\/09\/Dr.-Jottin-Cury-asiste-a-la-Comision-Bilateral-768x1024.jpg\" alt=\"\" class=\"wp-image-557688\" srcset=\"https:\/\/diariodominicano.com\/wp-content\/uploads\/2024\/09\/Dr.-Jottin-Cury-asiste-a-la-Comision-Bilateral-768x1024.jpg 768w, https:\/\/diariodominicano.com\/wp-content\/uploads\/2024\/09\/Dr.-Jottin-Cury-asiste-a-la-Comision-Bilateral-225x300.jpg 225w, https:\/\/diariodominicano.com\/wp-content\/uploads\/2024\/09\/Dr.-Jottin-Cury-asiste-a-la-Comision-Bilateral-816x1088.jpg 816w, https:\/\/diariodominicano.com\/wp-content\/uploads\/2024\/09\/Dr.-Jottin-Cury-asiste-a-la-Comision-Bilateral.jpg 960w\" sizes=\"auto, (max-width: 768px) 100vw, 768px\" \/><\/figure>\n\n\n\n<p>Asimismo, el Dr. Cury apunt\u00f3 que \u201cno cabe la menor duda que cualquier enmienda que se pretenda al contenido del t\u00edtulo XIV, referente a las reformas constitucionales, exige la celebraci\u00f3n de un referendo aprobatorio. En consecuencia, petrificar la modalidad de reelecci\u00f3n presidencial ineludiblemente supone un referendo aprobatorio por dos razones: a) impacta el derecho al sufragio en sus dos dimensiones (activa y pasiva), y b) se estar\u00eda incursionando en un \u00e1mbito de procedimiento que necesariamente arrastra la participaci\u00f3n directa del soberano\u201d.<\/p>\n\n\n\n<p>El abogado expres\u00f3 que \u201clos art\u00edculos 269 y 272 de nuestro Supremo Estatuto Pol\u00edtico deben ser interpretados sistem\u00e1ticamente, por lo que resulta inevitable la celebraci\u00f3n de un referendo aprobatorio. Comprimir por v\u00eda interpretativa el alcance de la reelecci\u00f3n y su incidencia sobre el sufragio, que es derecho y deber entre nosotros, para as\u00ed eludir el referendo, constituye un desprop\u00f3sito que lacera la fr\u00e1gil institucionalidad que nos gastamos\u201d<\/p>\n\n\n\n<p><\/p>\n","protected":false},"excerpt":{"rendered":"<p>En la tarde de hoy el Dr. Jottin Cury, junto con otros destacados juristas, asistieron a una invitaci\u00f3n que le formulara la Comisi\u00f3n Bilateral que estudia el proyecto de reforma constitucional sometido en agosto del presente a\u00f1o por el presidente Abinader.El referido proyecto persigue refrozar la independencia del Ministerio P\u00fablico, la unificaci\u00f3n de las elecciones [&hellip;]<\/p>\n","protected":false},"author":7,"featured_media":557689,"comment_status":"closed","ping_status":"closed","sticky":false,"template":"","format":"standard","meta":{"footnotes":""},"categories":[24],"tags":[],"class_list":["post-557687","post","type-post","status-publish","format-standard","has-post-thumbnail","hentry","category-justicia-y-derecho"],"_links":{"self":[{"href":"https:\/\/diariodominicano.com\/index.php?rest_route=\/wp\/v2\/posts\/557687","targetHints":{"allow":["GET"]}}],"collection":[{"href":"https:\/\/diariodominicano.com\/index.php?rest_route=\/wp\/v2\/posts"}],"about":[{"href":"https:\/\/diariodominicano.com\/index.php?rest_route=\/wp\/v2\/types\/post"}],"author":[{"embeddable":true,"href":"https:\/\/diariodominicano.com\/index.php?rest_route=\/wp\/v2\/users\/7"}],"replies":[{"embeddable":true,"href":"https:\/\/diariodominicano.com\/index.php?rest_route=%2Fwp%2Fv2%2Fcomments&post=557687"}],"version-history":[{"count":1,"href":"https:\/\/diariodominicano.com\/index.php?rest_route=\/wp\/v2\/posts\/557687\/revisions"}],"predecessor-version":[{"id":557690,"href":"https:\/\/diariodominicano.com\/index.php?rest_route=\/wp\/v2\/posts\/557687\/revisions\/557690"}],"wp:featuredmedia":[{"embeddable":true,"href":"https:\/\/diariodominicano.com\/index.php?rest_route=\/wp\/v2\/media\/557689"}],"wp:attachment":[{"href":"https:\/\/diariodominicano.com\/index.php?rest_route=%2Fwp%2Fv2%2Fmedia&parent=557687"}],"wp:term":[{"taxonomy":"category","embeddable":true,"href":"https:\/\/diariodominicano.com\/index.php?rest_route=%2Fwp%2Fv2%2Fcategories&post=557687"},{"taxonomy":"post_tag","embeddable":true,"href":"https:\/\/diariodominicano.com\/index.php?rest_route=%2Fwp%2Fv2%2Ftags&post=557687"}],"curies":[{"name":"wp","href":"https:\/\/api.w.org\/{rel}","templated":true}]}}