{"id":557646,"date":"2024-09-09T11:29:18","date_gmt":"2024-09-09T15:29:18","guid":{"rendered":"https:\/\/diariodominicano.com\/?p=557646"},"modified":"2024-09-09T11:29:24","modified_gmt":"2024-09-09T15:29:24","slug":"fiscalia-logra-condena-de-15-anos-en-contra-de-hombre-que-varios-disparos-le-quito-la-vida-a-otro-en-sdn","status":"publish","type":"post","link":"https:\/\/diariodominicano.com\/?p=557646","title":{"rendered":"Fiscal\u00eda logra condena de 15 a\u00f1os en contra de hombre que varios disparos le quit\u00f3 la vida a otro en SDN"},"content":{"rendered":"\n<p>diariodominicano.com<\/p>\n\n\n\n<p><strong>Santo  Domingo Norte, R. D.,<\/strong>\u2002<strong>9 de septiembre, 2024.\u2013<\/strong>\u00a0 La Fiscal\u00eda de Santo Domingo Este y Norte obtuvo una condena de 15 a\u00f1os de prisi\u00f3n en contra de un hombre que le propin\u00f3 seis disparos a otro, en un hecho ocurrido el pasado a\u00f1o 2023, en el sector Mono Mojado de Villa Mella, en Santo Domingo Norte.<\/p>\n\n\n\n<p>La condena le fue impuesta por los jueces del Segundo Tribunal Colegiado, que preside la jueza Josefina Ubiera Guerrero e integran las magistradas Yury Cuevas de la Cruz y Ariella Cedano N\u00fa\u00f1ez, a Juan Jos\u00e9 Brand Mart\u00ednez, por acciones cometidas en perjuicio del hoy occiso Lenin Estarlin Michel \u00c1lvarez.<\/p>\n\n\n\n<p>Durante el juicio, el Ministerio P\u00fablico, representado por la fiscal litigante Ana Basora, demostr\u00f3 ante el tribunal que el hoy condenado es responsable de violar los art\u00edculos 295 y 304 del C\u00f3digo Penal Dominicano, sobre asesinato; y los art\u00edculos 66 y 67 de la Ley 631-16, sobre el control de armas, municiones y materiales relacionados.<\/p>\n\n\n\n<p>La investigaci\u00f3n realizada por la fiscal investigadora Dahiana Castillo, revela que, el 18 de marzo 2023, en horas de la madrugada, la v\u00edctima compart\u00eda con su novia en una cafeter\u00eda, ubicada en el sector antes mencionado.<\/p>\n\n\n\n<p>Revela, que, alrededor de las 2:00 de la madrugada, Brand Mart\u00ednez se present\u00f3 en el lugar con un arma de fuego en mano y le dispar\u00f3 a la v\u00edctima, quien al ser herido intent\u00f3 huir del agresor, quien logr\u00f3 alcanzarlo y le infligi\u00f3 cinco disparos m\u00e1s en diferentes partes del cuerpo, caus\u00e1ndole la muerte.<\/p>\n\n\n\n<p>Los jueces determinaron que la condena deber\u00e1 ser cumplida en el Centro de Correcci\u00f3n y Rehabilitaci\u00f3n Najayo Hombres.<\/p>\n\n\n\n<p><strong>Direcci\u00f3n General de Comunicaci\u00f3n, Prensa, y RRPP<\/strong><strong><\/strong><\/p>\n\n\n\n<p>Ministerio P\u00fablico.&nbsp;R.D.<\/p>\n\n\n\n<p>Lunes, 9 de septiembre de 2024<\/p>\n","protected":false},"excerpt":{"rendered":"<p>diariodominicano.com Santo Domingo Norte, R. D.,\u20029 de septiembre, 2024.\u2013\u00a0 La Fiscal\u00eda de Santo Domingo Este y Norte obtuvo una condena de 15 a\u00f1os de prisi\u00f3n en contra de un hombre que le propin\u00f3 seis disparos a otro, en un hecho ocurrido el pasado a\u00f1o 2023, en el sector Mono Mojado de Villa Mella, en Santo [&hellip;]<\/p>\n","protected":false},"author":5,"featured_media":493761,"comment_status":"closed","ping_status":"closed","sticky":true,"template":"","format":"standard","meta":{"footnotes":""},"categories":[24,27],"tags":[],"class_list":["post-557646","post","type-post","status-publish","format-standard","has-post-thumbnail","hentry","category-justicia-y-derecho","category-portada"],"_links":{"self":[{"href":"https:\/\/diariodominicano.com\/index.php?rest_route=\/wp\/v2\/posts\/557646","targetHints":{"allow":["GET"]}}],"collection":[{"href":"https:\/\/diariodominicano.com\/index.php?rest_route=\/wp\/v2\/posts"}],"about":[{"href":"https:\/\/diariodominicano.com\/index.php?rest_route=\/wp\/v2\/types\/post"}],"author":[{"embeddable":true,"href":"https:\/\/diariodominicano.com\/index.php?rest_route=\/wp\/v2\/users\/5"}],"replies":[{"embeddable":true,"href":"https:\/\/diariodominicano.com\/index.php?rest_route=%2Fwp%2Fv2%2Fcomments&post=557646"}],"version-history":[{"count":1,"href":"https:\/\/diariodominicano.com\/index.php?rest_route=\/wp\/v2\/posts\/557646\/revisions"}],"predecessor-version":[{"id":557647,"href":"https:\/\/diariodominicano.com\/index.php?rest_route=\/wp\/v2\/posts\/557646\/revisions\/557647"}],"wp:featuredmedia":[{"embeddable":true,"href":"https:\/\/diariodominicano.com\/index.php?rest_route=\/wp\/v2\/media\/493761"}],"wp:attachment":[{"href":"https:\/\/diariodominicano.com\/index.php?rest_route=%2Fwp%2Fv2%2Fmedia&parent=557646"}],"wp:term":[{"taxonomy":"category","embeddable":true,"href":"https:\/\/diariodominicano.com\/index.php?rest_route=%2Fwp%2Fv2%2Fcategories&post=557646"},{"taxonomy":"post_tag","embeddable":true,"href":"https:\/\/diariodominicano.com\/index.php?rest_route=%2Fwp%2Fv2%2Ftags&post=557646"}],"curies":[{"name":"wp","href":"https:\/\/api.w.org\/{rel}","templated":true}]}}