{"id":557568,"date":"2024-09-09T08:11:58","date_gmt":"2024-09-09T12:11:58","guid":{"rendered":"https:\/\/diariodominicano.com\/?p=557568"},"modified":"2024-09-09T08:12:06","modified_gmt":"2024-09-09T12:12:06","slug":"muere-director-general-de-la-policia-de-el-salvador-y-otros-tripulantes-tras-caida-de-helicoptero","status":"publish","type":"post","link":"https:\/\/diariodominicano.com\/?p=557568","title":{"rendered":"Muere director general de la Polic\u00eda de El Salvador y otros tripulantes tras ca\u00edda de helic\u00f3ptero"},"content":{"rendered":"\n<p>septiembre 09, 2024<\/p>\n\n\n\n<ul class=\"wp-block-list\">\n<li><a href=\"https:\/\/www.vozdeamerica.com\/author\/karla-arevalo\/qbuyv\">Karla Ar\u00e9valo<\/a><\/li>\n<\/ul>\n\n\n\n<p><a href=\"https:\/\/www.vozdeamerica.com\/a\/muere-director-general-policia-el-salvador-otros-tripulantes-tras-caida-helicoptero-\/7776653.html#comments\">&nbsp;Vea comentarios<\/a><\/p>\n\n\n\n<p>Las autoridades salvadore\u00f1as confirmaron la muerte del director general de la Polic\u00eda Nacional Civil de El Salvador, adem\u00e1s de otros tripulantes entre los que se encontraba Manuel Coto, exgerente general de una cooperativa investigada por un millonario desfalco.<\/p>\n\n\n\n<p>SAN SALVADOR \u2014&nbsp;<\/p>\n\n\n\n<p>La Fuerza Armada de El Salvador report\u00f3 la noche del 8 de septiembre la ca\u00edda de un helic\u00f3ptero que trasladaba al director general de la Polic\u00eda Nacional Civil (PNC), Mauricio Arriaza Chicas, al exgerente de una cooperativa investigada por un millonario desfalco, Manuel Coto, y a otros oficiales del Ej\u00e9rcito.<\/p>\n\n\n\n<p>Aunque se desconoce el n\u00famero de tripulantes que se trasladaba en el helic\u00f3ptero de la Fuerza Armada de El Salvador, las autoridades confirmaron que no hubo sobrevivientes.<\/p>\n\n\n\n<p>Arriaza Chicas, Coto y el resto de pasajeros regresaban de la frontera con Honduras luego de que las autoridades de ese pa\u00eds entregaran al exgerente de la Cooperativa Santa Victoria (COSAVI de R.L.), Coto, acusado de los delitos de defraudaci\u00f3n a la econom\u00eda y lavado de activos.<\/p>\n\n\n\n<p>Seg\u00fan las autoridades hondure\u00f1as, Coto \u00abse conduc\u00eda con un tratante de personas hacia Estados Unidos\u00bb cuando fue capturado.<\/p>\n\n\n\n<p>El presidente salvadore\u00f1o, Nayib Bukele, dijo que solicitar\u00e1 apoyo internacional para investigar el accidente a\u00e9reo.<\/p>\n\n\n\n<p><\/p>\n\n\n\n<p>\u201cLo ocurrido no puede quedar como un simple \u2018accidente&#8217;, debe ser investigado a fondo y hasta las \u00faltimas consecuencias. Solicitaremos ayuda internacional\u201d, se\u00f1al\u00f3 el mandatario en su cuenta de X.<\/p>\n\n\n\n<p>\u201cEl Director Arriaza Chicas fue una pieza fundamental para traer paz y seguridad a nuestro pueblo. No fue cualquier director de los que ha tenido la Polic\u00eda; fue el Director de la Polic\u00eda del Plan Control Territorial, del R\u00e9gimen de Excepci\u00f3n, y de la Guerra Contra las Pandillas\u201d,&nbsp;<em><strong><a href=\"https:\/\/x.com\/nayibbukele\/status\/1833033998248943641\" target=\"_blank\" rel=\"noreferrer noopener\">agreg\u00f3 el mandatario.<\/a><\/strong><\/em><\/p>\n\n\n\n<p>Chicas<em><strong>&nbsp;<\/strong><\/em>era uno de los funcionarios que trasladaba al ejecutivo hasta San Salvador, donde enfrentaba cargos por el desfalco de 35 millones de d\u00f3lares.<\/p>\n\n\n\n<p>No obstante, esta no era la primera vez que el exgerente general de la cooperativa COSAVI era capturado.<\/p>\n\n\n\n<p>A finales de julio, el fiscal general de El Salvador, Rodolfo Delgado, inform\u00f3 que Coto hab\u00eda sido detenido en Panam\u00e1, y que El Salvador se encontraba haciendo gestiones para su retorno.<\/p>\n\n\n\n<p><a href=\"https:\/\/www.vozdeamerica.com\/a\/un-desfalco-financiero-en-el-salvador-deja-en-un-limbo-los-ahorros-de-miles-de-personas\/7657112.html\"><\/a><\/p>\n\n\n\n<p><a href=\"https:\/\/www.vozdeamerica.com\/a\/un-desfalco-financiero-en-el-salvador-deja-en-un-limbo-los-ahorros-de-miles-de-personas\/7657112.html\">TAMBI\u00c9N LEA<\/a><\/p>\n\n\n\n<h4 class=\"wp-block-heading\"><a href=\"https:\/\/www.vozdeamerica.com\/a\/un-desfalco-financiero-en-el-salvador-deja-en-un-limbo-los-ahorros-de-miles-de-personas\/7657112.html\">Un desfalco financiero en El Salvador deja en un limbo los ahorros de miles de personas<\/a><\/h4>\n\n\n\n<p>Sin embargo, ni Panam\u00e1 ni Honduras ni El Salvador han dado detalles del porqu\u00e9 si Coto ya hab\u00eda sido detenido en julio se encontraba huyendo de la justicia en territorio hondure\u00f1o actualmente.<\/p>\n\n\n\n<p>Las autoridades salvadore\u00f1as informaron a inicios de mayo sobre la investigaci\u00f3n contra varios directivos de COSAVI luego de detectar que \u00abaltos ejecutivos de esta entidad desviaron aproximadamente 35 millones de d\u00f3lares, que fueron sustra\u00eddos peri\u00f3dicamente y de manera ilegal del patrimonio de la cooperativa para beneficio propio\u00bb.<\/p>\n","protected":false},"excerpt":{"rendered":"<p>septiembre 09, 2024 &nbsp;Vea comentarios Las autoridades salvadore\u00f1as confirmaron la muerte del director general de la Polic\u00eda Nacional Civil de El Salvador, adem\u00e1s de otros tripulantes entre los que se encontraba Manuel Coto, exgerente general de una cooperativa investigada por un millonario desfalco. SAN SALVADOR \u2014&nbsp; La Fuerza Armada de El Salvador report\u00f3 la noche [&hellip;]<\/p>\n","protected":false},"author":28,"featured_media":557569,"comment_status":"closed","ping_status":"closed","sticky":true,"template":"","format":"standard","meta":{"footnotes":""},"categories":[26,23,29,27],"tags":[],"class_list":["post-557568","post","type-post","status-publish","format-standard","has-post-thumbnail","hentry","category-efemerides","category-internacional","category-policiasucesos","category-portada"],"_links":{"self":[{"href":"https:\/\/diariodominicano.com\/index.php?rest_route=\/wp\/v2\/posts\/557568","targetHints":{"allow":["GET"]}}],"collection":[{"href":"https:\/\/diariodominicano.com\/index.php?rest_route=\/wp\/v2\/posts"}],"about":[{"href":"https:\/\/diariodominicano.com\/index.php?rest_route=\/wp\/v2\/types\/post"}],"author":[{"embeddable":true,"href":"https:\/\/diariodominicano.com\/index.php?rest_route=\/wp\/v2\/users\/28"}],"replies":[{"embeddable":true,"href":"https:\/\/diariodominicano.com\/index.php?rest_route=%2Fwp%2Fv2%2Fcomments&post=557568"}],"version-history":[{"count":1,"href":"https:\/\/diariodominicano.com\/index.php?rest_route=\/wp\/v2\/posts\/557568\/revisions"}],"predecessor-version":[{"id":557570,"href":"https:\/\/diariodominicano.com\/index.php?rest_route=\/wp\/v2\/posts\/557568\/revisions\/557570"}],"wp:featuredmedia":[{"embeddable":true,"href":"https:\/\/diariodominicano.com\/index.php?rest_route=\/wp\/v2\/media\/557569"}],"wp:attachment":[{"href":"https:\/\/diariodominicano.com\/index.php?rest_route=%2Fwp%2Fv2%2Fmedia&parent=557568"}],"wp:term":[{"taxonomy":"category","embeddable":true,"href":"https:\/\/diariodominicano.com\/index.php?rest_route=%2Fwp%2Fv2%2Fcategories&post=557568"},{"taxonomy":"post_tag","embeddable":true,"href":"https:\/\/diariodominicano.com\/index.php?rest_route=%2Fwp%2Fv2%2Ftags&post=557568"}],"curies":[{"name":"wp","href":"https:\/\/api.w.org\/{rel}","templated":true}]}}