{"id":557472,"date":"2024-09-08T21:45:37","date_gmt":"2024-09-09T01:45:37","guid":{"rendered":"https:\/\/diariodominicano.com\/?p=557472"},"modified":"2024-09-08T21:45:43","modified_gmt":"2024-09-09T01:45:43","slug":"todo-listo-en-cuba-para-iniciar-campana-tabacalera","status":"publish","type":"post","link":"https:\/\/diariodominicano.com\/?p=557472","title":{"rendered":"Todo listo en Cuba para iniciar campa\u00f1a tabacalera"},"content":{"rendered":"\n<p>Pinar del R\u00edo, Cuba, 8 sep (Prensa Latina) Cuba est\u00e1 lista para iniciar la campa\u00f1a tabacalera 2024-2025, confirm\u00f3 hoy en esta occidental provincia el presidente del Grupo empresarial Tabacuba, Marino Murillo, tras recorrer \u00e1reas agr\u00edcolas de la mayor productora del pa\u00eds.<\/p>\n\n\n\n<ul class=\"wp-block-list\">\n<li><a href=\"https:\/\/www.prensa-latina.cu\/2024\/09\/08\/\"><time>septiembre 8, 2024 | 19:49<\/time><\/a><\/li>\n<\/ul>\n\n\n\n<ul class=\"wp-block-list\">\n<li><a href=\"https:\/\/www.prensa-latina.cu\/2024\/09\/08\/todo-listo-en-cuba-para-iniciar-campana-tabacalera\/#\"><\/a><\/li>\n\n\n\n<li><a href=\"https:\/\/www.prensa-latina.cu\/2024\/09\/08\/todo-listo-en-cuba-para-iniciar-campana-tabacalera\/#\"><\/a><\/li>\n\n\n\n<li><a href=\"https:\/\/www.prensa-latina.cu\/2024\/09\/08\/todo-listo-en-cuba-para-iniciar-campana-tabacalera\/#\"><\/a><\/li>\n\n\n\n<li><a href=\"https:\/\/www.prensa-latina.cu\/2024\/09\/08\/todo-listo-en-cuba-para-iniciar-campana-tabacalera\/#\"><\/a><\/li>\n<\/ul>\n\n\n\n<p>El programa de siembras, que se iniciar\u00e1 a finales de octubre, comprende 20 mil hect\u00e1reas para responder a la demanda de las industrias cigarrera y del torcido con 25 mil 500 toneladas de materia prima, especific\u00f3.<\/p>\n\n\n\n<p>De ese total, unas 12 mil corresponden a la occidental provincia de Pinar del R\u00edo donde comenz\u00f3 oficialmente la riega de semilleros para dar garant\u00eda a las plantaciones que ocupar\u00e1n en noviembre el mayor n\u00famero de \u00e1reas.<\/p>\n\n\n\n<p>El esquema en divisas aprobado por el gobierno cubano ha permitido a ese grupo empresarial disponer de los recursos necesarios para la producci\u00f3n. Est\u00e1n asegurados el combustible y dem\u00e1s insumos que demandan las acciones agr\u00edcolas y su arribo responde al cronograma previsto, apunt\u00f3 Murillo.<\/p>\n\n\n\n<p>Tenemos el compromiso de aportar a la liquidez central del pa\u00eds con las exportaciones de tabaco y ello se cumple, pero estamos convocados a laborar con m\u00e1s eficiencia que es sin\u00f3nimo de mejorar los rendimientos agr\u00edcolas, la organizaci\u00f3n y disciplina en el uso correcto de la divisa que disponemos para materializar las importaciones, aclar\u00f3.<\/p>\n\n\n\n<p>arc\/alo<\/p>\n","protected":false},"excerpt":{"rendered":"<p>Pinar del R\u00edo, Cuba, 8 sep (Prensa Latina) Cuba est\u00e1 lista para iniciar la campa\u00f1a tabacalera 2024-2025, confirm\u00f3 hoy en esta occidental provincia el presidente del Grupo empresarial Tabacuba, Marino Murillo, tras recorrer \u00e1reas agr\u00edcolas de la mayor productora del pa\u00eds. El programa de siembras, que se iniciar\u00e1 a finales de octubre, comprende 20 mil [&hellip;]<\/p>\n","protected":false},"author":28,"featured_media":557473,"comment_status":"closed","ping_status":"closed","sticky":true,"template":"","format":"standard","meta":{"footnotes":""},"categories":[18,23],"tags":[],"class_list":["post-557472","post","type-post","status-publish","format-standard","has-post-thumbnail","hentry","category-economia","category-internacional"],"_links":{"self":[{"href":"https:\/\/diariodominicano.com\/index.php?rest_route=\/wp\/v2\/posts\/557472","targetHints":{"allow":["GET"]}}],"collection":[{"href":"https:\/\/diariodominicano.com\/index.php?rest_route=\/wp\/v2\/posts"}],"about":[{"href":"https:\/\/diariodominicano.com\/index.php?rest_route=\/wp\/v2\/types\/post"}],"author":[{"embeddable":true,"href":"https:\/\/diariodominicano.com\/index.php?rest_route=\/wp\/v2\/users\/28"}],"replies":[{"embeddable":true,"href":"https:\/\/diariodominicano.com\/index.php?rest_route=%2Fwp%2Fv2%2Fcomments&post=557472"}],"version-history":[{"count":1,"href":"https:\/\/diariodominicano.com\/index.php?rest_route=\/wp\/v2\/posts\/557472\/revisions"}],"predecessor-version":[{"id":557474,"href":"https:\/\/diariodominicano.com\/index.php?rest_route=\/wp\/v2\/posts\/557472\/revisions\/557474"}],"wp:featuredmedia":[{"embeddable":true,"href":"https:\/\/diariodominicano.com\/index.php?rest_route=\/wp\/v2\/media\/557473"}],"wp:attachment":[{"href":"https:\/\/diariodominicano.com\/index.php?rest_route=%2Fwp%2Fv2%2Fmedia&parent=557472"}],"wp:term":[{"taxonomy":"category","embeddable":true,"href":"https:\/\/diariodominicano.com\/index.php?rest_route=%2Fwp%2Fv2%2Fcategories&post=557472"},{"taxonomy":"post_tag","embeddable":true,"href":"https:\/\/diariodominicano.com\/index.php?rest_route=%2Fwp%2Fv2%2Ftags&post=557472"}],"curies":[{"name":"wp","href":"https:\/\/api.w.org\/{rel}","templated":true}]}}