{"id":557465,"date":"2024-09-08T21:38:15","date_gmt":"2024-09-09T01:38:15","guid":{"rendered":"https:\/\/diariodominicano.com\/?p=557465"},"modified":"2024-09-08T21:38:17","modified_gmt":"2024-09-09T01:38:17","slug":"presentan-en-chile-libro-sobre-dispositivo-de-defensa-de-allende","status":"publish","type":"post","link":"https:\/\/diariodominicano.com\/?p=557465","title":{"rendered":"Presentan en Chile libro sobre dispositivo de defensa de Allende"},"content":{"rendered":"\n<p>Santiago de Chile, 8 sep (Prensa Latina) El volumen Compa\u00f1eros: el GAP, La Escolta del Salvador Allende, fue presentado hoy en la Feria del Libro de la comuna chilena de Recoleta como un homenaje a quienes defendieron al gobierno de la Unidad Popular.<\/p>\n\n\n\n<ul class=\"wp-block-list\">\n<li><a href=\"https:\/\/www.prensa-latina.cu\/2024\/09\/08\/\"><time>septiembre 8, 2024 | 21:32<\/time><\/a><\/li>\n<\/ul>\n\n\n\n<ul class=\"wp-block-list\">\n<li><a href=\"https:\/\/www.prensa-latina.cu\/2024\/09\/08\/presentan-en-chile-libro-sobre-dispositivo-de-defensa-de-allende\/#\"><\/a><\/li>\n\n\n\n<li><a href=\"https:\/\/www.prensa-latina.cu\/2024\/09\/08\/presentan-en-chile-libro-sobre-dispositivo-de-defensa-de-allende\/#\"><\/a><\/li>\n\n\n\n<li><a href=\"https:\/\/www.prensa-latina.cu\/2024\/09\/08\/presentan-en-chile-libro-sobre-dispositivo-de-defensa-de-allende\/#\"><\/a><\/li>\n\n\n\n<li><a href=\"https:\/\/www.prensa-latina.cu\/2024\/09\/08\/presentan-en-chile-libro-sobre-dispositivo-de-defensa-de-allende\/#\"><\/a><\/li>\n<\/ul>\n\n\n\n<p>El texto, escrito por Patricio Quiroga, abarca un amplio per\u00edodo de la historia contempor\u00e1nea y narra acontecimientos poco conocidos sobre las luchas revolucionarias y democr\u00e1ticas previas al triunfo en las urnas del presidente Allende.<\/p>\n\n\n\n<p>As\u00ed lo expres\u00f3 en el acto el periodista y directivo de la Universidad Tecnol\u00f3gica Metropolitana, V\u00edctor Osorio, quien se refiri\u00f3 a episodios ocurridos durante los a\u00f1os 60 de la centuria pasada.<\/p>\n\n\n\n<p>En esos hechos, dijo, participaron miembros del Partido Socialista y del Movimiento de Izquierda Revolucionaria, quienes luego formaron parte del dispositivo de seguridad de Allende, m\u00e1s conocido como Grupo de Amigos del Presidente (GAP).<\/p>\n\n\n\n<p>Este libro es un acto de justicia y de reparaci\u00f3n hacia los hombres y mujeres que defendieron al presidente Allende hasta el final, precis\u00f3.<\/p>\n\n\n\n<p>Por su parte, Quiroga record\u00f3 que todo libro tiene su historia, y la de \u00e9ste comenz\u00f3 en los a\u00f1os finales de la d\u00e9cada del 80 durante las movilizaciones nacionales de protesta contra el r\u00e9gimen de Augusto Pinochet (1973-1990).<\/p>\n\n\n\n<p>En el curso de esas manifestaciones muchos antiguos miembros del GAP se reencontraron, algunos luego de a\u00f1os de silencio, otros clandestinos o ilegales, pero todos con un prop\u00f3sito com\u00fan: dejar establecido un relato de lo acontecido.<\/p>\n\n\n\n<p>Inmersos en una etapa de superar los dolores de cada uno, poco a poco se pas\u00f3 a la fase de estructurar un texto, el cual qued\u00f3 listo a principios de los 90 y encontr\u00f3 un nuevo obst\u00e1culo porque nadie quer\u00eda publicarlo, era un libro peligroso, se\u00f1al\u00f3.<\/p>\n\n\n\n<p>Finalmente se logr\u00f3 su impresi\u00f3n y ahora, un cuarto de siglo despu\u00e9s, se presenta una versi\u00f3n corregida y aumentada.<\/p>\n\n\n\n<p>En la introducci\u00f3n del texto, Quiroga afirma que \u201clos derrotados tambi\u00e9n tienen historia. Est\u00e1 en los intersticios de la sociedad, en el silencio de los sobrevivientes, en los archivos del terror, en las bisagras del dolor y en la memoria popular\u201d.<\/p>\n\n\n\n<p>El GAP cumpli\u00f3 hasta el \u00faltimo momento con la misi\u00f3n de defender la vida del mandatario y muchos de sus miembros fueron asesinados durante y despu\u00e9s del cuartelazo del 11 de septiembre de 1973.<\/p>\n\n\n\n<p>arc\/car\/eam<\/p>\n","protected":false},"excerpt":{"rendered":"<p>Santiago de Chile, 8 sep (Prensa Latina) El volumen Compa\u00f1eros: el GAP, La Escolta del Salvador Allende, fue presentado hoy en la Feria del Libro de la comuna chilena de Recoleta como un homenaje a quienes defendieron al gobierno de la Unidad Popular. El texto, escrito por Patricio Quiroga, abarca un amplio per\u00edodo de la [&hellip;]<\/p>\n","protected":false},"author":28,"featured_media":0,"comment_status":"closed","ping_status":"closed","sticky":true,"template":"","format":"standard","meta":{"footnotes":""},"categories":[21,26],"tags":[],"class_list":["post-557465","post","type-post","status-publish","format-standard","hentry","category-cultura","category-efemerides"],"_links":{"self":[{"href":"https:\/\/diariodominicano.com\/index.php?rest_route=\/wp\/v2\/posts\/557465","targetHints":{"allow":["GET"]}}],"collection":[{"href":"https:\/\/diariodominicano.com\/index.php?rest_route=\/wp\/v2\/posts"}],"about":[{"href":"https:\/\/diariodominicano.com\/index.php?rest_route=\/wp\/v2\/types\/post"}],"author":[{"embeddable":true,"href":"https:\/\/diariodominicano.com\/index.php?rest_route=\/wp\/v2\/users\/28"}],"replies":[{"embeddable":true,"href":"https:\/\/diariodominicano.com\/index.php?rest_route=%2Fwp%2Fv2%2Fcomments&post=557465"}],"version-history":[{"count":1,"href":"https:\/\/diariodominicano.com\/index.php?rest_route=\/wp\/v2\/posts\/557465\/revisions"}],"predecessor-version":[{"id":557466,"href":"https:\/\/diariodominicano.com\/index.php?rest_route=\/wp\/v2\/posts\/557465\/revisions\/557466"}],"wp:attachment":[{"href":"https:\/\/diariodominicano.com\/index.php?rest_route=%2Fwp%2Fv2%2Fmedia&parent=557465"}],"wp:term":[{"taxonomy":"category","embeddable":true,"href":"https:\/\/diariodominicano.com\/index.php?rest_route=%2Fwp%2Fv2%2Fcategories&post=557465"},{"taxonomy":"post_tag","embeddable":true,"href":"https:\/\/diariodominicano.com\/index.php?rest_route=%2Fwp%2Fv2%2Ftags&post=557465"}],"curies":[{"name":"wp","href":"https:\/\/api.w.org\/{rel}","templated":true}]}}