{"id":557223,"date":"2024-09-07T13:05:40","date_gmt":"2024-09-07T17:05:40","guid":{"rendered":"https:\/\/diariodominicano.com\/?p=557223"},"modified":"2024-09-07T13:05:43","modified_gmt":"2024-09-07T17:05:43","slug":"consternacion-provincial-por-muerte-deportista-ruddy-lopez-guillen","status":"publish","type":"post","link":"https:\/\/diariodominicano.com\/?p=557223","title":{"rendered":"Consternaci\u00f3n Provincial por muerte deportista Ruddy L\u00f3pez Guillen"},"content":{"rendered":"\n<p>Rudy L\u00f3pez Guill\u00e9n<\/p>\n\n\n\n<p><br>Gran consternaci\u00f3n ha causado la inesperada muerte del destacado dirigente deportivo Rudy Gilberto L\u00f3pez Guillen en el municipio de Pimentel acaecida en la madrugada de ayer \u00a0luego de sufrir un fulminante infarto.<br>La comunidad deportiva de Pimentel lament\u00f3 la irreparable p\u00e9rdida de uno de los dirigentes m\u00e1s consagrados \u00a0y uno de los narradores deportivos de las \u00faltimas d\u00e9cadas que cont\u00f3 el municipio de Barbero Pimentel.<br>Numerosos dirigentes deportivos externaron su dolor por el lamentable deceso entre ellos el destacado jugador de baloncesto Andy Aquino al igual que la gloria deportiva del b\u00e9isbol pimentelense Manolin Croussett.<br>Nuestra comunidad est\u00e1 muy devastada, estamos muy triste por esta lamentable muerte Rudy fue un icono del deporte pimentelense que se nos fue a destiempo, nos unimos al dolor que embarga el deporte provincial\u201d destac\u00f3 Andy Aquino la ex estrella del basket provincial de los a\u00f1os 90<br>As\u00ed mismo el presidente de la Asociaci\u00f3n de \u00a0Cronistas deportivos de la provincia Duarte \u00a0y ex presidente de la Asociaci\u00f3n de B\u00e9isbol de la provincia Duarte ingeniero Tabare Pe\u00f1a Reyes lament\u00f3 el deceso de connotado dirigente deportivo.<br>\u201cHemos perdido un gran ser humano, un deportista a carta cabal y un amigo que libramos muchas batallas en beneficio del b\u00e9isbol \u00a0y el deporte provincial \u201ca\u00f1adi\u00f3 Pe\u00f1a Reyes.<br>El cuerpo sin vida del ilustre deportista fue velado en la funeraria municipal y fue sepultado en horas de la tarde en el cementerio municipal \u00a0donde fue despedido por cientos de deportistas y mun\u00edcipes de Pimentel quienes le dieron el \u00faltimo adi\u00f3s al siempre recordado Rudy L\u00f3pez.<br>A L\u00f3pez Guill\u00e9n Les sobrevive su esposa la prestigiosa educadora \u00a0Lucila Paredes y sus hijos Ruddy. Gilbert y Luci Paredes.<\/p>\n\n\n\n<p>Tony Reyes<\/p>\n\n\n\n<p>Tony Reyes (De tus contactos de Google)<\/p>\n\n\n\n<p><a target=\"_blank\" href=\"mailto:tonyreyes1966@gmail.com\" rel=\"noreferrer noopener\">tonyreyes1966@gmail.com<\/a><\/p>\n\n\n\n<p><br><\/p>\n","protected":false},"excerpt":{"rendered":"<p>Rudy L\u00f3pez Guill\u00e9n Gran consternaci\u00f3n ha causado la inesperada muerte del destacado dirigente deportivo Rudy Gilberto L\u00f3pez Guillen en el municipio de Pimentel acaecida en la madrugada de ayer \u00a0luego de sufrir un fulminante infarto.La comunidad deportiva de Pimentel lament\u00f3 la irreparable p\u00e9rdida de uno de los dirigentes m\u00e1s consagrados \u00a0y uno de los narradores [&hellip;]<\/p>\n","protected":false},"author":28,"featured_media":557224,"comment_status":"closed","ping_status":"closed","sticky":false,"template":"","format":"standard","meta":{"footnotes":""},"categories":[17,25],"tags":[],"class_list":["post-557223","post","type-post","status-publish","format-standard","has-post-thumbnail","hentry","category-deportes","category-gente"],"_links":{"self":[{"href":"https:\/\/diariodominicano.com\/index.php?rest_route=\/wp\/v2\/posts\/557223","targetHints":{"allow":["GET"]}}],"collection":[{"href":"https:\/\/diariodominicano.com\/index.php?rest_route=\/wp\/v2\/posts"}],"about":[{"href":"https:\/\/diariodominicano.com\/index.php?rest_route=\/wp\/v2\/types\/post"}],"author":[{"embeddable":true,"href":"https:\/\/diariodominicano.com\/index.php?rest_route=\/wp\/v2\/users\/28"}],"replies":[{"embeddable":true,"href":"https:\/\/diariodominicano.com\/index.php?rest_route=%2Fwp%2Fv2%2Fcomments&post=557223"}],"version-history":[{"count":1,"href":"https:\/\/diariodominicano.com\/index.php?rest_route=\/wp\/v2\/posts\/557223\/revisions"}],"predecessor-version":[{"id":557225,"href":"https:\/\/diariodominicano.com\/index.php?rest_route=\/wp\/v2\/posts\/557223\/revisions\/557225"}],"wp:featuredmedia":[{"embeddable":true,"href":"https:\/\/diariodominicano.com\/index.php?rest_route=\/wp\/v2\/media\/557224"}],"wp:attachment":[{"href":"https:\/\/diariodominicano.com\/index.php?rest_route=%2Fwp%2Fv2%2Fmedia&parent=557223"}],"wp:term":[{"taxonomy":"category","embeddable":true,"href":"https:\/\/diariodominicano.com\/index.php?rest_route=%2Fwp%2Fv2%2Fcategories&post=557223"},{"taxonomy":"post_tag","embeddable":true,"href":"https:\/\/diariodominicano.com\/index.php?rest_route=%2Fwp%2Fv2%2Ftags&post=557223"}],"curies":[{"name":"wp","href":"https:\/\/api.w.org\/{rel}","templated":true}]}}