{"id":557219,"date":"2024-09-07T12:59:34","date_gmt":"2024-09-07T16:59:34","guid":{"rendered":"https:\/\/diariodominicano.com\/?p=557219"},"modified":"2024-09-07T12:59:44","modified_gmt":"2024-09-07T16:59:44","slug":"panama-retorna-a-colombia-a-otro-grupo-de-migrantes-irregulares","status":"publish","type":"post","link":"https:\/\/diariodominicano.com\/?p=557219","title":{"rendered":"Panam\u00e1 retorna a Colombia a otro grupo de migrantes irregulares"},"content":{"rendered":"\n<p>Ciudad de Panam\u00e1, 7 sep (Prensa Latina) El Servicio Nacional de Migraci\u00f3n (SNM) de Panam\u00e1 retorn\u00f3 hoy a Colombia a un nuevo grupo de 29 migrantes irregulares, de ellos siete expulsados por nexos con delitos como robo, narcotr\u00e1fico y terrorismo.<\/p>\n\n\n\n<ul class=\"wp-block-list\">\n<li><a href=\"https:\/\/www.prensa-latina.cu\/2024\/09\/07\/\"><time>septiembre 7, 2024 | 12:51<\/time><\/a><\/li>\n<\/ul>\n\n\n\n<ul class=\"wp-block-list\">\n<li><a href=\"https:\/\/www.prensa-latina.cu\/2024\/09\/07\/panama-retorna-a-colombia-a-otro-grupo-de-migrantes-irregulares\/#\"><\/a><\/li>\n\n\n\n<li><a href=\"https:\/\/www.prensa-latina.cu\/2024\/09\/07\/panama-retorna-a-colombia-a-otro-grupo-de-migrantes-irregulares\/#\"><\/a><\/li>\n\n\n\n<li><a href=\"https:\/\/www.prensa-latina.cu\/2024\/09\/07\/panama-retorna-a-colombia-a-otro-grupo-de-migrantes-irregulares\/#\"><\/a><\/li>\n\n\n\n<li><a href=\"https:\/\/www.prensa-latina.cu\/2024\/09\/07\/panama-retorna-a-colombia-a-otro-grupo-de-migrantes-irregulares\/#\"><\/a><\/li>\n<\/ul>\n\n\n\n<p>La operaci\u00f3n a\u00e9rea hacia Bogot\u00e1 de esta tercera devoluci\u00f3n de indocumentados de nacionalidad colombiana se realiz\u00f3 en cumplimento del memorando de entendimiento suscrito por el Gobierno istme\u00f1o y Estados Unidos, el pasado 1 de julio.<\/p>\n\n\n\n<p>La v\u00edspera, el SNM regres\u00f3 a 130 viajeros ilegales de India, en el cuarto vuelo ch\u00e1rter en dos semanas.<\/p>\n\n\n\n<p>Entre los migrantes deportados a Nueva Delhi, hab\u00eda cinco mujeres y todos fueron conducidos desde los autobuses y camionetas con las manos atadas hasta las escalinatas de un Boeing 767 en el aeropuerto Panam\u00e1 Pac\u00edfico, en las afueras de esta capital.<\/p>\n\n\n\n<p>Los caminantes son interceptados y se le toman datos biom\u00e9tricos, luego de transitar la selva de Dari\u00e9n, en la frontera con Colombia, con rumbo a Estados Unidos.<\/p>\n\n\n\n<p>El de ayer fue el primer vuelo con migrantes repatriados desde Panam\u00e1 fuera de la regi\u00f3n, pues antes enviaron dos aviones con deportados a Colombia y uno a Ecuador.<\/p>\n\n\n\n<p>De acuerdo con estad\u00edsticas oficiales hasta la fecha este a\u00f1o cruzaron la jungla unos 326 mil caminantes, en su mayor\u00eda venezolanos, colombianos ecuatorianos y chinos.<\/p>\n\n\n\n<p>Seg\u00fan el ministro de Seguridad de Panam\u00e1, Frank \u00c1brego, este a\u00f1o esperan que 320 mil migrantes irregulares transiten por Dari\u00e9n, lo que supone una reducci\u00f3n del 38 por ciento en relaci\u00f3n con el r\u00e9cord hist\u00f3rico de 520 mil que cruzaron en 2023.<\/p>\n\n\n\n<p>rgh\/ga<\/p>\n","protected":false},"excerpt":{"rendered":"<p>Ciudad de Panam\u00e1, 7 sep (Prensa Latina) El Servicio Nacional de Migraci\u00f3n (SNM) de Panam\u00e1 retorn\u00f3 hoy a Colombia a un nuevo grupo de 29 migrantes irregulares, de ellos siete expulsados por nexos con delitos como robo, narcotr\u00e1fico y terrorismo. La operaci\u00f3n a\u00e9rea hacia Bogot\u00e1 de esta tercera devoluci\u00f3n de indocumentados de nacionalidad colombiana se [&hellip;]<\/p>\n","protected":false},"author":28,"featured_media":557220,"comment_status":"closed","ping_status":"closed","sticky":false,"template":"","format":"standard","meta":{"footnotes":""},"categories":[23,24,27],"tags":[],"class_list":["post-557219","post","type-post","status-publish","format-standard","has-post-thumbnail","hentry","category-internacional","category-justicia-y-derecho","category-portada"],"_links":{"self":[{"href":"https:\/\/diariodominicano.com\/index.php?rest_route=\/wp\/v2\/posts\/557219","targetHints":{"allow":["GET"]}}],"collection":[{"href":"https:\/\/diariodominicano.com\/index.php?rest_route=\/wp\/v2\/posts"}],"about":[{"href":"https:\/\/diariodominicano.com\/index.php?rest_route=\/wp\/v2\/types\/post"}],"author":[{"embeddable":true,"href":"https:\/\/diariodominicano.com\/index.php?rest_route=\/wp\/v2\/users\/28"}],"replies":[{"embeddable":true,"href":"https:\/\/diariodominicano.com\/index.php?rest_route=%2Fwp%2Fv2%2Fcomments&post=557219"}],"version-history":[{"count":1,"href":"https:\/\/diariodominicano.com\/index.php?rest_route=\/wp\/v2\/posts\/557219\/revisions"}],"predecessor-version":[{"id":557221,"href":"https:\/\/diariodominicano.com\/index.php?rest_route=\/wp\/v2\/posts\/557219\/revisions\/557221"}],"wp:featuredmedia":[{"embeddable":true,"href":"https:\/\/diariodominicano.com\/index.php?rest_route=\/wp\/v2\/media\/557220"}],"wp:attachment":[{"href":"https:\/\/diariodominicano.com\/index.php?rest_route=%2Fwp%2Fv2%2Fmedia&parent=557219"}],"wp:term":[{"taxonomy":"category","embeddable":true,"href":"https:\/\/diariodominicano.com\/index.php?rest_route=%2Fwp%2Fv2%2Fcategories&post=557219"},{"taxonomy":"post_tag","embeddable":true,"href":"https:\/\/diariodominicano.com\/index.php?rest_route=%2Fwp%2Fv2%2Ftags&post=557219"}],"curies":[{"name":"wp","href":"https:\/\/api.w.org\/{rel}","templated":true}]}}