{"id":557170,"date":"2024-09-07T00:54:56","date_gmt":"2024-09-07T04:54:56","guid":{"rendered":"https:\/\/diariodominicano.com\/?p=557170"},"modified":"2024-09-07T00:55:03","modified_gmt":"2024-09-07T04:55:03","slug":"onu-designa-al-6-de-julio-como-dia-mundial-para-desarrollo-rural","status":"publish","type":"post","link":"https:\/\/diariodominicano.com\/?p=557170","title":{"rendered":"ONU designa al 6 de julio como D\u00eda Mundial para Desarrollo Rural"},"content":{"rendered":"\n<p>Naciones Unidas, 6 sep (Prensa Latina) La Asamblea General de la ONU acord\u00f3 hoy la designaci\u00f3n del 6 de julio como el D\u00eda Mundial del Desarrollo Rural, una fecha que reconoce el aporte transformador de esas comunidades a la sostenibilidad.<\/p>\n\n\n\n<ul class=\"wp-block-list\">\n<li><a href=\"https:\/\/www.prensa-latina.cu\/2024\/09\/06\/\"><time>septiembre 6, 2024 | 15:28<\/time><\/a><\/li>\n<\/ul>\n\n\n\n<ul class=\"wp-block-list\">\n<li><a href=\"https:\/\/www.prensa-latina.cu\/2024\/09\/06\/onu-designa-al-6-de-julio-como-dia-mundial-para-desarrollo-rural\/#\"><\/a><\/li>\n\n\n\n<li><a href=\"https:\/\/www.prensa-latina.cu\/2024\/09\/06\/onu-designa-al-6-de-julio-como-dia-mundial-para-desarrollo-rural\/#\"><\/a><\/li>\n\n\n\n<li><a href=\"https:\/\/www.prensa-latina.cu\/2024\/09\/06\/onu-designa-al-6-de-julio-como-dia-mundial-para-desarrollo-rural\/#\"><\/a><\/li>\n\n\n\n<li><a href=\"https:\/\/www.prensa-latina.cu\/2024\/09\/06\/onu-designa-al-6-de-julio-como-dia-mundial-para-desarrollo-rural\/#\"><\/a><\/li>\n<\/ul>\n\n\n\n<p>Una resoluci\u00f3n aprobada por el foro de 193 pa\u00edses salud\u00f3 adem\u00e1s el papel y la contribuci\u00f3n fundamentales de las mujeres en las zonas rurales para mejorar el desarrollo agr\u00edcola, la seguridad alimentaria y erradicar la pobreza.<\/p>\n\n\n\n<p>Asimismo, encomi\u00f3 la labor de las f\u00e9minas en la promoci\u00f3n de su empoderamiento econ\u00f3mico y su pleno acceso a la propiedad de la tierra y al trabajo decente.<\/p>\n\n\n\n<p>El proyecto de resoluci\u00f3n fue presentado a la Asamblea por Armenia, Bangladesh, Bhut\u00e1n, Cabo Verde, Filipinas, Ghana, India, Kirguist\u00e1n, Nepal, Per\u00fa, Laos, Sri Lanka, Tailandia, T\u00fcrkiye, Uzbekist\u00e1n y Vietnam.<\/p>\n\n\n\n<p>El texto llama a celebrar cada 6 de julio actividades concretas en relaci\u00f3n con el desarrollo sostenible de las zonas y comunidades rurales; as\u00ed como crear una plataforma amplia para evaluar los desaf\u00edos y las oportunidades en esas \u00e1reas.<\/p>\n\n\n\n<p>Adem\u00e1s, advierte el impacto desproporcionado de la pobreza, hambre y malnutrici\u00f3n en las personas vulnerables de las zonas rurales, incluidas los pueblos ind\u00edgenas y las comunidades locales.<\/p>\n\n\n\n<p>De acuerdo con el proyecto aprobado, la erradicaci\u00f3n de la pobreza y el hambre en las zonas rurales es fundamental para el logro de los Objetivos de Desarrollo Sostenible establecidos por la ONU en la Agenda 2030.<\/p>\n\n\n\n<p>El desarrollo rural, reconoce la resoluci\u00f3n, se debe impulsar a trav\u00e9s de un enfoque integrado que abarque las dimensiones econ\u00f3mica, social y ambiental.<\/p>\n\n\n\n<p>lam\/ebr<\/p>\n","protected":false},"excerpt":{"rendered":"<p>Naciones Unidas, 6 sep (Prensa Latina) La Asamblea General de la ONU acord\u00f3 hoy la designaci\u00f3n del 6 de julio como el D\u00eda Mundial del Desarrollo Rural, una fecha que reconoce el aporte transformador de esas comunidades a la sostenibilidad. Una resoluci\u00f3n aprobada por el foro de 193 pa\u00edses salud\u00f3 adem\u00e1s el papel y la [&hellip;]<\/p>\n","protected":false},"author":28,"featured_media":557171,"comment_status":"closed","ping_status":"closed","sticky":false,"template":"","format":"standard","meta":{"footnotes":""},"categories":[36,18,23],"tags":[],"class_list":["post-557170","post","type-post","status-publish","format-standard","has-post-thumbnail","hentry","category-hombresmujeresycosas","category-economia","category-internacional"],"_links":{"self":[{"href":"https:\/\/diariodominicano.com\/index.php?rest_route=\/wp\/v2\/posts\/557170","targetHints":{"allow":["GET"]}}],"collection":[{"href":"https:\/\/diariodominicano.com\/index.php?rest_route=\/wp\/v2\/posts"}],"about":[{"href":"https:\/\/diariodominicano.com\/index.php?rest_route=\/wp\/v2\/types\/post"}],"author":[{"embeddable":true,"href":"https:\/\/diariodominicano.com\/index.php?rest_route=\/wp\/v2\/users\/28"}],"replies":[{"embeddable":true,"href":"https:\/\/diariodominicano.com\/index.php?rest_route=%2Fwp%2Fv2%2Fcomments&post=557170"}],"version-history":[{"count":1,"href":"https:\/\/diariodominicano.com\/index.php?rest_route=\/wp\/v2\/posts\/557170\/revisions"}],"predecessor-version":[{"id":557172,"href":"https:\/\/diariodominicano.com\/index.php?rest_route=\/wp\/v2\/posts\/557170\/revisions\/557172"}],"wp:featuredmedia":[{"embeddable":true,"href":"https:\/\/diariodominicano.com\/index.php?rest_route=\/wp\/v2\/media\/557171"}],"wp:attachment":[{"href":"https:\/\/diariodominicano.com\/index.php?rest_route=%2Fwp%2Fv2%2Fmedia&parent=557170"}],"wp:term":[{"taxonomy":"category","embeddable":true,"href":"https:\/\/diariodominicano.com\/index.php?rest_route=%2Fwp%2Fv2%2Fcategories&post=557170"},{"taxonomy":"post_tag","embeddable":true,"href":"https:\/\/diariodominicano.com\/index.php?rest_route=%2Fwp%2Fv2%2Ftags&post=557170"}],"curies":[{"name":"wp","href":"https:\/\/api.w.org\/{rel}","templated":true}]}}