{"id":557104,"date":"2024-09-07T01:53:07","date_gmt":"2024-09-07T05:53:07","guid":{"rendered":"https:\/\/diariodominicano.com\/?p=557104"},"modified":"2024-09-07T02:03:33","modified_gmt":"2024-09-07T06:03:33","slug":"uapa-realiza-el-dialogo-reforma-constitucional","status":"publish","type":"post","link":"https:\/\/diariodominicano.com\/?p=557104","title":{"rendered":"UAPA realiza el di\u00e1logo Reforma Constitucional"},"content":{"rendered":"\n<p>.<strong>SANTO DOMINGO&nbsp;<\/strong>.-&nbsp;Con la participaci\u00f3n de los destacados juristas Trajano Vidal Potentini, presidente del Colegio Dominicano de Abogados; Alexis A. G\u00f3mez Geraldino, juez de la Corte de Trabajo de Santo Domingo y la facilitadora de la de derecho Angelina Vargas, la Universidad Abierta para Adultos (UAPA), realiz\u00f3 el di\u00e1logo \u00b4Reforma Constitucional\u00b4 .<\/p>\n\n\n\n<p>En sus planteamientos los expertos en el Auditorio de su Recinto Santo Domingo Oriental, coincidieron en resaltar que la reforma de la Constituci\u00f3n lo que busca cimentar las bases y los pilares de la convivencia pac\u00edfica en la sociedad, al tiempo de corregir de que no se modifica; sino que se reforma.<\/p>\n\n\n\n<figure class=\"wp-block-image\"><img decoding=\"async\" src=\"https:\/\/diariodominicano.com\/wp-content\/uploads\/2024\/09\/UAPA-realiza-dialogo-Reforma-Constitucional-1024x683.jpg\" alt=\"\"\/><\/figure>\n\n\n\n<p>El doctor Vidal Potentini en su disertaci\u00f3n, enfatiz\u00f3 que el objetivo de la reforma, no es simplemente resolver problemas sociales, sino fortalecer los aspectos fundamentales del pa\u00eds, destacando la importancia de discutir el rol del Procurador General de la Rep\u00fablica y la necesidad de unificar las elecciones (presidenciales y congresuales ). Adem\u00e1s, subray\u00f3 que el refer\u00e9ndum aprobatorio deber\u00eda llevarse a cabo posteriormente a la reforma, no de manera previa.<\/p>\n\n\n\n<p>En tanto el doctor G\u00f3mez Geraldino, hizo un relato hist\u00f3rico del proceso de reforma constitucional en la naci\u00f3n dominicana, remarcando que el debate alrededor de la reelecci\u00f3n presidencial ha sido un hilo conductor en las 39 reformas anteriores.<\/p>\n\n\n\n<p>&nbsp;Asimismo, destac\u00f3 los ejes claves que deben considerarse, como una reducci\u00f3n del n\u00famero de diputados, la reestructuraci\u00f3n del Ministerio P\u00fablico, as\u00ed como la unificaci\u00f3n de las elecciones y la discusi\u00f3n sobre cl\u00e1usulas p\u00e9trea, sentando las bases fundamentales sobre el futuro constitucional del pa\u00eds.<\/p>\n\n\n\n<p>Los directores de la Escuela de Ciencias Jur\u00eddicas y Pol\u00edticas de la sede-Santiago y el Recinto Santo Domingo Oriental, Anyelina Gonz\u00e1lez y Xiomara Polanco, destacaron el objetivo del di\u00e1logo de ceder el escenario de la universidad para analizar las posibles implicaciones y desaf\u00edos de la propuesta de Reforma Constitucional sometida por el Poder Ejecutivo de la Rep\u00fablica Dominicana al Senado.<\/p>\n\n\n\n<p>Ambas resaltaron la importancia del encuentro tanto para los participantes de la Carrera de Derecho, como para los docentes del \u00e1rea.<\/p>\n\n\n\n<p>&nbsp; Los directivos Fernando Inan Hern\u00e1ndez y Maria Cabrera en sus intervenciones en nombre de UAPA, &nbsp;expresaron que la casa de altos estudios, &nbsp;siempre est\u00e1 en la disposici\u00f3n de ceder su escenario para temas que competen a la democracia y al desarrollo nacional. \/\/<\/p>\n\n\n\n<p><strong>Fior D&#8217;Aliza Taveras<\/strong> fiordalizataverasp@gmail.com  <\/p>\n","protected":false},"excerpt":{"rendered":"<p>.SANTO DOMINGO&nbsp;.-&nbsp;Con la participaci\u00f3n de los destacados juristas Trajano Vidal Potentini, presidente del Colegio Dominicano de Abogados; Alexis A. G\u00f3mez Geraldino, juez de la Corte de Trabajo de Santo Domingo y la facilitadora de la de derecho Angelina Vargas, la Universidad Abierta para Adultos (UAPA), realiz\u00f3 el di\u00e1logo \u00b4Reforma Constitucional\u00b4 . En sus planteamientos los [&hellip;]<\/p>\n","protected":false},"author":7,"featured_media":557180,"comment_status":"closed","ping_status":"closed","sticky":false,"template":"","format":"standard","meta":{"footnotes":""},"categories":[24],"tags":[],"class_list":["post-557104","post","type-post","status-publish","format-standard","has-post-thumbnail","hentry","category-justicia-y-derecho"],"_links":{"self":[{"href":"https:\/\/diariodominicano.com\/index.php?rest_route=\/wp\/v2\/posts\/557104","targetHints":{"allow":["GET"]}}],"collection":[{"href":"https:\/\/diariodominicano.com\/index.php?rest_route=\/wp\/v2\/posts"}],"about":[{"href":"https:\/\/diariodominicano.com\/index.php?rest_route=\/wp\/v2\/types\/post"}],"author":[{"embeddable":true,"href":"https:\/\/diariodominicano.com\/index.php?rest_route=\/wp\/v2\/users\/7"}],"replies":[{"embeddable":true,"href":"https:\/\/diariodominicano.com\/index.php?rest_route=%2Fwp%2Fv2%2Fcomments&post=557104"}],"version-history":[{"count":2,"href":"https:\/\/diariodominicano.com\/index.php?rest_route=\/wp\/v2\/posts\/557104\/revisions"}],"predecessor-version":[{"id":557182,"href":"https:\/\/diariodominicano.com\/index.php?rest_route=\/wp\/v2\/posts\/557104\/revisions\/557182"}],"wp:featuredmedia":[{"embeddable":true,"href":"https:\/\/diariodominicano.com\/index.php?rest_route=\/wp\/v2\/media\/557180"}],"wp:attachment":[{"href":"https:\/\/diariodominicano.com\/index.php?rest_route=%2Fwp%2Fv2%2Fmedia&parent=557104"}],"wp:term":[{"taxonomy":"category","embeddable":true,"href":"https:\/\/diariodominicano.com\/index.php?rest_route=%2Fwp%2Fv2%2Fcategories&post=557104"},{"taxonomy":"post_tag","embeddable":true,"href":"https:\/\/diariodominicano.com\/index.php?rest_route=%2Fwp%2Fv2%2Ftags&post=557104"}],"curies":[{"name":"wp","href":"https:\/\/api.w.org\/{rel}","templated":true}]}}