{"id":557102,"date":"2024-09-06T22:04:08","date_gmt":"2024-09-07T02:04:08","guid":{"rendered":"https:\/\/diariodominicano.com\/?p=557102"},"modified":"2024-09-06T22:04:11","modified_gmt":"2024-09-07T02:04:11","slug":"direccion-de-servicios-penitenciarios-inaugura-pabellon-para-asistir-a-privados-de-libertad-con-problemas-de-salud-mental-en-san-pedro-de-macoris","status":"publish","type":"post","link":"https:\/\/diariodominicano.com\/?p=557102","title":{"rendered":"Direcci\u00f3n de Servicios Penitenciarios inaugura pabell\u00f3n para asistir a privados de libertad con\u00a0 problemas de salud\u00a0 mental\u00a0 en\u00a0 San\u00a0 Pedro de Macor\u00eds"},"content":{"rendered":"\n<p><em><u>Este es el cuarto espacio que se pone en funcionamiento para brindar asistencia&nbsp; psiqui\u00e1trica a los&nbsp; privados de&nbsp; libertad&nbsp; que&nbsp; padecen&nbsp; esta condici\u00f3n<\/u><\/em><\/p>\n\n\n\n<p><strong>Santo Domingo (R.D), viernes, 6 de septiembre de 2024.<\/strong>&nbsp;Con el objetivo de dar un servicio de calidad a los internos&nbsp;&nbsp; con problemas de salud mental, la Direcci\u00f3n&nbsp; General de Servicios Penitenciarios y Correccionales (DGSPC, dej\u00f3 inaugurado este viernes un Pabell\u00f3n&nbsp; de&nbsp; Salud&nbsp;&nbsp; Mental en el Centro de Correcci\u00f3n&nbsp;&nbsp; y Rehabilitaci\u00f3n&nbsp; de&nbsp; San Pedro de Macor\u00eds (CCR-11).<\/p>\n\n\n\n<p>En el acto, el director general de Servicios Penitenciarios y&nbsp; Correccionales,&nbsp; Roberto&nbsp; Hern\u00e1ndez Basilio,&nbsp; dijo que con&nbsp; su entrada en funcionamiento, suman&nbsp; cuatro&nbsp; los&nbsp; espacios&nbsp; que&nbsp; ofrecen&nbsp; este&nbsp; tipo de asistencia a los&nbsp; privados de&nbsp; libertad con problemas&nbsp; mentales.<\/p>\n\n\n\n<figure class=\"wp-block-gallery has-nested-images columns-default is-cropped wp-block-gallery-1 is-layout-flex wp-block-gallery-is-layout-flex\">\n<figure class=\"wp-block-image size-large\"><img loading=\"lazy\" decoding=\"async\" width=\"1024\" height=\"683\" data-id=\"557113\" src=\"https:\/\/diariodominicano.com\/wp-content\/uploads\/2024\/09\/Apertura-Pabellon-Salud-Mental-CCR-SPM-1024x683.jpg\" alt=\"\" class=\"wp-image-557113\" srcset=\"https:\/\/diariodominicano.com\/wp-content\/uploads\/2024\/09\/Apertura-Pabellon-Salud-Mental-CCR-SPM-1024x683.jpg 1024w, https:\/\/diariodominicano.com\/wp-content\/uploads\/2024\/09\/Apertura-Pabellon-Salud-Mental-CCR-SPM-300x200.jpg 300w, https:\/\/diariodominicano.com\/wp-content\/uploads\/2024\/09\/Apertura-Pabellon-Salud-Mental-CCR-SPM-768x512.jpg 768w, https:\/\/diariodominicano.com\/wp-content\/uploads\/2024\/09\/Apertura-Pabellon-Salud-Mental-CCR-SPM-816x544.jpg 816w, https:\/\/diariodominicano.com\/wp-content\/uploads\/2024\/09\/Apertura-Pabellon-Salud-Mental-CCR-SPM.jpg 1087w\" sizes=\"auto, (max-width: 1024px) 100vw, 1024px\" \/><\/figure>\n<\/figure>\n\n\n\n<p>El nuevo pabell\u00f3n de salud mental del CCR-11 San Pedro de Macor\u00eds tiene\u00a0 capacidad para albergar a 48 Personas Privados de Libertad (PPLs) en condici\u00f3n especial de salud mental, de los cuales 37 internos ser\u00e1n trasladados y alojados en el nuevo pabell\u00f3n de manera inmediata. Est\u00e1 dividido en 6 m\u00f3dulos, todos dotados de camas, abanicos, s\u00e1banas, art\u00edculos para higiene personal, ba\u00f1os y un \u00e1rea com\u00fan con un televisor y una nevera-bebedero.<\/p>\n\n\n\n<figure class=\"wp-block-gallery has-nested-images columns-default is-cropped wp-block-gallery-2 is-layout-flex wp-block-gallery-is-layout-flex\">\n<figure class=\"wp-block-image size-large\"><img loading=\"lazy\" decoding=\"async\" width=\"1024\" height=\"683\" data-id=\"557114\" src=\"https:\/\/diariodominicano.com\/wp-content\/uploads\/2024\/09\/Apertura-Pabellon-Salud-Mental-CCR-San-Pedro-Macoris-1024x683.jpg\" alt=\"\" class=\"wp-image-557114\" srcset=\"https:\/\/diariodominicano.com\/wp-content\/uploads\/2024\/09\/Apertura-Pabellon-Salud-Mental-CCR-San-Pedro-Macoris-1024x683.jpg 1024w, https:\/\/diariodominicano.com\/wp-content\/uploads\/2024\/09\/Apertura-Pabellon-Salud-Mental-CCR-San-Pedro-Macoris-300x200.jpg 300w, https:\/\/diariodominicano.com\/wp-content\/uploads\/2024\/09\/Apertura-Pabellon-Salud-Mental-CCR-San-Pedro-Macoris-768x512.jpg 768w, https:\/\/diariodominicano.com\/wp-content\/uploads\/2024\/09\/Apertura-Pabellon-Salud-Mental-CCR-San-Pedro-Macoris-816x544.jpg 816w, https:\/\/diariodominicano.com\/wp-content\/uploads\/2024\/09\/Apertura-Pabellon-Salud-Mental-CCR-San-Pedro-Macoris.jpg 1087w\" sizes=\"auto, (max-width: 1024px) 100vw, 1024px\" \/><\/figure>\n<\/figure>\n\n\n\n<p>En su inici\u00f3 esta \u00e1rea especializada recibir\u00e1 internos con patolog\u00edas psiqui\u00e1trica, provenientes de los Centros de Privaci\u00f3n de Libertad de La Romana, Higuey y El Seibo.<\/p>\n\n\n\n<p>En la actualidad los centros de correcci\u00f3n y rehabilitaci\u00f3n que\u00a0 cuentan con pabellones\u00a0 especiales para atender a los\u00a0 privados\u00a0 de libertad\u00a0 con\u00a0\u00a0 problemas de salud\u00a0 mental, funcionan en\u00a0 La Victoria, en Santo Domingo Norte; Najayo Mujeres y Najayo Hombres, en la provincia San Crist\u00f3bal,\u00a0\u00a0 y\u00a0\u00a0 ahora en\u00a0 el Centro de Correcci\u00f3n\u00a0 y\u00a0 Rehabilitaci\u00f3n\u00a0 de\u00a0 San Pedro\u00a0 de Macor\u00eds.<\/p>\n\n\n\n<figure class=\"wp-block-gallery has-nested-images columns-default is-cropped wp-block-gallery-3 is-layout-flex wp-block-gallery-is-layout-flex\">\n<figure class=\"wp-block-image size-large\"><img loading=\"lazy\" decoding=\"async\" width=\"1024\" height=\"683\" data-id=\"557116\" src=\"https:\/\/diariodominicano.com\/wp-content\/uploads\/2024\/09\/Apertura-Pabellon-Salud-Mental-CCR-San-Pedro-de-Macoris-1024x683.jpg\" alt=\"\" class=\"wp-image-557116\" srcset=\"https:\/\/diariodominicano.com\/wp-content\/uploads\/2024\/09\/Apertura-Pabellon-Salud-Mental-CCR-San-Pedro-de-Macoris-1024x683.jpg 1024w, https:\/\/diariodominicano.com\/wp-content\/uploads\/2024\/09\/Apertura-Pabellon-Salud-Mental-CCR-San-Pedro-de-Macoris-300x200.jpg 300w, https:\/\/diariodominicano.com\/wp-content\/uploads\/2024\/09\/Apertura-Pabellon-Salud-Mental-CCR-San-Pedro-de-Macoris-768x512.jpg 768w, https:\/\/diariodominicano.com\/wp-content\/uploads\/2024\/09\/Apertura-Pabellon-Salud-Mental-CCR-San-Pedro-de-Macoris-1536x1024.jpg 1536w, https:\/\/diariodominicano.com\/wp-content\/uploads\/2024\/09\/Apertura-Pabellon-Salud-Mental-CCR-San-Pedro-de-Macoris-2048x1365.jpg 2048w, https:\/\/diariodominicano.com\/wp-content\/uploads\/2024\/09\/Apertura-Pabellon-Salud-Mental-CCR-San-Pedro-de-Macoris-816x544.jpg 816w\" sizes=\"auto, (max-width: 1024px) 100vw, 1024px\" \/><\/figure>\n<\/figure>\n\n\n\n<p>Se destaca que el sistema cuenta con un fondo especial para la compra de los medicamentos que les son recetados a estos internos, cuyo servicio es totalmente gratuito, lo que representa un alivio para el familiar que tiene a su privado de libertad recluido con estas condiciones m\u00e9dicas.<\/p>\n\n\n\n<figure class=\"wp-block-gallery has-nested-images columns-default is-cropped wp-block-gallery-4 is-layout-flex wp-block-gallery-is-layout-flex\">\n<figure class=\"wp-block-image size-large\"><img loading=\"lazy\" decoding=\"async\" width=\"1024\" height=\"683\" data-id=\"557115\" src=\"https:\/\/diariodominicano.com\/wp-content\/uploads\/2024\/09\/Apertura-Pabellon-Salud-Mental-CCR-San-Pedro-Macoris-1-1024x683.jpg\" alt=\"\" class=\"wp-image-557115\" srcset=\"https:\/\/diariodominicano.com\/wp-content\/uploads\/2024\/09\/Apertura-Pabellon-Salud-Mental-CCR-San-Pedro-Macoris-1-1024x683.jpg 1024w, https:\/\/diariodominicano.com\/wp-content\/uploads\/2024\/09\/Apertura-Pabellon-Salud-Mental-CCR-San-Pedro-Macoris-1-300x200.jpg 300w, https:\/\/diariodominicano.com\/wp-content\/uploads\/2024\/09\/Apertura-Pabellon-Salud-Mental-CCR-San-Pedro-Macoris-1-768x512.jpg 768w, https:\/\/diariodominicano.com\/wp-content\/uploads\/2024\/09\/Apertura-Pabellon-Salud-Mental-CCR-San-Pedro-Macoris-1-1536x1024.jpg 1536w, https:\/\/diariodominicano.com\/wp-content\/uploads\/2024\/09\/Apertura-Pabellon-Salud-Mental-CCR-San-Pedro-Macoris-1-2048x1365.jpg 2048w, https:\/\/diariodominicano.com\/wp-content\/uploads\/2024\/09\/Apertura-Pabellon-Salud-Mental-CCR-San-Pedro-Macoris-1-816x544.jpg 816w\" sizes=\"auto, (max-width: 1024px) 100vw, 1024px\" \/><\/figure>\n<\/figure>\n\n\n\n<p><strong>Colaboraci\u00f3n interinstitucional<\/strong><\/p>\n\n\n\n<p>Roberto Hern\u00e1ndez Basilio explic\u00f3 que a estos esfuerzos tambi\u00e9n se&nbsp; han&nbsp; sumado el&nbsp; Ministerio de&nbsp; Salud P\u00fablica, a&nbsp; trav\u00e9s&nbsp; de du direcci\u00f3n de&nbsp; Salud Mental, as\u00ed como&nbsp; el Servicio Nacional de&nbsp; Salud (SNS).<\/p>\n\n\n\n<p>Destac\u00f3 que este acompa\u00f1amiento a los internos con problemas de salud mental se ha logrado gracias al acuerdo interinstitucional realizado entre el Colegio Dominicano de Psic\u00f3logos (Codopsi), la Asociaci\u00f3n Dominicana de Psiquiatr\u00eda y el Ministerio de&nbsp; Salud P\u00fablica, a&nbsp; trav\u00e9s&nbsp; de su Direcci\u00f3n de&nbsp; Salud Mental, y&nbsp; el Servicio&nbsp; Nacional de&nbsp; Salud,&nbsp; cuyos profesionales colaboran con el sistema para&nbsp; la intervenci\u00f3n de los&nbsp; privados de&nbsp; libertad&nbsp; que&nbsp; necesitan&nbsp; de estas&nbsp; especialidades&nbsp; m\u00e9dicas.<\/p>\n\n\n\n<p>En tanto que, Pablo Ulloa, Defensor del Pueblo, al hacer uso de la palabra, manifest\u00f3 su apoyo a este tipo de iniciativas, que dijo: \u201cdevuelve la dignidad a la persona vulnerable con esta condici\u00f3n\u201d.<\/p>\n\n\n\n<p>Ulloa, resalt\u00f3, adem\u00e1s, que con ello, se da cumplimiento a lo que establece la Constituci\u00f3n y las leyes para el tratamiento a los privados de libertad con problemas de salud mental.<\/p>\n\n\n\n<p>De su lado, la doctora Yokasta Lara, subdirectora del Servicio Nacional de Salud, manifest\u00f3 que, con acciones como estas, se cumple con el mandato de llevar la salud a los vulnerables, no importa en la situaci\u00f3n en la que se encuentren.<\/p>\n\n\n\n<p>Las autoridades resaltaron que en los centros donde se dan estos servicios hay una comisi\u00f3n de evaluaci\u00f3n de la situaci\u00f3n socioecon\u00f3mica del interno afectado por esta situaci\u00f3n especial de salud.<\/p>\n\n\n\n<p><strong>Privados de libertad realizaron trabajo en la obra<\/strong><\/p>\n\n\n\n<p>El comunicado de prensa a trav\u00e9s del cual se ofreci\u00f3 la informaci\u00f3n, detalla, que la mano de obra de los trabajos de remozamiento del&nbsp; reci\u00e9n inaugurado&nbsp; pabell\u00f3n estuvieron a cargo de los privados de&nbsp; libertad&nbsp; que se encuentran en el programa&nbsp; de la Direcci\u00f3n&nbsp; para el Medio&nbsp; Libre, que dirige Yenni&nbsp; Olga&nbsp; Hern\u00e1ndez.<\/p>\n\n\n\n<p>En el acto tambi\u00e9n estuvieron presentes, la jueza de Ejecuci\u00f3n de la Pena, Aidelise Ram\u00edrez, la fiscal titular de San Pedro de Macor\u00eds, Zuleika Mateo, y el alcalde Raymundo Ortiz, integrantes de la DGSPC y representantes de los derechos humanos y otras entidades de la sociedad civil que colaboran con el sistema penitenciario en esta provincia.<\/p>\n\n\n\n<p>Concluido el acto inaugural, Hern\u00e1ndez Basilio se traslad\u00f3 al Centro de Atenci\u00f3n y Privaci\u00f3n de Libertad Provisional (CAPLIP) que se construye en este pueblo, el cual, dijo, que procurar\u00e1 que entre en funcionamiento a la brevedad posible.<\/p>\n\n\n\n<p>comunicaciones@pgr.gob.do <\/p>\n","protected":false},"excerpt":{"rendered":"<p>Este es el cuarto espacio que se pone en funcionamiento para brindar asistencia&nbsp; psiqui\u00e1trica a los&nbsp; privados de&nbsp; libertad&nbsp; que&nbsp; padecen&nbsp; esta condici\u00f3n Santo Domingo (R.D), viernes, 6 de septiembre de 2024.&nbsp;Con el objetivo de dar un servicio de calidad a los internos&nbsp;&nbsp; con problemas de salud mental, la Direcci\u00f3n&nbsp; General de Servicios Penitenciarios y [&hellip;]<\/p>\n","protected":false},"author":7,"featured_media":557112,"comment_status":"closed","ping_status":"closed","sticky":false,"template":"","format":"standard","meta":{"footnotes":""},"categories":[24],"tags":[],"class_list":["post-557102","post","type-post","status-publish","format-standard","has-post-thumbnail","hentry","category-justicia-y-derecho"],"_links":{"self":[{"href":"https:\/\/diariodominicano.com\/index.php?rest_route=\/wp\/v2\/posts\/557102","targetHints":{"allow":["GET"]}}],"collection":[{"href":"https:\/\/diariodominicano.com\/index.php?rest_route=\/wp\/v2\/posts"}],"about":[{"href":"https:\/\/diariodominicano.com\/index.php?rest_route=\/wp\/v2\/types\/post"}],"author":[{"embeddable":true,"href":"https:\/\/diariodominicano.com\/index.php?rest_route=\/wp\/v2\/users\/7"}],"replies":[{"embeddable":true,"href":"https:\/\/diariodominicano.com\/index.php?rest_route=%2Fwp%2Fv2%2Fcomments&post=557102"}],"version-history":[{"count":1,"href":"https:\/\/diariodominicano.com\/index.php?rest_route=\/wp\/v2\/posts\/557102\/revisions"}],"predecessor-version":[{"id":557117,"href":"https:\/\/diariodominicano.com\/index.php?rest_route=\/wp\/v2\/posts\/557102\/revisions\/557117"}],"wp:featuredmedia":[{"embeddable":true,"href":"https:\/\/diariodominicano.com\/index.php?rest_route=\/wp\/v2\/media\/557112"}],"wp:attachment":[{"href":"https:\/\/diariodominicano.com\/index.php?rest_route=%2Fwp%2Fv2%2Fmedia&parent=557102"}],"wp:term":[{"taxonomy":"category","embeddable":true,"href":"https:\/\/diariodominicano.com\/index.php?rest_route=%2Fwp%2Fv2%2Fcategories&post=557102"},{"taxonomy":"post_tag","embeddable":true,"href":"https:\/\/diariodominicano.com\/index.php?rest_route=%2Fwp%2Fv2%2Ftags&post=557102"}],"curies":[{"name":"wp","href":"https:\/\/api.w.org\/{rel}","templated":true}]}}