{"id":557047,"date":"2024-09-06T21:55:55","date_gmt":"2024-09-07T01:55:55","guid":{"rendered":"https:\/\/diariodominicano.com\/?p=557047"},"modified":"2024-09-06T21:55:57","modified_gmt":"2024-09-07T01:55:57","slug":"condenan-hombre-que-abuso-sexualmente-de-adolescente-en-samana","status":"publish","type":"post","link":"https:\/\/diariodominicano.com\/?p=557047","title":{"rendered":"Condenan hombre que abus\u00f3 sexualmente de adolescente en Saman\u00e1"},"content":{"rendered":"\n<p><strong>Saman\u00e1 (R.D.), viernes, 6 de septiembre de 2024.<\/strong>&nbsp; Un tribunal de esta provincia conden\u00f3 a cinco a\u00f1os de prisi\u00f3n a un hombre acusado por el Ministerio P\u00fablico de abusar sexualmente de una adolescente en el a\u00f1o 2022.<\/p>\n\n\n\n<p>El Tribunal Colegiado de Saman\u00e1 conden\u00f3 a Imauri Payano Reynoso, quien fue hallado culpable de cometer el abuso sexual contra la adolescente, cuyo nombre se omite por razones legales, quien al momento en que ocurri\u00f3 el hecho ten\u00eda 14 a\u00f1os de edad.<\/p>\n\n\n\n<p>El expediente destaca que el caso ocurri\u00f3 en la casa de Payano Reynoso luego de que este invitara a la v\u00edctima para que fuera a buscar un regalo. Se\u00f1ala que, cuando la joven lleg\u00f3 al lugar, el hoy condenado la toc\u00f3 en diferentes partes del cuerpo.<\/p>\n\n\n\n<p>Payano Reynoso fue arrestado el 29 de diciembre de 2022, alrededor de las 5:20 de la tarde, cuando se dispon\u00eda a salir del pa\u00eds por el Aeropuerto Internacional del Cibao, de la provincia Santiago.<\/p>\n\n\n\n<p>La investigaci\u00f3n estuvo a cargo del fiscal&nbsp; Reinaldo Quevedo, mientras que en la litigaci\u00f3n representaron al Ministerio P\u00fablico los fiscales Anni Concepci\u00f3n y Natanael Fr\u00edas, quienes expusieron c\u00f3mo ocurrieron los hechos ante el tribunal, integrado por los jueces Edward Jos\u00e9 Soto Soto, Martha Mireya Indira Javier Cedano y Heriberto Luis Johnson.<\/p>\n\n\n\n<p>El tribunal declar\u00f3 a Payano Reynoso culpable de violar el art\u00edculo 396, literal C, del C\u00f3digo para la Protecci\u00f3n y los Derechos Fundamentales de los Ni\u00f1os, Ni\u00f1as y Adolescentes, que tipifica el abuso sexual, ordenando el cumplimiento de la sentencia en el Centro de Privaci\u00f3n de Libertad de Saman\u00e1.<\/p>\n","protected":false},"excerpt":{"rendered":"<p>Saman\u00e1 (R.D.), viernes, 6 de septiembre de 2024.&nbsp; Un tribunal de esta provincia conden\u00f3 a cinco a\u00f1os de prisi\u00f3n a un hombre acusado por el Ministerio P\u00fablico de abusar sexualmente de una adolescente en el a\u00f1o 2022. El Tribunal Colegiado de Saman\u00e1 conden\u00f3 a Imauri Payano Reynoso, quien fue hallado culpable de cometer el abuso [&hellip;]<\/p>\n","protected":false},"author":7,"featured_media":495896,"comment_status":"closed","ping_status":"closed","sticky":false,"template":"","format":"standard","meta":{"footnotes":""},"categories":[24],"tags":[],"class_list":["post-557047","post","type-post","status-publish","format-standard","has-post-thumbnail","hentry","category-justicia-y-derecho"],"_links":{"self":[{"href":"https:\/\/diariodominicano.com\/index.php?rest_route=\/wp\/v2\/posts\/557047","targetHints":{"allow":["GET"]}}],"collection":[{"href":"https:\/\/diariodominicano.com\/index.php?rest_route=\/wp\/v2\/posts"}],"about":[{"href":"https:\/\/diariodominicano.com\/index.php?rest_route=\/wp\/v2\/types\/post"}],"author":[{"embeddable":true,"href":"https:\/\/diariodominicano.com\/index.php?rest_route=\/wp\/v2\/users\/7"}],"replies":[{"embeddable":true,"href":"https:\/\/diariodominicano.com\/index.php?rest_route=%2Fwp%2Fv2%2Fcomments&post=557047"}],"version-history":[{"count":1,"href":"https:\/\/diariodominicano.com\/index.php?rest_route=\/wp\/v2\/posts\/557047\/revisions"}],"predecessor-version":[{"id":557109,"href":"https:\/\/diariodominicano.com\/index.php?rest_route=\/wp\/v2\/posts\/557047\/revisions\/557109"}],"wp:featuredmedia":[{"embeddable":true,"href":"https:\/\/diariodominicano.com\/index.php?rest_route=\/wp\/v2\/media\/495896"}],"wp:attachment":[{"href":"https:\/\/diariodominicano.com\/index.php?rest_route=%2Fwp%2Fv2%2Fmedia&parent=557047"}],"wp:term":[{"taxonomy":"category","embeddable":true,"href":"https:\/\/diariodominicano.com\/index.php?rest_route=%2Fwp%2Fv2%2Fcategories&post=557047"},{"taxonomy":"post_tag","embeddable":true,"href":"https:\/\/diariodominicano.com\/index.php?rest_route=%2Fwp%2Fv2%2Ftags&post=557047"}],"curies":[{"name":"wp","href":"https:\/\/api.w.org\/{rel}","templated":true}]}}