{"id":557045,"date":"2024-09-06T15:12:36","date_gmt":"2024-09-06T19:12:36","guid":{"rendered":"https:\/\/diariodominicano.com\/?p=557045"},"modified":"2024-09-06T15:12:39","modified_gmt":"2024-09-06T19:12:39","slug":"parlatino-y-caf-reunen-a-lideres-parlamentarios-para-abordar-desafios-socioeconomicos-de-america-latina-y-el-caribe","status":"publish","type":"post","link":"https:\/\/diariodominicano.com\/?p=557045","title":{"rendered":"PARLATINO y CAF re\u00fanen a l\u00edderes parlamentarios para abordar desaf\u00edos socioecon\u00f3micos de Am\u00e9rica Latina y el Caribe"},"content":{"rendered":"\n<p>-Expresidenta de Chile, Michelle Bachelet, dar\u00e1 conferencia magistral<\/p>\n\n\n\n<p><strong>Ciudad de Panam\u00e1, 6 de septiembre de 2024 &#8211;<\/strong>&nbsp;El Parlamento Latinoamericano y Caribe\u00f1o (PARLATINO) y CAF -banco de desarrollo de Am\u00e9rica Latina y el Caribe- unen esfuerzos para realizar el Primer Encuentro Internacional Di\u00e1logos para el Desarrollo, una iniciativa que abordar\u00e1 los desaf\u00edos econ\u00f3micos, sociales, pol\u00edticos y ambientales m\u00e1s apremiantes de la regi\u00f3n.<\/p>\n\n\n\n<p>El pr\u00f3ximo 12 de septiembre, la sede permanente del PARLATINO en la Ciudad de Panam\u00e1 ser\u00e1 el escenario del evento con figuras de renombre. Entre los participantes destacados se encuentran el presidente del PARLATINO, diputado&nbsp;<strong>Rolando Gonz\u00e1lez Patricio<\/strong>; el presidente ejecutivo de CAF,&nbsp;<strong>Sergio D\u00edaz-Granados<\/strong>&nbsp;y parlamentarios de Am\u00e9rica Latina y el Caribe.<\/p>\n\n\n\n<p>La expresidenta de la Rep\u00fablica de Chile,&nbsp;<strong>Michelle Bachelet<\/strong>, dictar\u00e1 una conferencia magistral sobre los parlamentos y la agenda de desarrollo sostenible en Am\u00e9rica Latina y el Caribe.<\/p>\n\n\n\n<p>Los desaf\u00edos de la gobernabilidad, la pobreza, la inequidad social y la crisis clim\u00e1tica ser\u00e1n los ejes principales del encuentro, al que tambi\u00e9n asistir\u00e1n autoridades del gobierno paname\u00f1oy de organismos internacionales.<\/p>\n\n\n\n<p>El encuentro regional tendr\u00e1 cuatro paneles: Desaf\u00edos econ\u00f3micos, Desaf\u00edos pol\u00edticos: la Gobernanza multinivel, Desaf\u00edos sociales y Soluciones regionales a una crisis global: consensos para fortalecer la acci\u00f3n clim\u00e1tica.&nbsp;En cada uno de estos paneles, intervendr\u00e1n&nbsp;parlamentarios de la regi\u00f3n, directivos de CAF y expertos internacionales.<\/p>\n\n\n\n<p>El foro propone abordar el papel de los congresos para enfrentar los desaf\u00edos cr\u00edticos de Am\u00e9rica Latina y el Caribe en su camino hacia el desarrollo sostenible.&nbsp;&nbsp;Dada la creciente relevancia de los \u00f3rganos legislativos es fundamental la convergencia de esfuerzos pol\u00edtico institucionales para enfrentar los retos actuales y construir las bases de un mejor futuro.<\/p>\n\n\n\n<p><strong>Luis Mor\u00e1n<\/strong>\u00a0&lt;lmoran@mccomunicaciones.com.pa> <\/p>\n","protected":false},"excerpt":{"rendered":"<p>-Expresidenta de Chile, Michelle Bachelet, dar\u00e1 conferencia magistral Ciudad de Panam\u00e1, 6 de septiembre de 2024 &#8211;&nbsp;El Parlamento Latinoamericano y Caribe\u00f1o (PARLATINO) y CAF -banco de desarrollo de Am\u00e9rica Latina y el Caribe- unen esfuerzos para realizar el Primer Encuentro Internacional Di\u00e1logos para el Desarrollo, una iniciativa que abordar\u00e1 los desaf\u00edos econ\u00f3micos, sociales, pol\u00edticos y [&hellip;]<\/p>\n","protected":false},"author":7,"featured_media":557056,"comment_status":"closed","ping_status":"closed","sticky":false,"template":"","format":"standard","meta":{"footnotes":""},"categories":[18],"tags":[],"class_list":["post-557045","post","type-post","status-publish","format-standard","has-post-thumbnail","hentry","category-economia"],"_links":{"self":[{"href":"https:\/\/diariodominicano.com\/index.php?rest_route=\/wp\/v2\/posts\/557045","targetHints":{"allow":["GET"]}}],"collection":[{"href":"https:\/\/diariodominicano.com\/index.php?rest_route=\/wp\/v2\/posts"}],"about":[{"href":"https:\/\/diariodominicano.com\/index.php?rest_route=\/wp\/v2\/types\/post"}],"author":[{"embeddable":true,"href":"https:\/\/diariodominicano.com\/index.php?rest_route=\/wp\/v2\/users\/7"}],"replies":[{"embeddable":true,"href":"https:\/\/diariodominicano.com\/index.php?rest_route=%2Fwp%2Fv2%2Fcomments&post=557045"}],"version-history":[{"count":1,"href":"https:\/\/diariodominicano.com\/index.php?rest_route=\/wp\/v2\/posts\/557045\/revisions"}],"predecessor-version":[{"id":557057,"href":"https:\/\/diariodominicano.com\/index.php?rest_route=\/wp\/v2\/posts\/557045\/revisions\/557057"}],"wp:featuredmedia":[{"embeddable":true,"href":"https:\/\/diariodominicano.com\/index.php?rest_route=\/wp\/v2\/media\/557056"}],"wp:attachment":[{"href":"https:\/\/diariodominicano.com\/index.php?rest_route=%2Fwp%2Fv2%2Fmedia&parent=557045"}],"wp:term":[{"taxonomy":"category","embeddable":true,"href":"https:\/\/diariodominicano.com\/index.php?rest_route=%2Fwp%2Fv2%2Fcategories&post=557045"},{"taxonomy":"post_tag","embeddable":true,"href":"https:\/\/diariodominicano.com\/index.php?rest_route=%2Fwp%2Fv2%2Ftags&post=557045"}],"curies":[{"name":"wp","href":"https:\/\/api.w.org\/{rel}","templated":true}]}}