{"id":557023,"date":"2024-09-06T13:14:25","date_gmt":"2024-09-06T17:14:25","guid":{"rendered":"https:\/\/diariodominicano.com\/?p=557023"},"modified":"2024-09-06T13:14:31","modified_gmt":"2024-09-06T17:14:31","slug":"crecimiento-del-empleo-en-eeuu-no-alcanza-expectativas-en-agosto-tasa-de-desempleo-cae-al-42","status":"publish","type":"post","link":"https:\/\/diariodominicano.com\/?p=557023","title":{"rendered":"Crecimiento del empleo en EEUU no alcanza expectativas en agosto; tasa de desempleo cae al 4,2 %"},"content":{"rendered":"\n<p>septiembre 06, 2024<\/p>\n\n\n\n<ul class=\"wp-block-list\">\n<li><a href=\"https:\/\/www.vozdeamerica.com\/author\/voz-de-america-redaccion\/p_kym\">Voz de Am\u00e9rica &#8211; Redacci\u00f3n<\/a><\/li>\n<\/ul>\n\n\n\n<p><a href=\"https:\/\/www.vozdeamerica.com\/a\/crecimiento-empleo-eeuu-no-alcanza-expectativas-agosto-tasa-desempleo-cae-\/7774106.html#comments\">&nbsp;Vea comentarios<\/a><\/p>\n\n\n\n<p>El empleo en EEUU aument\u00f3 menos de lo esperado el mes pasado, pero una ca\u00edda en la tasa de desempleo al 4,2 % sugiri\u00f3 que la desaceleraci\u00f3n ordenada del mercado laboral continu\u00f3.<\/p>\n\n\n\n<p>El empleo en Estados Unidos aument\u00f3 menos de lo esperado en agosto, pero una ca\u00edda en la tasa de desempleo al 4,2 % sugiri\u00f3 que la desaceleraci\u00f3n ordenada del mercado laboral continu\u00f3 y probablemente no justific\u00f3 un gran recorte de las tasas de inter\u00e9s por parte de la Reserva Federal este mes.<\/p>\n\n\n\n<p>Las n\u00f3minas no agr\u00edcolas aumentaron en 142.000 puestos de trabajo el mes pasado despu\u00e9s de un aumento revisado a la baja de 89.000 en julio, dijo el viernes la Oficina de Estad\u00edsticas Laborales del Departamento de Trabajo. Los economistas encuestados por Reuters hab\u00edan pronosticado que las n\u00f3minas aumentar\u00edan en 160.000 puestos de trabajo despu\u00e9s de un aumento informado previamente de 114.000 en julio. Las estimaciones oscilaban entre 100.000 y 245.000 puestos de trabajo.<\/p>\n\n\n\n<p><a href=\"https:\/\/www.vozdeamerica.com\/a\/bostic-fed-advierte-riesgo-mantener-una-politica-restrictiva-durante-demasiado-tiempo\/7771094.html\"><\/a><\/p>\n\n\n\n<p><a href=\"https:\/\/www.vozdeamerica.com\/a\/bostic-fed-advierte-riesgo-mantener-una-politica-restrictiva-durante-demasiado-tiempo\/7771094.html\">TAMBI\u00c9N LEA<\/a><\/p>\n\n\n\n<h4 class=\"wp-block-heading\"><a href=\"https:\/\/www.vozdeamerica.com\/a\/bostic-fed-advierte-riesgo-mantener-una-politica-restrictiva-durante-demasiado-tiempo\/7771094.html\">Bostic de la Fed advierte del riesgo de mantener pol\u00edtica restrictiva durante demasiado tiempo<\/a><\/h4>\n\n\n\n<p>El aumento menor de lo esperado en las n\u00f3minas probablemente no indique un deterioro en las condiciones del mercado laboral.<\/p>\n\n\n\n<p>Las n\u00f3minas de agosto tienden a ser inicialmente m\u00e1s d\u00e9biles en relaci\u00f3n con la estimaci\u00f3n de consenso y la tendencia reciente antes de ser revisadas al alza m\u00e1s tarde. La contrataci\u00f3n suele repuntar en el sector de la educaci\u00f3n, como prev\u00e9 el modelo que utiliza el gobierno para eliminar las fluctuaciones estacionales de los datos.<\/p>\n\n\n\n<p>Sin embargo, el inicio del nuevo a\u00f1o escolar var\u00eda en todo el pa\u00eds, lo que puede alterar los denominados factores estacionales. Las cifras iniciales de n\u00f3minas de agosto se han revisado al alza en 10 de los \u00faltimos 13 a\u00f1os. Los despidos se mantienen en niveles hist\u00f3ricamente bajos.<\/p>\n\n\n\n<p>La ca\u00edda de la tasa de desempleo sigui\u00f3 a cuatro aumentos mensuales consecutivos, que la hab\u00edan llevado cerca de un m\u00e1ximo de tres a\u00f1os del 4,3% en julio. A primera hora del viernes, los mercados financieros ve\u00edan una probabilidad de aproximadamente el 43% de un recorte de la tasa de medio punto en la reuni\u00f3n de pol\u00edtica monetaria de la Fed del 17 y 18 de septiembre, seg\u00fan la herramienta FedWatch de CME Group. Las probabilidades de una reducci\u00f3n de la tasa de 25 puntos b\u00e1sicos rondaban el 57%.<\/p>\n\n\n\n<p>Las ganancias medias por hora aumentaron un 0,4 % en agosto tras caer un 0,1 % en julio. Los salarios aumentaron un 3,8 % interanual tras avanzar un 3,6 % en julio. El crecimiento salarial, a\u00fan s\u00f3lido, contin\u00faa apuntalando la econom\u00eda a trav\u00e9s del gasto del consumidor.<\/p>\n\n\n\n<p><em>[Con informaci\u00f3n de Reuters]<\/em><\/p>\n","protected":false},"excerpt":{"rendered":"<p>septiembre 06, 2024 &nbsp;Vea comentarios El empleo en EEUU aument\u00f3 menos de lo esperado el mes pasado, pero una ca\u00edda en la tasa de desempleo al 4,2 % sugiri\u00f3 que la desaceleraci\u00f3n ordenada del mercado laboral continu\u00f3. El empleo en Estados Unidos aument\u00f3 menos de lo esperado en agosto, pero una ca\u00edda en la tasa [&hellip;]<\/p>\n","protected":false},"author":28,"featured_media":557024,"comment_status":"closed","ping_status":"closed","sticky":true,"template":"","format":"standard","meta":{"footnotes":""},"categories":[18,23],"tags":[],"class_list":["post-557023","post","type-post","status-publish","format-standard","has-post-thumbnail","hentry","category-economia","category-internacional"],"_links":{"self":[{"href":"https:\/\/diariodominicano.com\/index.php?rest_route=\/wp\/v2\/posts\/557023","targetHints":{"allow":["GET"]}}],"collection":[{"href":"https:\/\/diariodominicano.com\/index.php?rest_route=\/wp\/v2\/posts"}],"about":[{"href":"https:\/\/diariodominicano.com\/index.php?rest_route=\/wp\/v2\/types\/post"}],"author":[{"embeddable":true,"href":"https:\/\/diariodominicano.com\/index.php?rest_route=\/wp\/v2\/users\/28"}],"replies":[{"embeddable":true,"href":"https:\/\/diariodominicano.com\/index.php?rest_route=%2Fwp%2Fv2%2Fcomments&post=557023"}],"version-history":[{"count":1,"href":"https:\/\/diariodominicano.com\/index.php?rest_route=\/wp\/v2\/posts\/557023\/revisions"}],"predecessor-version":[{"id":557025,"href":"https:\/\/diariodominicano.com\/index.php?rest_route=\/wp\/v2\/posts\/557023\/revisions\/557025"}],"wp:featuredmedia":[{"embeddable":true,"href":"https:\/\/diariodominicano.com\/index.php?rest_route=\/wp\/v2\/media\/557024"}],"wp:attachment":[{"href":"https:\/\/diariodominicano.com\/index.php?rest_route=%2Fwp%2Fv2%2Fmedia&parent=557023"}],"wp:term":[{"taxonomy":"category","embeddable":true,"href":"https:\/\/diariodominicano.com\/index.php?rest_route=%2Fwp%2Fv2%2Fcategories&post=557023"},{"taxonomy":"post_tag","embeddable":true,"href":"https:\/\/diariodominicano.com\/index.php?rest_route=%2Fwp%2Fv2%2Ftags&post=557023"}],"curies":[{"name":"wp","href":"https:\/\/api.w.org\/{rel}","templated":true}]}}