{"id":557003,"date":"2024-09-06T12:33:30","date_gmt":"2024-09-06T16:33:30","guid":{"rendered":"https:\/\/diariodominicano.com\/?p=557003"},"modified":"2024-09-06T12:33:43","modified_gmt":"2024-09-06T16:33:43","slug":"condenan-a-cinco-anos-de-prision-a-hombre-que-agredio-a-su-hermana-y-a-un-sobrino-en-spm","status":"publish","type":"post","link":"https:\/\/diariodominicano.com\/?p=557003","title":{"rendered":"Condenan a cinco a\u00f1os de prisi\u00f3n a hombre que agredi\u00f3 a su hermana y a un sobrino en SPM"},"content":{"rendered":"\n<p>diariodominicano.com<\/p>\n\n\n\n<p><strong>San  Pedro de Macor\u00eds, R. D., 6 de septiembre, 2024.-<\/strong>\u00a0El Tribunal Colegiado de este distrito judicial conden\u00f3 a cinco a\u00f1os de prisi\u00f3n a un hombre que agredi\u00f3 a su hermana y a su sobrino en un hecho ocurrido en noviembre del a\u00f1o 2019, en la calle principal del Barrio Brisas del Este, del municipio de San Pedro de Macor\u00eds<\/p>\n\n\n\n<p>El tribunal, que integran los jueces, Juan de la Cruz Rijo Guillermo, Betania del Carmen Conce Polanco y Katerine Santana Mej\u00eda, dict\u00f3 la sentencia condenatoria en contra de Andy Miguel Carmona, por las agresiones cometidas en contra de su hermana Claribel Carmona Reyes y de su sobrino de 10 a\u00f1os de edad, de iniciales Y.C.<\/p>\n\n\n\n<p>El Ministerio P\u00fablico, representado por la fiscal litigante Estela Santana Castro, de la Unidad de Atenci\u00f3n a V\u00edctimas de Violencia de G\u00e9nero, Intrafamiliar y Delitos Sexuales de esta jurisdicci\u00f3n, demostr\u00f3 que el hoy procesado, con sus acciones, violent\u00f3 el art\u00edculo 309 numerales 2 y 3 letra D del C\u00f3digo Penal Dominicano.<\/p>\n\n\n\n<p>La investigaci\u00f3n realizada por el fiscal Daviarys E. Garc\u00eda Navarro, establece que los hechos se produjeron la noche del 23 de noviembre del a\u00f1o 2019, cuando el agresor fue arrestado en flagrante delito, tras golpear a su sobrino en el rostro con una tabla de madera, provoc\u00e1ndole con el golpe un trauma en la regi\u00f3n occipital y luego atac\u00f3 a su hermana, la madre de su sobrino, a quien le produjo un trauma en la boca, abrasi\u00f3n en la cara posterior, e hiri\u00f3 con un cuchillo en el brazo izquierdo.<\/p>\n\n\n\n<p>Por decisi\u00f3n del tribunal, el procesado deber\u00e1 cumplir la pena en el Centro de Correcci\u00f3n y Rehabilitaci\u00f3n de San Pedro de Macor\u00eds (CCR-11).<\/p>\n\n\n\n<p><strong>Direcci\u00f3n General de Comunicaci\u00f3n, Prensa, y RRPP<\/strong><strong><\/strong><\/p>\n\n\n\n<p>Ministerio P\u00fablico.&nbsp;R.D.<\/p>\n\n\n\n<p>Viernes, 6 de septiembre de 2024<\/p>\n","protected":false},"excerpt":{"rendered":"<p>diariodominicano.com San Pedro de Macor\u00eds, R. D., 6 de septiembre, 2024.-\u00a0El Tribunal Colegiado de este distrito judicial conden\u00f3 a cinco a\u00f1os de prisi\u00f3n a un hombre que agredi\u00f3 a su hermana y a su sobrino en un hecho ocurrido en noviembre del a\u00f1o 2019, en la calle principal del Barrio Brisas del Este, del municipio [&hellip;]<\/p>\n","protected":false},"author":5,"featured_media":290332,"comment_status":"closed","ping_status":"closed","sticky":true,"template":"","format":"standard","meta":{"footnotes":""},"categories":[24,27],"tags":[],"class_list":["post-557003","post","type-post","status-publish","format-standard","has-post-thumbnail","hentry","category-justicia-y-derecho","category-portada"],"_links":{"self":[{"href":"https:\/\/diariodominicano.com\/index.php?rest_route=\/wp\/v2\/posts\/557003","targetHints":{"allow":["GET"]}}],"collection":[{"href":"https:\/\/diariodominicano.com\/index.php?rest_route=\/wp\/v2\/posts"}],"about":[{"href":"https:\/\/diariodominicano.com\/index.php?rest_route=\/wp\/v2\/types\/post"}],"author":[{"embeddable":true,"href":"https:\/\/diariodominicano.com\/index.php?rest_route=\/wp\/v2\/users\/5"}],"replies":[{"embeddable":true,"href":"https:\/\/diariodominicano.com\/index.php?rest_route=%2Fwp%2Fv2%2Fcomments&post=557003"}],"version-history":[{"count":1,"href":"https:\/\/diariodominicano.com\/index.php?rest_route=\/wp\/v2\/posts\/557003\/revisions"}],"predecessor-version":[{"id":557004,"href":"https:\/\/diariodominicano.com\/index.php?rest_route=\/wp\/v2\/posts\/557003\/revisions\/557004"}],"wp:featuredmedia":[{"embeddable":true,"href":"https:\/\/diariodominicano.com\/index.php?rest_route=\/wp\/v2\/media\/290332"}],"wp:attachment":[{"href":"https:\/\/diariodominicano.com\/index.php?rest_route=%2Fwp%2Fv2%2Fmedia&parent=557003"}],"wp:term":[{"taxonomy":"category","embeddable":true,"href":"https:\/\/diariodominicano.com\/index.php?rest_route=%2Fwp%2Fv2%2Fcategories&post=557003"},{"taxonomy":"post_tag","embeddable":true,"href":"https:\/\/diariodominicano.com\/index.php?rest_route=%2Fwp%2Fv2%2Ftags&post=557003"}],"curies":[{"name":"wp","href":"https:\/\/api.w.org\/{rel}","templated":true}]}}