{"id":556994,"date":"2024-09-06T14:23:57","date_gmt":"2024-09-06T18:23:57","guid":{"rendered":"https:\/\/diariodominicano.com\/?p=556994"},"modified":"2024-09-06T14:32:44","modified_gmt":"2024-09-06T18:32:44","slug":"condenan-a-cinco-anos-de-prision-a-hombre-que-agredio-a-su-hermana-y-a-un-sobrino-en-spm-2","status":"publish","type":"post","link":"https:\/\/diariodominicano.com\/?p=556994","title":{"rendered":"La Direcci\u00f3n General de Servicios Penitenciarios y Correccionales realiza jornada de vacunaci\u00f3n contra la Hepatitis B"},"content":{"rendered":"\n<p><strong>Santo Domingo (R.D.), viernes, 6 de septiembre de 2024.<\/strong>&nbsp;La Direcci\u00f3n General de Servicios Penitenciarios y Correccionales (DGSPC), en coordinaci\u00f3n&nbsp;&nbsp; con el Servicio Nacional de Salud (SNS), dejaron iniciada la ma\u00f1ana de hoy la jornada de vacunaci\u00f3n&nbsp; preventiva&nbsp; contra&nbsp; la&nbsp; hepatitis B,&nbsp;&nbsp; dirigida&nbsp; al personal&nbsp; interno&nbsp; que&nbsp; labora&nbsp; en el sistema penitenciario.<\/p>\n\n\n\n<p>Al ofrecer la informaci\u00f3n, el director de la DGSP, coronel Roberto Hern\u00e1ndez Basilio, dijo que la jornada se realizar\u00e1 de manera simult\u00e1nea en el edificio que alberga la DGSPC&nbsp; y&nbsp; en otro m\u00f3dulo en las&nbsp; oficinas&nbsp; administrativas de la DGSPC,&nbsp; ubicadas en el sector&nbsp; Los&nbsp; R\u00edos, para&nbsp;&nbsp; asistir a un mayor n\u00famero de&nbsp; colaboradores, estim\u00e1ndose en casi&nbsp; 300 los colaboradores de la Procuradur\u00eda General de la Rep\u00fablica y la DGSPC los beneficiados.<\/p>\n\n\n\n<p>La doctora Yokasta Lara, subdirectora del Servicio Nacional de Salud, inform\u00f3 que para un mayor \u00e9xito de la jornada, se ha dispuesto personal de enfermer\u00eda suficiente, que desde&nbsp; las&nbsp; 9:00&nbsp; de la ma\u00f1ana&nbsp; hasta&nbsp; las&nbsp; 2:00&nbsp; de la&nbsp; tarde, trabajar\u00e1n en las&nbsp; jornadas&nbsp; de&nbsp; inoculaci\u00f3n&nbsp; contra&nbsp; la Hepatitis B, para los empleados del sistema y la Procuradur\u00eda General de la Rep\u00fablica .<\/p>\n\n\n\n<p>La doctora Lara dijo que esta es una primera etapa, que se pretende replicar en todo el territorio nacional, para cubrir un mayor n\u00famero de colaboradores, al tiempo que sostuvo \u00abque esta&nbsp; jornada se enmarca en las cooperaciones interinstitucionales permanentes entre&nbsp; la&nbsp; entidad&nbsp; que&nbsp; dirige y la DGSPC, tanto para los empleados , as\u00ed como&nbsp; para&nbsp; el beneficio de los m\u00e1s&nbsp; vulnerables&nbsp; que son&nbsp; los&nbsp; internos en conflictos&nbsp; con la ley penal\u00bb.<\/p>\n","protected":false},"excerpt":{"rendered":"<p>Santo Domingo (R.D.), viernes, 6 de septiembre de 2024.&nbsp;La Direcci\u00f3n General de Servicios Penitenciarios y Correccionales (DGSPC), en coordinaci\u00f3n&nbsp;&nbsp; con el Servicio Nacional de Salud (SNS), dejaron iniciada la ma\u00f1ana de hoy la jornada de vacunaci\u00f3n&nbsp; preventiva&nbsp; contra&nbsp; la&nbsp; hepatitis B,&nbsp;&nbsp; dirigida&nbsp; al personal&nbsp; interno&nbsp; que&nbsp; labora&nbsp; en el sistema penitenciario. Al ofrecer la informaci\u00f3n, [&hellip;]<\/p>\n","protected":false},"author":7,"featured_media":557035,"comment_status":"closed","ping_status":"closed","sticky":false,"template":"","format":"standard","meta":{"footnotes":""},"categories":[24],"tags":[],"class_list":["post-556994","post","type-post","status-publish","format-standard","has-post-thumbnail","hentry","category-justicia-y-derecho"],"_links":{"self":[{"href":"https:\/\/diariodominicano.com\/index.php?rest_route=\/wp\/v2\/posts\/556994","targetHints":{"allow":["GET"]}}],"collection":[{"href":"https:\/\/diariodominicano.com\/index.php?rest_route=\/wp\/v2\/posts"}],"about":[{"href":"https:\/\/diariodominicano.com\/index.php?rest_route=\/wp\/v2\/types\/post"}],"author":[{"embeddable":true,"href":"https:\/\/diariodominicano.com\/index.php?rest_route=\/wp\/v2\/users\/7"}],"replies":[{"embeddable":true,"href":"https:\/\/diariodominicano.com\/index.php?rest_route=%2Fwp%2Fv2%2Fcomments&post=556994"}],"version-history":[{"count":2,"href":"https:\/\/diariodominicano.com\/index.php?rest_route=\/wp\/v2\/posts\/556994\/revisions"}],"predecessor-version":[{"id":557033,"href":"https:\/\/diariodominicano.com\/index.php?rest_route=\/wp\/v2\/posts\/556994\/revisions\/557033"}],"wp:featuredmedia":[{"embeddable":true,"href":"https:\/\/diariodominicano.com\/index.php?rest_route=\/wp\/v2\/media\/557035"}],"wp:attachment":[{"href":"https:\/\/diariodominicano.com\/index.php?rest_route=%2Fwp%2Fv2%2Fmedia&parent=556994"}],"wp:term":[{"taxonomy":"category","embeddable":true,"href":"https:\/\/diariodominicano.com\/index.php?rest_route=%2Fwp%2Fv2%2Fcategories&post=556994"},{"taxonomy":"post_tag","embeddable":true,"href":"https:\/\/diariodominicano.com\/index.php?rest_route=%2Fwp%2Fv2%2Ftags&post=556994"}],"curies":[{"name":"wp","href":"https:\/\/api.w.org\/{rel}","templated":true}]}}