{"id":55683,"date":"2020-11-05T14:02:05","date_gmt":"2020-11-05T14:02:05","guid":{"rendered":"http:\/\/diariodominicano.ddns.net\/?p=55683"},"modified":"2020-11-05T14:02:05","modified_gmt":"2020-11-05T14:02:05","slug":"mescyt-y-policia-nacional-buscan-impartir-primer-doctorado-en-analisis-e-investigacion-criminal-en-el-pais","status":"publish","type":"post","link":"https:\/\/diariodominicano.com\/?p=55683","title":{"rendered":"MESCYT y Polic\u00eda Nacional  buscan impartir primer doctorado en an\u00e1lisis e investigaci\u00f3n criminal en el pa\u00eds"},"content":{"rendered":"<p><body><\/p>\n<p><img decoding=\"async\" src=\"img3\/Mescyt-PN5-11-20.jpeg\" \/><br \/><img decoding=\"async\" src=\"img3\/PNMescyt5-11-20.jpeg\" \/>  <\/p>\n<p><span class=\"text1noticias\">diariodominicano.com <\/span><\/p>\n<p><span class=\"text1noticias\"> <\/span><\/p>\n<p><span class=\"text1noticias\">Santo Domingo, R. D., 5 de noviembre, 2020.- El Ministro de Educaci\u00f3n Superior, Ciencia y Tecnolog\u00eda (MESCYT), doctor Franklin Garc\u00eda Ferm\u00edn, y el Director General de la Polic\u00eda Nacional, mayor general Edward S\u00e1nchez Gonz\u00e1lez, sostuvieron una reuni\u00f3n de trabajo donde anunciaron que se encaminan a la firma de un acuerdo interinstitucional para la formaci\u00f3n de los primeros doctores en an\u00e1lisis e investigaci\u00f3n criminal del pa\u00eds. <\/span><\/p>\n<p><span class=\"text1noticias\"> <\/span><\/p>\n<p><span class=\"text1noticias\">En la reuni\u00f3n efectuada en el Club para Oficiales de la Palacio de la Polic\u00eda Nacional, Garc\u00eda Ferm\u00edn explic\u00f3 que existe una base legal y leg\u00edtima para encaminar un convenio entre las instituciones, que se llevar\u00eda a cabo integrando a los directores de las Escuelas de Investigaci\u00f3n  de las diferentes universidades del pa\u00eds, en alianza estrat\u00e9gica con academias extranjeras.<\/span><\/p>\n<p><span class=\"text1noticias\"> <\/span><\/p>\n<p><span class=\"text1noticias\">El funcionario garantiz\u00f3 que el programa acad\u00e9mico estar\u00e1 totalmente costeado por el MESCYT, como parte de una pol\u00edtica que beneficiar\u00e1 el sistema de ense\u00f1anza de investigaci\u00f3n policial, teniendo como objetivo convertir una significativa cantidad de especialistas al m\u00e1s alto nivel. <\/span><\/p>\n<p><span class=\"text1noticias\"> <\/span><\/p>\n<p><span class=\"text1noticias\">\u00abLa voluntad del MESCYT es apoyar en todo lo que la polic\u00eda necesite para que la educaci\u00f3n se eleve al m\u00e1s alto nivel porque la polic\u00eda tiene una responsabilidad de perseguir a todo  aquel que vaya en contra del orden p\u00fablico\u00bb, subray\u00f3.<\/span><\/p>\n<p><span class=\"text1noticias\"> <\/span><\/p>\n<p><span class=\"text1noticias\">Destac\u00f3 que el presidente Luis Abinader tiene tres grandes ejes de su ejecutoria de gobierno, entre los cuales est\u00e1 la seguridad ciudadana.<\/span><\/p>\n<p><span class=\"text1noticias\"> <\/span><\/p>\n<p><span class=\"text1noticias\">Expuso que ha estado coordinando con la Escuela Nacional del Ministerio P\u00fablico, la Direcci\u00f3n Nacional  de Control  de Drogas (DNCD) y la Polic\u00eda Nacional,  para  la implementaci\u00f3n un doctorado en materia de an\u00e1lisis e investigaci\u00f3n criminal con triple titulaci\u00f3n.<\/span><\/p>\n<p><span class=\"text1noticias\"> <\/span><\/p>\n<p><span class=\"text1noticias\">Asegur\u00f3 que formar al primer grupo de doctores en investigaci\u00f3n criminal  conllevar\u00e1 la elevaci\u00f3n del fortalecimiento de las investigaciones a trav\u00e9s de profesionales que servir\u00e1n para capacitar a otros.<\/span><\/p>\n<p><span class=\"text1noticias\"> <\/span><\/p>\n<p><span class=\"text1noticias\">De su lado, el director de la Polic\u00eda Nacional, mayor general Edward S\u00e1nchez Gonz\u00e1lez, present\u00f3 a Garc\u00eda Ferm\u00edn el sistema educativo de la instituci\u00f3n y calific\u00f3 como trascendental y un gran paso de avance, el hecho de que el MESCYT decida apoyar la preparaci\u00f3n de agentes policiales en programas doctorales.<\/span><\/p>\n<p><span class=\"text1noticias\"> <\/span><\/p>\n<p><span class=\"text1noticias\">\u00abEsa voluntad marcar\u00e1 un hito y un cambio, y el fortalecimiento del sistema estar\u00eda garantizado\u00bb, acot\u00f3 el alto oficial, quien resalt\u00f3 la labor realizada por Garc\u00eda Ferm\u00edn.<\/span><\/p>\n<p><span class=\"text1noticias\"> <\/span><\/p>\n<p><span class=\"text1noticias\">S\u00e1nchez Gonz\u00e1lez asegur\u00f3 que el sistema policial de educaci\u00f3n superior va por buen camino y es determinante la asesor\u00eda del MESCYT, porque la Polic\u00eda est\u00e1 abocada al fortalecimiento de su programa educativo, para ser m\u00e1s profesional y validaci\u00f3n social.<\/span><\/p>\n<p><span class=\"text1noticias\"> <\/span><\/p>\n<p><span class=\"text1noticias\">\u00abEs un d\u00eda hist\u00f3rico para nosotros, tenemos muchas esperanzas y agradecemos deferentemente su acompa\u00f1amiento y expresarle que nuestra instituci\u00f3n est\u00e1 a su entera disposici\u00f3n\u00bb, acot\u00f3.<\/span><\/p>\n<p><span class=\"text1noticias\"> <\/span><\/p>\n<p><span class=\"text1noticias\">Estuvieron presentes los viceministros del MESCYT, Juan Francisco Viloria, Jos\u00e9 A. Cancel, Genaro Rodr\u00edguez Mart\u00ednez; el asesor especial, Julio Altagracia;  el director de Gabinete, Juan F Medina; el rector del Instituto Policial de Educaci\u00f3n (IPE), general de brigada Orizon Olivence Minaya; el vicerrector acad\u00e9mico, teniente coronel Cecilio Delgado Agramonte; el vicerrector de investigaci\u00f3n y extensi\u00f3n, Rafael Quezada; el director de la escuela de altos estudios, Jos\u00e9 D\u00b4Oleo; y el director de la Escuela de Cadetes \u00abMayor General \u00ae Jos\u00e9 F\u00e9lix Rafael Hermida Gonz\u00e1lez\u00bb, coronel Paul Cordero Montes de Oca.<\/span><\/p>\n<p><span class=\"text1noticias\">  <\/span><\/p>\n<p><span class=\"text1noticias\">PIE DE FOTO;<\/span><\/p>\n<p><span class=\"text1noticias\">El Ministro del MESCYT, doctor Franklin Garc\u00eda Ferm\u00edn, y el Director General de la Polic\u00eda Nacional, mayor general Edward S\u00e1nchez Gonz\u00e1lez, sostuvieron  una r<\/span>euni\u00f3n de trabajo.<\/p>\n<\/p>\n<p><span class=\"text1noticias\">Fuente: Federico Mendez Nova<\/span><\/p>\n<p><span class=\"text1noticias\">Ministerio de Educaci\u00f3n Superior, Ciencia y Tecnolog\u00eda (MESCYT)<\/span><\/p>\n<h6> 2020-11-05 14:02:05 <\/h6>\n<p><!--\n<link rel=\"stylesheet\" href=\"css\/bootstrap.min.css\">\n\n\n<ul class=\"pagination\">\n\t    \n\t\n\n<li >\n\t<a href='?page_no=76'>Previous<\/a>\n\t<\/li>\n\n\n       \n    \n\n<li><a href='?page_no=1'>1<\/a><\/li>\n\n\n\n<li><a href='?page_no=2'>2<\/a><\/li>\n\n\n\n<li><a>...<\/a><\/li>\n\n\n\n<li><a href='?page_no=75'>75<\/a><\/li>\n\n\n\n<li><a href='?page_no=76'>76<\/a><\/li>\n\n\n\n<li class='active'><a>77<\/a><\/li>\n\n\n\n<li><a href='?page_no=78'>78<\/a><\/li>\n\n\n\n<li><a href='?page_no=79'>79<\/a><\/li>\n\n\n\n<li><a>...<\/a><\/li>\n\n\n\n<li><a href='?page_no=22911'>22911<\/a><\/li>\n\n\n\n<li><a href='?page_no=22912'>22912<\/a><\/li>\n\n    \n\t\n\n<li >\n\t<a href='?page_no=78'>Next<\/a>\n\t<\/li>\n\n\n    \n\n<li><a href='?page_no=22912'>Last &rsaquo;&rsaquo;<\/a><\/li>\n\n<\/ul>\n\n\n--><br \/>\n<\/body><\/p>\n","protected":false},"excerpt":{"rendered":"<p>diariodominicano.com Santo Domingo, R. D., 5 de noviembre, 2020.- El Ministro de Educaci\u00f3n Superior, Ciencia y Tecnolog\u00eda (MESCYT), doctor Franklin Garc\u00eda Ferm\u00edn, y el Director General de la Polic\u00eda Nacional, mayor general Edward S\u00e1nchez Gonz\u00e1lez, sostuvieron una reuni\u00f3n de trabajo donde anunciaron que se encaminan a la firma de un acuerdo interinstitucional para la formaci\u00f3n [&hellip;]<\/p>\n","protected":false},"author":3,"featured_media":0,"comment_status":"open","ping_status":"open","sticky":false,"template":"","format":"standard","meta":{"footnotes":""},"categories":[21],"tags":[],"class_list":["post-55683","post","type-post","status-publish","format-standard","hentry","category-cultura"],"_links":{"self":[{"href":"https:\/\/diariodominicano.com\/index.php?rest_route=\/wp\/v2\/posts\/55683","targetHints":{"allow":["GET"]}}],"collection":[{"href":"https:\/\/diariodominicano.com\/index.php?rest_route=\/wp\/v2\/posts"}],"about":[{"href":"https:\/\/diariodominicano.com\/index.php?rest_route=\/wp\/v2\/types\/post"}],"author":[{"embeddable":true,"href":"https:\/\/diariodominicano.com\/index.php?rest_route=\/wp\/v2\/users\/3"}],"replies":[{"embeddable":true,"href":"https:\/\/diariodominicano.com\/index.php?rest_route=%2Fwp%2Fv2%2Fcomments&post=55683"}],"version-history":[{"count":0,"href":"https:\/\/diariodominicano.com\/index.php?rest_route=\/wp\/v2\/posts\/55683\/revisions"}],"wp:attachment":[{"href":"https:\/\/diariodominicano.com\/index.php?rest_route=%2Fwp%2Fv2%2Fmedia&parent=55683"}],"wp:term":[{"taxonomy":"category","embeddable":true,"href":"https:\/\/diariodominicano.com\/index.php?rest_route=%2Fwp%2Fv2%2Fcategories&post=55683"},{"taxonomy":"post_tag","embeddable":true,"href":"https:\/\/diariodominicano.com\/index.php?rest_route=%2Fwp%2Fv2%2Ftags&post=55683"}],"curies":[{"name":"wp","href":"https:\/\/api.w.org\/{rel}","templated":true}]}}