{"id":556727,"date":"2024-09-05T12:45:44","date_gmt":"2024-09-05T16:45:44","guid":{"rendered":"https:\/\/diariodominicano.com\/?p=556727"},"modified":"2024-09-05T12:45:51","modified_gmt":"2024-09-05T16:45:51","slug":"prision-preventiva-para-hombre-que-cerceno-una-mano-a-otro-durante-una-discusion-en-las-matas-de-farfan","status":"publish","type":"post","link":"https:\/\/diariodominicano.com\/?p=556727","title":{"rendered":"Prisi\u00f3n preventiva para hombre que cercen\u00f3 una mano a otro durante una discusi\u00f3n en Las Matas de Farf\u00e1n"},"content":{"rendered":"\n<p>diariodominicano.com<\/p>\n\n\n\n<p><strong>Las Matas de Farf\u00e1n (R.D.), jueves, 5 de septiembre de 2024.<\/strong>&nbsp;Fueron impuestos tres meses de prisi\u00f3n preventiva a un hombre que le cercen\u00f3 la mano izquierda a otro al propinarle varios machetazos mientras sosten\u00edan una discusi\u00f3n, en un hecho ocurrido el pasado 11 de agosto, en la calle Nelson Ruiz, del sector Villa Esperanza,&nbsp; en Las Matas de Farf\u00e1n.<\/p>\n\n\n\n<p>El juez del Juzgado de la Instrucci\u00f3n de este distrito judicial, C\u00e9sar Quezada, le impuso la medida de coerci\u00f3n al imputado Miguel Bienvenido S\u00e1nchez Familia (Miguel P\u00e9rez y\/o Nariz) y dispuso que la cumpla en la c\u00e1rcel p\u00fablica de San Juan de la Maguana, en la provincia San Juan.<\/p>\n\n\n\n<p>Sobre los hechos, el Ministerio P\u00fablico refiere que S\u00e1nchez Familia actu\u00f3 con premeditaci\u00f3n y asechanza en contra de la v\u00edctima, el se\u00f1or Francisco Viola. Ambos se enfrentaron en una pelea en momentos en que el imputado agred\u00eda a una sobrina de la v\u00edctima.<\/p>\n\n\n\n<p>Se\u00f1ala que el ahora procesado estaba pr\u00f3fugo y que fue arrestado mediante la orden judicial No. 0654-2024-ESDAM-00302.<\/p>\n\n\n\n<p>Durante el conocimiento de la medida, la representante del Ministerio P\u00fablico, Diana Ram\u00edrez, aport\u00f3 al tribunal diferentes evidencias que vinculan al imputado con el caso.<\/p>\n\n\n\n<p>De manera preliminar este caso ha recibido la calificaci\u00f3n jur\u00eddica de violaci\u00f3n a los art\u00edculos 309 y 310 del C\u00f3digo Penal Dominicano y la Ley 631-16 para el Control y Regulaci\u00f3n de Armas, Municiones y Materiales Relacionados.<\/p>\n\n\n\n<p><strong>Comunicaciones PGR<\/strong><\/p>\n","protected":false},"excerpt":{"rendered":"<p>diariodominicano.com Las Matas de Farf\u00e1n (R.D.), jueves, 5 de septiembre de 2024.&nbsp;Fueron impuestos tres meses de prisi\u00f3n preventiva a un hombre que le cercen\u00f3 la mano izquierda a otro al propinarle varios machetazos mientras sosten\u00edan una discusi\u00f3n, en un hecho ocurrido el pasado 11 de agosto, en la calle Nelson Ruiz, del sector Villa Esperanza,&nbsp; [&hellip;]<\/p>\n","protected":false},"author":5,"featured_media":444164,"comment_status":"closed","ping_status":"closed","sticky":true,"template":"","format":"standard","meta":{"footnotes":""},"categories":[24,27],"tags":[],"class_list":["post-556727","post","type-post","status-publish","format-standard","has-post-thumbnail","hentry","category-justicia-y-derecho","category-portada"],"_links":{"self":[{"href":"https:\/\/diariodominicano.com\/index.php?rest_route=\/wp\/v2\/posts\/556727","targetHints":{"allow":["GET"]}}],"collection":[{"href":"https:\/\/diariodominicano.com\/index.php?rest_route=\/wp\/v2\/posts"}],"about":[{"href":"https:\/\/diariodominicano.com\/index.php?rest_route=\/wp\/v2\/types\/post"}],"author":[{"embeddable":true,"href":"https:\/\/diariodominicano.com\/index.php?rest_route=\/wp\/v2\/users\/5"}],"replies":[{"embeddable":true,"href":"https:\/\/diariodominicano.com\/index.php?rest_route=%2Fwp%2Fv2%2Fcomments&post=556727"}],"version-history":[{"count":1,"href":"https:\/\/diariodominicano.com\/index.php?rest_route=\/wp\/v2\/posts\/556727\/revisions"}],"predecessor-version":[{"id":556728,"href":"https:\/\/diariodominicano.com\/index.php?rest_route=\/wp\/v2\/posts\/556727\/revisions\/556728"}],"wp:featuredmedia":[{"embeddable":true,"href":"https:\/\/diariodominicano.com\/index.php?rest_route=\/wp\/v2\/media\/444164"}],"wp:attachment":[{"href":"https:\/\/diariodominicano.com\/index.php?rest_route=%2Fwp%2Fv2%2Fmedia&parent=556727"}],"wp:term":[{"taxonomy":"category","embeddable":true,"href":"https:\/\/diariodominicano.com\/index.php?rest_route=%2Fwp%2Fv2%2Fcategories&post=556727"},{"taxonomy":"post_tag","embeddable":true,"href":"https:\/\/diariodominicano.com\/index.php?rest_route=%2Fwp%2Fv2%2Ftags&post=556727"}],"curies":[{"name":"wp","href":"https:\/\/api.w.org\/{rel}","templated":true}]}}