{"id":556668,"date":"2024-09-05T08:07:45","date_gmt":"2024-09-05T12:07:45","guid":{"rendered":"https:\/\/diariodominicano.com\/?p=556668"},"modified":"2024-09-05T08:07:50","modified_gmt":"2024-09-05T12:07:50","slug":"designaran-nombre-dr-gonzalez-tamayo-a-centro-medico-alto-manhattan-durante-feria-salud","status":"publish","type":"post","link":"https:\/\/diariodominicano.com\/?p=556668","title":{"rendered":"Designar\u00e1n nombre Dr. Gonz\u00e1lez Tamayo a centro m\u00e9dico Alto Manhattan durante Feria Salud"},"content":{"rendered":"\n<p>Video:&nbsp;<a href=\"https:\/\/www.youtube.com\/watch?v=IR8bt_q3COY\" rel=\"noreferrer noopener\" target=\"_blank\">Honra en NY al Dr. Gonz\u00e1lez Tamayo, exvicepresidente Juan Bosch<\/a><\/p>\n\n\n\n<p><strong>Por Ram\u00f3n Mercedes&nbsp;<\/strong><\/p>\n\n\n\n<p><strong>NUEVA YORK.-<\/strong>&nbsp;El centro m\u00e9dico \u201cPatria Gonz\u00e1lez\u201d, ubicada en la avenida Fort Washington con la calle 180, en Alto Manhattan y visitada por cientos de pacientes al mes, ahora llevar\u00e1 el nombre del doctor Segundo Armando Gonz\u00e1lez Tamayo, quien fuera vicepresidente en el gobierno del profesor Juan Bosch, ambos derrocados el 25 de septiembre de 1965 en la RD.<\/p>\n\n\n\n<p>Para la ocasi\u00f3n, la doctora Gonz\u00e1lez, con 39 a\u00f1os ejerciendo la medicina y con varios centros de dermatolog\u00eda instaladas en el Alto Manhattan, afiliada al New York-Presbyterian Hospital y a \u201cThe Rogosin Institute-New Patients en NY\u201d, har\u00e1 una Feria de Salud el pr\u00f3ximo s\u00e1bado a partir de las 4:00 de la tarde.<\/p>\n\n\n\n<p>Al acto, en el que tambi\u00e9n ser\u00e1 reconocido el congresista Adriano Espaillat, han sido invitadas diversas personalidades, entre ellas profesionales, oficiales electos, pol\u00edticos, empresarios, comunitarios y ciudadanos comunes.<\/p>\n\n\n\n<p>La doctora Gonz\u00e1lez dijo que decidi\u00f3 ponerle el nombre de su padre al centro m\u00e9dico para honrar su memoria y enviar un mensaje a las nuevas generaciones para que conozcan y tengan presente un hecho hist\u00f3rico que marc\u00f3 la RD.<\/p>\n\n\n\n<p>Sostuvo que muchos no conocen la historia del que fuera vicepresidente de Bosch, con un pensamiento democr\u00e1tico e ideales de un gobierno del y para el pueblo.<\/p>\n\n\n\n<p>Precisa que su progenitor fue un s\u00edmbolo de honradez, tal como lo definiera recientemente Jean Aquino en un art\u00edculo publicado en la prensa dominicana, en el que dijo que \u00e9l conoci\u00f3 a dos hombres serios en el pa\u00eds; a Gonz\u00e1lez Tamayo y Jorge Mart\u00ednez Lavandier, \u00abfuncionarios que tuvieron la riqueza del pueblo a sus pies y no la tocaron\u201d.<\/p>\n\n\n\n<p>Seg\u00fan Francis M\u00e9ndez, afamado locutor dominicano en NYC, en la casa de Gonz\u00e1lez Tamayo nacieron muchos j\u00f3venes que hoy son dignos ejemplos de la juventud que criaron a seres humanos como \u00e9l.<\/p>\n\n\n\n<p>La doctora Gonz\u00e1lez termin\u00f3 envi\u00e1ndoles un mensaje a los j\u00f3venes: \u201cPodemos demostrar que existe la honradez, la limpieza, la seriedad y ser un poquito m\u00e1s serio y m\u00e1s honrado cuanto se refiere a la pol\u00edtica dominicana\u201d.<\/p>\n","protected":false},"excerpt":{"rendered":"<p>Video:&nbsp;Honra en NY al Dr. Gonz\u00e1lez Tamayo, exvicepresidente Juan Bosch Por Ram\u00f3n Mercedes&nbsp; NUEVA YORK.-&nbsp;El centro m\u00e9dico \u201cPatria Gonz\u00e1lez\u201d, ubicada en la avenida Fort Washington con la calle 180, en Alto Manhattan y visitada por cientos de pacientes al mes, ahora llevar\u00e1 el nombre del doctor Segundo Armando Gonz\u00e1lez Tamayo, quien fuera vicepresidente en el [&hellip;]<\/p>\n","protected":false},"author":2,"featured_media":556669,"comment_status":"closed","ping_status":"closed","sticky":true,"template":"","format":"standard","meta":{"footnotes":""},"categories":[36,20,26],"tags":[],"class_list":["post-556668","post","type-post","status-publish","format-standard","has-post-thumbnail","hentry","category-hombresmujeresycosas","category-dominicana-hoy","category-efemerides"],"_links":{"self":[{"href":"https:\/\/diariodominicano.com\/index.php?rest_route=\/wp\/v2\/posts\/556668","targetHints":{"allow":["GET"]}}],"collection":[{"href":"https:\/\/diariodominicano.com\/index.php?rest_route=\/wp\/v2\/posts"}],"about":[{"href":"https:\/\/diariodominicano.com\/index.php?rest_route=\/wp\/v2\/types\/post"}],"author":[{"embeddable":true,"href":"https:\/\/diariodominicano.com\/index.php?rest_route=\/wp\/v2\/users\/2"}],"replies":[{"embeddable":true,"href":"https:\/\/diariodominicano.com\/index.php?rest_route=%2Fwp%2Fv2%2Fcomments&post=556668"}],"version-history":[{"count":1,"href":"https:\/\/diariodominicano.com\/index.php?rest_route=\/wp\/v2\/posts\/556668\/revisions"}],"predecessor-version":[{"id":556670,"href":"https:\/\/diariodominicano.com\/index.php?rest_route=\/wp\/v2\/posts\/556668\/revisions\/556670"}],"wp:featuredmedia":[{"embeddable":true,"href":"https:\/\/diariodominicano.com\/index.php?rest_route=\/wp\/v2\/media\/556669"}],"wp:attachment":[{"href":"https:\/\/diariodominicano.com\/index.php?rest_route=%2Fwp%2Fv2%2Fmedia&parent=556668"}],"wp:term":[{"taxonomy":"category","embeddable":true,"href":"https:\/\/diariodominicano.com\/index.php?rest_route=%2Fwp%2Fv2%2Fcategories&post=556668"},{"taxonomy":"post_tag","embeddable":true,"href":"https:\/\/diariodominicano.com\/index.php?rest_route=%2Fwp%2Fv2%2Ftags&post=556668"}],"curies":[{"name":"wp","href":"https:\/\/api.w.org\/{rel}","templated":true}]}}