{"id":556647,"date":"2024-09-05T00:09:31","date_gmt":"2024-09-05T04:09:31","guid":{"rendered":"https:\/\/diariodominicano.com\/?p=556647"},"modified":"2024-09-05T00:23:34","modified_gmt":"2024-09-05T04:23:34","slug":"departamento-de-estado-informa-abinader-y-blinken-dialogaran-sobre-la-colaboracion-para-avanzar-en-el-crecimiento-economico-inclusivo","status":"publish","type":"post","link":"https:\/\/diariodominicano.com\/?p=556647","title":{"rendered":"Departamento de Estado informa Abinader y Blinken dialogar\u00e1n sobre la colaboraci\u00f3n para avanzar en el crecimiento econ\u00f3mico inclusivo"},"content":{"rendered":"\n<p>Presidente Luis Abinader <\/p>\n\n\n\n<p>Viaje del Secretario de Estado Antony J.  Blinken a Hait\u00ed y la Rep\u00fablica Dominicana durante los d\u00edas 5 y 6 de septiembre.<\/p>\n\n\n\n<figure class=\"wp-block-image size-full\"><img loading=\"lazy\" decoding=\"async\" width=\"670\" height=\"503\" src=\"https:\/\/diariodominicano.com\/wp-content\/uploads\/2024\/09\/Antony-Blinken-Viaje-2-9-24.jpg\" alt=\"\" class=\"wp-image-556094\" srcset=\"https:\/\/diariodominicano.com\/wp-content\/uploads\/2024\/09\/Antony-Blinken-Viaje-2-9-24.jpg 670w, https:\/\/diariodominicano.com\/wp-content\/uploads\/2024\/09\/Antony-Blinken-Viaje-2-9-24-300x225.jpg 300w\" sizes=\"auto, (max-width: 670px) 100vw, 670px\" \/><\/figure>\n\n\n\n<p>Antony J. Blinken <\/p>\n\n\n\n<p>Santo Domingo, RD.- El presidente Luis Abinader y el secretario Antony J. Blinken dialogar\u00e1n sobre la colaboraci\u00f3n para avanzar en el crecimiento econ\u00f3mico inclusivo, defender los derechos humanos y promover la buena gobernanza, inform\u00f3 el mi\u00e9rcoles el  portavoz del Departamento de Estado. <\/p>\n\n\n\n<p>El jueves el secretario Blinken  conversar\u00e1 con autoridades de Hait\u00ed y el viernes con el Presidente Luis Abinader.<\/p>\n\n\n\n<p>Tambi\u00e9n hablar\u00e1n de defender los derechos humanos y promover la buena gobernanza, la seguridad y la resiliencia clim\u00e1tica en la regi\u00f3n, incluso por medio de la Asociaci\u00f3n entre Estados Unidos y el Caribe para abordar la Crisis Clim\u00e1tica 2030<\/p>\n\n\n\n<p>De igual modo dialogar\u00e1n de  la seguridad y la resiliencia clim\u00e1tica en la regi\u00f3n, incluso por medio de la Asociaci\u00f3n entre Estados Unidos y el Caribe para abordar la Crisis Clim\u00e1tica 2030 (PACC 2030) y la Iniciativa de Seguridad de la Cuenca del Caribe (CBSI).<\/p>\n\n\n\n<p><strong>Comunicado de prensa<\/strong><\/p>\n\n\n\n<p><strong>DEPARTAMENTO DE ESTADO DE EE. UU.<br>DECLARACI\u00d3N DE PRENSA<br>MATTHEW MILLER, PORTAVOZ<\/strong><\/p>\n\n\n\n<p><strong>4 de septiembre de 2024<\/strong><\/p>\n\n\n\n<p>El secretario de Estado Antony J. Blinken viajar\u00e1 a Hait\u00ed y a la Rep\u00fablica Dominicana del 5 al 6 de septiembre de 2024, inform\u00f3 el mi\u00e9rcoles\u2002Mattheew\u2002Miller,\u2002Portavoz\u2002del Departamento de Estado. <\/p>\n\n\n\n<p>En Hait\u00ed, el secretario Blinken se reunir\u00e1 con el presidente del Consejo Presidencial de Transici\u00f3n Edgard Leblanc Fils y el primer ministro Garry Conille para dialogar sobre los pr\u00f3ximos pasos en la transici\u00f3n democr\u00e1tica de Hait\u00ed y el apoyo de Estados Unidos al pueblo haitiano por medio de la asistencia humanitaria y los esfuerzos de estabilizaci\u00f3n liderados por Hait\u00ed. <\/p>\n\n\n\n<p>Miller inform\u00f3 en un comunicado de prensa que tambi\u00e9n se reunir\u00e1 con los l\u00edderes de la Misi\u00f3n multinacional de apoyo a la seguridad (MSS), haciendo hincapi\u00e9 en el apoyo de Estados Unidos para restablecer la seguridad en Hait\u00ed al tiempo que subraya la importancia de promover el respeto de los derechos humanos.<br><br><strong>El secretario Blinken continuar\u00e1 hacia la Rep\u00fablica Dominicana para reunirse con el presidente Luis Abinader.<\/strong> <\/p>\n\n\n\n<p>En Santo Domingo, el secretario Blinken y el presidente Abinader reforzar\u00e1n nuestra estrecha asociaci\u00f3n de larga data y dialogar\u00e1n sobre la colaboraci\u00f3n para avanzar en el crecimiento econ\u00f3mico inclusivo, defender los derechos humanos y promover la buena gobernanza, la seguridad y la resiliencia clim\u00e1tica en la regi\u00f3n, incluso por medio de la Asociaci\u00f3n entre Estados Unidos y el Caribe para abordar la Crisis Clim\u00e1tica 2030 (PACC 2030) y la Iniciativa de Seguridad de la Cuenca del Caribe (CBSI), se\u00f1al\u00f3 el Portavoz del Departamento de Estado.<\/p>\n\n\n\n<p>Para ver el texto original, ir a:\u00a0<a href=\"https:\/\/www.state.gov\/secretary-blinkens-travel-to-haiti-and-the-dominican-republic\/\" target=\"_blank\" rel=\"noreferrer noopener\">https:\/\/www.state.gov\/secretary-blinkens-travel-to-haiti-and-the-dominican-republic\/<\/a><\/p>\n\n\n\n<p>Santo Domingo Press<\/p>\n\n\n\n<p>Santo Domingo Press (De tus contactos de Google)<\/p>\n\n\n\n<p><a target=\"_blank\" href=\"mailto:SantoDomingoPress@state.gov\" rel=\"noreferrer noopener\">SantoDomingoPress@state.gov<\/a><\/p>\n\n\n\n<p><br>\u00a0<\/p>\n","protected":false},"excerpt":{"rendered":"<p>Presidente Luis Abinader Viaje del Secretario de Estado Antony J. Blinken a Hait\u00ed y la Rep\u00fablica Dominicana durante los d\u00edas 5 y 6 de septiembre. Antony J. Blinken Santo Domingo, RD.- El presidente Luis Abinader y el secretario Antony J. Blinken dialogar\u00e1n sobre la colaboraci\u00f3n para avanzar en el crecimiento econ\u00f3mico inclusivo, defender los derechos [&hellip;]<\/p>\n","protected":false},"author":2,"featured_media":552255,"comment_status":"closed","ping_status":"closed","sticky":true,"template":"","format":"standard","meta":{"footnotes":""},"categories":[36,20,26,23,27],"tags":[],"class_list":["post-556647","post","type-post","status-publish","format-standard","has-post-thumbnail","hentry","category-hombresmujeresycosas","category-dominicana-hoy","category-efemerides","category-internacional","category-portada"],"_links":{"self":[{"href":"https:\/\/diariodominicano.com\/index.php?rest_route=\/wp\/v2\/posts\/556647","targetHints":{"allow":["GET"]}}],"collection":[{"href":"https:\/\/diariodominicano.com\/index.php?rest_route=\/wp\/v2\/posts"}],"about":[{"href":"https:\/\/diariodominicano.com\/index.php?rest_route=\/wp\/v2\/types\/post"}],"author":[{"embeddable":true,"href":"https:\/\/diariodominicano.com\/index.php?rest_route=\/wp\/v2\/users\/2"}],"replies":[{"embeddable":true,"href":"https:\/\/diariodominicano.com\/index.php?rest_route=%2Fwp%2Fv2%2Fcomments&post=556647"}],"version-history":[{"count":3,"href":"https:\/\/diariodominicano.com\/index.php?rest_route=\/wp\/v2\/posts\/556647\/revisions"}],"predecessor-version":[{"id":556652,"href":"https:\/\/diariodominicano.com\/index.php?rest_route=\/wp\/v2\/posts\/556647\/revisions\/556652"}],"wp:featuredmedia":[{"embeddable":true,"href":"https:\/\/diariodominicano.com\/index.php?rest_route=\/wp\/v2\/media\/552255"}],"wp:attachment":[{"href":"https:\/\/diariodominicano.com\/index.php?rest_route=%2Fwp%2Fv2%2Fmedia&parent=556647"}],"wp:term":[{"taxonomy":"category","embeddable":true,"href":"https:\/\/diariodominicano.com\/index.php?rest_route=%2Fwp%2Fv2%2Fcategories&post=556647"},{"taxonomy":"post_tag","embeddable":true,"href":"https:\/\/diariodominicano.com\/index.php?rest_route=%2Fwp%2Fv2%2Ftags&post=556647"}],"curies":[{"name":"wp","href":"https:\/\/api.w.org\/{rel}","templated":true}]}}