{"id":556628,"date":"2024-09-04T23:15:53","date_gmt":"2024-09-05T03:15:53","guid":{"rendered":"https:\/\/diariodominicano.com\/?p=556628"},"modified":"2024-09-04T23:18:04","modified_gmt":"2024-09-05T03:18:04","slug":"quien-fue-bernarda-jimenez-clemente-y-cual-es-su-trascendencia","status":"publish","type":"post","link":"https:\/\/diariodominicano.com\/?p=556628","title":{"rendered":"\u00bfQui\u00e9n fue Bernarda Jim\u00e9nez-Clemente y cu\u00e1l es su trascendencia?"},"content":{"rendered":"\n<p><strong>El cuerpo de Bernarda Jim\u00e9nez ser\u00e1 velado en la funeraria Blandino de la Abraham Lincoln el viernes 6 de septiembre, de 4:00 PM a 9:00 PM.<\/strong><\/p>\n\n\n\n<figure class=\"wp-block-image size-full\"><img loading=\"lazy\" decoding=\"async\" width=\"293\" height=\"293\" src=\"https:\/\/diariodominicano.com\/wp-content\/uploads\/2024\/09\/migracion-205467-000000138736-293x293-copia.jpg\" alt=\"\" class=\"wp-image-556630\" srcset=\"https:\/\/diariodominicano.com\/wp-content\/uploads\/2024\/09\/migracion-205467-000000138736-293x293-copia.jpg 293w, https:\/\/diariodominicano.com\/wp-content\/uploads\/2024\/09\/migracion-205467-000000138736-293x293-copia-150x150.jpg 150w, https:\/\/diariodominicano.com\/wp-content\/uploads\/2024\/09\/migracion-205467-000000138736-293x293-copia-88x88.jpg 88w\" sizes=\"auto, (max-width: 293px) 100vw, 293px\" \/><\/figure>\n\n\n\n<p>Jos\u00e9 Rafael Sosa<\/p>\n\n\n\n<p>El fallecimiento de Jim\u00e9nez-Clemente, a las a las nueve y 30 minutos de la noche del martes tres de septiembre 2024, es un hecho que nos disminuye y marca a todos quienes conocimos de su labor patri\u00f3tica e internacional. &nbsp;<\/p>\n\n\n\n<p>Le sobreviven su marido <strong>Pedro \u00c1lvarez Pastor<\/strong> y sus hijos <strong>Pedro Luis y Stephany<\/strong>. Su deceso produce un dolor que no se canaliza con la expresi\u00f3n de unas palabras de p\u00e9same a su familia, que lo comunic\u00f3 con estas palabras: <em>\u201cHoy d\u00eda tres a las 9.30 de la noche ha muerto una gloria de este Pa\u00eds. Bernarda Jim\u00e9nez, embajadora de la emigraci\u00f3n dominicana nos ha dejado. Paz a sus restos\u201d.<\/em><\/p>\n\n\n\n<p>Hab\u00eda nacido en Moca, y se gradu\u00f3 en la UASD de m\u00e9dico, para luego partir a Espa\u00f1a en la cual desarroll\u00f3 tanto su carrera, como su gesti\u00f3n en favor de la inmigraci\u00f3n latinoamericana.<\/p>\n\n\n\n<p>Bernarda aseguraba que necesitaba \u201c<em>Regresar cada cierto tiempo a su pa\u00eds de origen para darse un ba\u00f1o de subdesarrollo, para humanizarme m\u00e1s. Son tantos los valores, el calor que recibes de aquella gente, que es dif\u00edcil aguantar mucho tiempo sin verlos\u201d.<\/em><\/p>\n\n\n\n<p>La suya es una vida de enorme intensidad social, cl\u00ednica y pol\u00edtica y que encuentra su final, dejando una hoja de servicio que se resiste al resumen del obituario period\u00edstico.<\/p>\n\n\n\n<figure class=\"wp-block-image size-full\"><img loading=\"lazy\" decoding=\"async\" width=\"600\" height=\"399\" src=\"https:\/\/diariodominicano.com\/wp-content\/uploads\/2024\/09\/Bernarda-Jimenez-Clemente-1-copia.jpg\" alt=\"\" class=\"wp-image-556631\" srcset=\"https:\/\/diariodominicano.com\/wp-content\/uploads\/2024\/09\/Bernarda-Jimenez-Clemente-1-copia.jpg 600w, https:\/\/diariodominicano.com\/wp-content\/uploads\/2024\/09\/Bernarda-Jimenez-Clemente-1-copia-300x200.jpg 300w\" sizes=\"auto, (max-width: 600px) 100vw, 600px\" \/><figcaption class=\"wp-element-caption\">Agripino N\u00fa\u00f1ez Collado.Bernarda Jim\u00e9nez Clemente,.Coordinadora  Uni\u00f3n Europea.Proyecto Rep\u00fablica Dominicana, Sector Externo Hip\u00f3lito Mej\u00eda.Foto:Carmen Su\u00e1rez\/acento.com.do.Fecha:08\/05\/2012.<\/figcaption><\/figure>\n\n\n\n<p>Bernarda fue una mujer decantada durante a\u00f1os por el amor y el servicio a su Patria en favor de la comunidad inmigrante de la capital espa\u00f1ola.<\/p>\n\n\n\n<p><strong>Lucrecia, el primer paso<\/strong><strong><\/strong><\/p>\n\n\n\n<figure class=\"wp-block-image size-full\"><img loading=\"lazy\" decoding=\"async\" width=\"753\" height=\"573\" src=\"https:\/\/diariodominicano.com\/wp-content\/uploads\/2024\/09\/Libro-Lucrecia.png\" alt=\"\" class=\"wp-image-556632\" srcset=\"https:\/\/diariodominicano.com\/wp-content\/uploads\/2024\/09\/Libro-Lucrecia.png 753w, https:\/\/diariodominicano.com\/wp-content\/uploads\/2024\/09\/Libro-Lucrecia-300x228.png 300w\" sizes=\"auto, (max-width: 753px) 100vw, 753px\" \/><\/figure>\n\n\n\n<p>Es una trayectoria que -entre otros logros- registra el haber frenado la agresi\u00f3n homicida contra la inmigraci\u00f3n a Espa\u00f1a, que se inici\u00f3 con el asesinato de <strong>Lucrecia P\u00e9rez Matos<\/strong>, en 1992, ultimada a tiros por un polic\u00eda vestido de paisano que irrumpi\u00f3 en una discoteca en ruinas (Cuatro Roses).&nbsp;<strong>Lucrecia <\/strong>hab\u00eda a Espa\u00f1a un mes y tres d\u00edas antes y sufri\u00f3 dos tiros, uno de ellos en el coraz\u00f3n e ingres\u00f3&nbsp;muerta&nbsp;en el hospital.<\/p>\n\n\n\n<p>Bernarda y su organizaci\u00f3n <strong>VOMADE VINCIT<\/strong>, asumi\u00f3 la acusaci\u00f3n civil en el juicio contra el principal acusado, y gener\u00f3 un rechazo total de la sociedad espa\u00f1ola contra las acciones fascistas contra la inmigraci\u00f3n a la naci\u00f3n europea, que por entonces se iniciaba, una organizaci\u00f3n no gubernamental que favoreci\u00f3 la regularizaci\u00f3n legal de m\u00e1s de 45 mil mujeres, sobre todo dominicanas que llegaban en procura de un mejor nivel de vida.<\/p>\n\n\n\n<p>En el local de <strong>Vomade-VINCIT<\/strong> (en el cual estuvimos de visita, en 1998) presenciamos los talleres de capacitaci\u00f3n a mujeres inmigrantes para prepararlas para la integraci\u00f3n de la vida laboral. Ese trabajo fue cancelado con la llegada al poder del Partido Popular, opuesto a iniciativas sociales de este tipo. <strong>Vomade-VINCIT<\/strong> debi\u00f3 cerrar sus puertas por los cortes presupuestarios dispuestos por la derecha espa\u00f1ola.<\/p>\n\n\n\n<p>Bernarda Jim\u00e9nez fue autora de tres libros sobre inmigraci\u00f3n y ha trabajado como ejecutiva o asesora en numerosos programas sobre este asunto, centrados fundamentalmente en la integraci\u00f3n de la mujer inmigrante, el m\u00e1s reciente de los cuales fue el volumen <strong>Lucrecia P\u00e9rez<\/strong>, publicado en enero de 2022, presentado en Madrid y Santo Domingo.<\/p>\n\n\n\n<p>Ella ten\u00eda, adem\u00e1s de su origen mocano, la nacionalidad espa\u00f1ola y fue la primera inmigrante dirigente nacional del <strong>Partido Socialista Obrero-Espa\u00f1ol<\/strong>, de la que fue integrante de la Ejecutiva Federal de Integraci\u00f3n y Convivencia. en el 37 Congreso Nacional del PSOE.<\/p>\n\n\n\n<p>Durante m\u00e1s de tres d\u00e9cadas presidi\u00f3 el Voluntariado de Madres Dominicanas en Espa\u00f1a, que asisti\u00f3 a regularizar su estatus en Espa\u00f1a a m\u00e1s de 45 mil inmigrantes dominicanas y de otras nacionalidades, todas de extracci\u00f3n humilde.<\/p>\n\n\n\n<p>Fue la creadora del <strong>Premio Humanitario Lucrecia P\u00e9rez,<\/strong> que realizaba anualmente un ceremonial para reconocer personas o iniciativas de solidaridad, con un trofeo elaborado en \u00e9bano por artesanos dominicanos. El galard\u00f3n que se mantuvo durante 20 a\u00f1os entregas, consist\u00eda en una escultura realizada en Caoba y un diploma, entregados normalmente a dos personas u organizaciones.<\/p>\n\n\n\n<p><strong>Jim\u00e9nez Clemente<\/strong> preside la Fundaci\u00f3n Dominicana para Prevenir la Violencia Juvenil, de la que fue cofundadora en adici\u00f3n a los 30 a\u00f1os durante los que dirigi\u00f3 el Voluntariado de Madres Dominicanas.<\/p>\n\n\n\n<p>Fue reconocida por la <strong>Red Transnacional de Mujeres con el premio Menina NWW 2023<\/strong>, <strong>Almudena Grandes<\/strong>, premiando su compromiso con la igualdad y el feminismo.<\/p>\n\n\n\n<p><strong>El p\u00e9same<\/strong><\/p>\n\n\n\n<p>El Partido Socialista Obrero Espa\u00f1ol emiti\u00f3 el mensaje por la red social X: \u201c<em>Hoy nos ha dejado Bernarda Jim\u00e9nez, gran luchadora de la diversidad y de la justicia social. Su legado perdurar\u00e1 en el tiempo. Todo nuestro cari\u00f1o a su familia y allegados. Compa\u00f1era que la tierra te sea leve\u201d.<\/em><\/p>\n\n\n\n<p>La <strong>Embajada de Rep\u00fablica Dominicana<\/strong> ante el Reino de Espa\u00f1a, \u201c<em>Con inmensa pena, comunica el fallecimiento en Santo Domingo de la querida ciudadana dominico-espa\u00f1ola Bernarda Jim\u00e9nez Clemente. La m\u00e9dico nacida en Moca, RD, parti\u00f3 a lo infinito mientras pasaba vacaciones en Santo Domingo, junto a su esposo don Pedro \u00c1lvarez Pastor\u201d.<\/em><\/p>\n\n\n\n<p>El Senado dominicano la reconoci\u00f3 \u00abcon gran orgullo\u00bb por haber llegado a ser Secretaria de Integraci\u00f3n del Partido Socialista Obrero Espa\u00f1ol (PSOE), primera inmigrante en ocupar un puesto en la direcci\u00f3n ejecutiva de una formaci\u00f3n pol\u00edtica espa\u00f1ola.<\/p>\n\n\n\n<p><strong>Vida profesional<\/strong><strong><\/strong><\/p>\n\n\n\n<p>Como m\u00e9dico, hizo la especialidad de Endocrinolog\u00eda en la Universidad Complutense y un m\u00e1ster en Nutrici\u00f3n en la Universidad Aut\u00f3noma.<\/p>\n\n\n\n<p>Fue directora de la <strong>Cl\u00ednica Armon\u00eda y Cemes Medical,<\/strong> en Madrid y Santo Domingo, en la cual aplica sus especialidades de Nutrici\u00f3n y Medicina Est\u00e9tica, que no cirug\u00eda est\u00e9tica) precisa, buscando que para que la gente que ya lo tiene todo se sienta mejor consigo misma. <em>\u201cVeo mi actual ocupaci\u00f3n como un aporte m\u00e1s al trabajo social que he hecho anteriormente\u201d.<\/em><\/p>\n\n\n\n<p><strong>Enlaces relacionados:<\/strong><\/p>\n\n\n\n<p><a href=\"https:\/\/www.psoe.es\/actualidad\/noticias-actualidad\/blanco-bernarda-jimenez-simboliza-el-compromiso-del-psoe-con-la-integracion--23063\/\">https:\/\/www.psoe.es\/actualidad\/noticias-actualidad\/blanco-bernarda-jimenez-simboliza-el-compromiso-del-psoe-con-la-integracion&#8211;23063\/<\/a><\/p>\n\n\n\n<figure class=\"wp-block-embed\"><div class=\"wp-block-embed__wrapper\">\nhttps:\/\/www.diariolibre.com\/revista\/hombre-y-mujer-del-ao-2008-bernarda-jimnez-mdico-FADL190360\n<\/div><\/figure>\n\n\n\n<figure class=\"wp-block-embed is-type-wp-embed is-provider-hoy-digital wp-block-embed-hoy-digital\"><div class=\"wp-block-embed__wrapper\">\nhttps:\/\/hoy.com.do\/bernarda-jimenez-una-inmigrante-en-primera-linea-de-la-politica\/\n<\/div><\/figure>\n\n\n\n<figure class=\"wp-block-embed is-type-wp-embed is-provider-soy-caribe-premium wp-block-embed-soy-caribe-premium\"><div class=\"wp-block-embed__wrapper\">\n<blockquote class=\"wp-embedded-content\" data-secret=\"T4kPUzWHtR\"><a href=\"https:\/\/www.soycaribepremium.es\/la-dominicana-bernarda-jimenez-clemente-es-reconocida-por-la-red-transnacional-de-mujeres-con-el-premio-menina-nww-2023\/\">La dominicana Bernarda Jim\u00e9nez Clemente es reconocida por la Red Transnacional de Mujeres con el premio Menina NWW 2023<\/a><\/blockquote><iframe loading=\"lazy\" class=\"wp-embedded-content\" sandbox=\"allow-scripts\" security=\"restricted\" style=\"position: absolute; visibility: hidden;\" title=\"\u00abLa dominicana Bernarda Jim\u00e9nez Clemente es reconocida por la Red Transnacional de Mujeres con el premio Menina NWW 2023\u00bb \u2014 Soy Caribe Premium\" src=\"https:\/\/www.soycaribepremium.es\/la-dominicana-bernarda-jimenez-clemente-es-reconocida-por-la-red-transnacional-de-mujeres-con-el-premio-menina-nww-2023\/embed\/#?secret=c3WE9JNYVS#?secret=T4kPUzWHtR\" data-secret=\"T4kPUzWHtR\" width=\"600\" height=\"338\" frameborder=\"0\" marginwidth=\"0\" marginheight=\"0\" scrolling=\"no\"><\/iframe>\n<\/div><\/figure>\n\n\n\n<figure class=\"wp-block-embed\"><div class=\"wp-block-embed__wrapper\">\nhttps:\/\/joserafaelsosa.com\/tag\/bernarda-jimenez-clemente\/\n<\/div><\/figure>\n","protected":false},"excerpt":{"rendered":"<p>El cuerpo de Bernarda Jim\u00e9nez ser\u00e1 velado en la funeraria Blandino de la Abraham Lincoln el viernes 6 de septiembre, de 4:00 PM a 9:00 PM. Jos\u00e9 Rafael Sosa El fallecimiento de Jim\u00e9nez-Clemente, a las a las nueve y 30 minutos de la noche del martes tres de septiembre 2024, es un hecho que nos [&hellip;]<\/p>\n","protected":false},"author":2,"featured_media":556629,"comment_status":"closed","ping_status":"closed","sticky":true,"template":"","format":"standard","meta":{"footnotes":""},"categories":[36,26,25,27],"tags":[],"class_list":["post-556628","post","type-post","status-publish","format-standard","has-post-thumbnail","hentry","category-hombresmujeresycosas","category-efemerides","category-gente","category-portada"],"_links":{"self":[{"href":"https:\/\/diariodominicano.com\/index.php?rest_route=\/wp\/v2\/posts\/556628","targetHints":{"allow":["GET"]}}],"collection":[{"href":"https:\/\/diariodominicano.com\/index.php?rest_route=\/wp\/v2\/posts"}],"about":[{"href":"https:\/\/diariodominicano.com\/index.php?rest_route=\/wp\/v2\/types\/post"}],"author":[{"embeddable":true,"href":"https:\/\/diariodominicano.com\/index.php?rest_route=\/wp\/v2\/users\/2"}],"replies":[{"embeddable":true,"href":"https:\/\/diariodominicano.com\/index.php?rest_route=%2Fwp%2Fv2%2Fcomments&post=556628"}],"version-history":[{"count":2,"href":"https:\/\/diariodominicano.com\/index.php?rest_route=\/wp\/v2\/posts\/556628\/revisions"}],"predecessor-version":[{"id":556634,"href":"https:\/\/diariodominicano.com\/index.php?rest_route=\/wp\/v2\/posts\/556628\/revisions\/556634"}],"wp:featuredmedia":[{"embeddable":true,"href":"https:\/\/diariodominicano.com\/index.php?rest_route=\/wp\/v2\/media\/556629"}],"wp:attachment":[{"href":"https:\/\/diariodominicano.com\/index.php?rest_route=%2Fwp%2Fv2%2Fmedia&parent=556628"}],"wp:term":[{"taxonomy":"category","embeddable":true,"href":"https:\/\/diariodominicano.com\/index.php?rest_route=%2Fwp%2Fv2%2Fcategories&post=556628"},{"taxonomy":"post_tag","embeddable":true,"href":"https:\/\/diariodominicano.com\/index.php?rest_route=%2Fwp%2Fv2%2Ftags&post=556628"}],"curies":[{"name":"wp","href":"https:\/\/api.w.org\/{rel}","templated":true}]}}