{"id":556566,"date":"2024-09-04T10:04:39","date_gmt":"2024-09-04T14:04:39","guid":{"rendered":"https:\/\/diariodominicano.com\/?p=556566"},"modified":"2024-09-04T10:18:05","modified_gmt":"2024-09-04T14:18:05","slug":"balaguer-pena-gomez-y-un-subito-desmayo","status":"publish","type":"post","link":"https:\/\/diariodominicano.com\/?p=556566","title":{"rendered":"Balaguer, Pe\u00f1a G\u00f3mez y un s\u00fabito desmayo"},"content":{"rendered":"\n<p>ARCHIVO: En la composici\u00f3n fotogr\u00e1fica  Joaqu\u00edn Balaguer y Jos\u00e9 Francisco Pe\u00f1a G\u00f3mez<\/p>\n\n\n\n<figure class=\"wp-block-image size-large\"><img loading=\"lazy\" decoding=\"async\" width=\"1024\" height=\"1015\" src=\"https:\/\/diariodominicano.com\/wp-content\/uploads\/2024\/09\/Juan-Cruz-Triffolio-1-1024x1015.webp\" alt=\"\" class=\"wp-image-556570\" srcset=\"https:\/\/diariodominicano.com\/wp-content\/uploads\/2024\/09\/Juan-Cruz-Triffolio-1-1024x1015.webp 1024w, https:\/\/diariodominicano.com\/wp-content\/uploads\/2024\/09\/Juan-Cruz-Triffolio-1-300x297.webp 300w, https:\/\/diariodominicano.com\/wp-content\/uploads\/2024\/09\/Juan-Cruz-Triffolio-1-150x150.webp 150w, https:\/\/diariodominicano.com\/wp-content\/uploads\/2024\/09\/Juan-Cruz-Triffolio-1-768x761.webp 768w, https:\/\/diariodominicano.com\/wp-content\/uploads\/2024\/09\/Juan-Cruz-Triffolio-1-88x88.webp 88w, https:\/\/diariodominicano.com\/wp-content\/uploads\/2024\/09\/Juan-Cruz-Triffolio-1-816x809.webp 816w, https:\/\/diariodominicano.com\/wp-content\/uploads\/2024\/09\/Juan-Cruz-Triffolio-1.webp 1284w\" sizes=\"auto, (max-width: 1024px) 100vw, 1024px\" \/><\/figure>\n\n\n\n<p><strong>Juan Cruz Triffolio<\/strong><\/p>\n\n\n\n<p><strong>Soci\u00f3logo \u2013 Comunicador Dominicano<\/strong><\/p>\n\n\n\n<p><strong><a href=\"mailto:triffolio@gmail.com\" target=\"_blank\" rel=\"noreferrer noopener\">triffolio@gmail.com<\/a><\/strong><\/p>\n\n\n\n<p>La inesperada experiencia vivida por el entonces presidente, doctor Joaqu\u00edn Balaguer, a consecuencia del desmayo sufrido por el doctor Jos\u00e9 Francisco Pe\u00f1a G\u00f3mez, el s\u00e1bado 19 de mayo del 1985, luce haber servido de plataforma para que el octogenario representativo del Partido Reformista se viera compelido a reconocer, en la intimidad con uno de sus m\u00e1s cercanos colaboradores, las vicisitudes, sacrificios y valores humanos y pol\u00edticos del elocuente y fogoso l\u00edder del Partido Revolucionario Dominicano.<\/p>\n\n\n\n<p>De aquel episodio se recuerda que Balaguer no s\u00f3lo fue uno de los primeros en ir a visitarlo a la Cl\u00ednica Abel Gonz\u00e1lez, donde el m\u00e1ximo l\u00edder del denominado partido blanco permaneci\u00f3 interno por dos d\u00edas, motivando que el enigm\u00e1tico mandatario permaneciera en la habitaci\u00f3n del referido centro de salud hasta percatarse que el paciente lograra su reanimaci\u00f3n.<\/p>\n\n\n\n<p>Un acreditado testigo de excepci\u00f3n, \u00edntimo allegado al veterano pol\u00edtico de la organizaci\u00f3n del \u201cgallo colorao\u201d, asegura que el gobernante dormitaba al lado el lecho ocupado por Pe\u00f1a G\u00f3mez, a quien observaba, detenidamente, mientras musitaba unas palabras, lo cual le invitaba a suponer que realizaba una oraci\u00f3n.<\/p>\n\n\n\n<p>Es en ese instante cuando, -seg\u00fan manifiesta el aliado del aludido mandatario- el experimentado ejecutivo de la naci\u00f3n levant\u00f3 la cabeza y de inmediato resalt\u00f3:<\/p>\n\n\n\n<p>-\u201cQuise acompa\u00f1arlo. Lo combato en el campo de la pol\u00edtica, pero he llegado a admirarlo como persona. No pod\u00eda abandonarlo en un momento como este. El pa\u00eds lo necesita\u201d.<\/p>\n\n\n\n<p>Discurrido el tiempo y aprovechando otro escenario m\u00e1s apropiado, curioso ante todo lo visto y escuchado, el ac\u00f3lito del caudillo reformista consider\u00f3 prudente cuestionarlo sobre \u201cel amor\u00edo\u201d aparentemente existente entre ambas figuras pol\u00edticas, recibiendo como respuesta lo siguiente:<\/p>\n\n\n\n<p>-\u201cPudo ser un paria social. Peor a\u00fan, no si\u00e9ndolo, pudo volverse un simple campesino, recolector de arroz con los Bogaert, sus padrinos. O un taimado mequetrefe\u201d.<\/p>\n\n\n\n<p>Luego, con su pausa singular al expresarse y a manera observaci\u00f3n, el flem\u00e1tico, enigm\u00e1tico y emblem\u00e1tico adalid del Partido Reformista agrega:<\/p>\n\n\n\n<p>-\u201cNo es persona a menospreciar. Podemos acusarlo de impetuoso, y tal vez por ello, cae en expresiones irreflexivas y se ha visto envuelto en pronunciamientos comprometedores para \u00e9l. Por encima de todo ello, al pasar revista a su vida, es un ser admirable\u201d.<\/p>\n\n\n\n<p>Expuesto lo anterior, y tal si quisiera imprimirle una mayor acentuaci\u00f3n a la raz\u00f3n de su presencia en la Cl\u00ednica Abel Gonz\u00e1lez y al por qu\u00e9 de su manera de aquilatar la connotaci\u00f3n humana y pol\u00edtica del doctor Pe\u00f1a G\u00f3mez, el avezado gobernante reeleccionista, no perdi\u00f3 tiempo en resaltar:<\/p>\n\n\n\n<p>-\u201c\u2026tan pronto me avisaron del desmayo, averig\u00fc\u00e9 a d\u00f3nde lo llevaron y acud\u00ed a su lado. No quise moverme de all\u00ed hasta saber de su recuperaci\u00f3n. Para m\u00ed, como lo hice yo mismo, el Dr. Pena G\u00f3mez ret\u00f3 su destino y se ha labrado una vida de \u00e9xitos\u201d.<\/p>\n\n\n\n<p>Ya al cierre de esta singular, curiosa y significativa estampa sobre la vida de dos hombres, columnas obligatorias a tener en consideraci\u00f3n para interiorizar en la compresi\u00f3n de la historia contempor\u00e1nea dominicana, se nos ocurre convocar a&nbsp; pensar sobre la esencia y lo inescrutable que muchas veces resulta la existencia humana.<\/p>\n\n\n\n<p>Siendo de esa manera, perm\u00edtanme incursionar en esa realidad, sobretodo, cuando, como colof\u00f3n de esta narraci\u00f3n debo subrayar, tal como lo asegura el testigo cuyas aseveraciones han servido de sustentaci\u00f3n de lo hasta aqu\u00ed rese\u00f1ado que, una vez el doctor Jos\u00e9 Francisco Pe\u00f1a G\u00f3mez enterado sobre lo manifestado por el doctor Joaqu\u00edn Balaguer, en torno a su persona y vida, el l\u00edder del otrora partido del \u201cjacho prendio\u201d, sereno y pensativo, fue observado con \u201clos ojos aguados\u201d.<\/p>\n\n\n\n<p>Oh la historia, cu\u00e1nto ense\u00f1a..!!&#8211;<\/p>\n\n\n\n<p>Juan Cruz Triffolio<br>Santo Domingo Este, R.D.<\/p>\n\n\n\n<p><br><br>&nbsp; &nbsp; &nbsp;<br>Visite:&nbsp;<a href=\"http:\/\/www.conpuntoycoma.com\/\" target=\"_blank\" rel=\"noreferrer noopener\">www.conpuntoycoma.com<\/a><\/p>\n","protected":false},"excerpt":{"rendered":"<p>ARCHIVO: En la composici\u00f3n fotogr\u00e1fica Joaqu\u00edn Balaguer y Jos\u00e9 Francisco Pe\u00f1a G\u00f3mez Juan Cruz Triffolio Soci\u00f3logo \u2013 Comunicador Dominicano triffolio@gmail.com La inesperada experiencia vivida por el entonces presidente, doctor Joaqu\u00edn Balaguer, a consecuencia del desmayo sufrido por el doctor Jos\u00e9 Francisco Pe\u00f1a G\u00f3mez, el s\u00e1bado 19 de mayo del 1985, luce haber servido de plataforma [&hellip;]<\/p>\n","protected":false},"author":2,"featured_media":556567,"comment_status":"closed","ping_status":"closed","sticky":true,"template":"","format":"standard","meta":{"footnotes":""},"categories":[36,26,19,16,27],"tags":[],"class_list":["post-556566","post","type-post","status-publish","format-standard","has-post-thumbnail","hentry","category-hombresmujeresycosas","category-efemerides","category-mi-voz","category-opiniones","category-portada"],"_links":{"self":[{"href":"https:\/\/diariodominicano.com\/index.php?rest_route=\/wp\/v2\/posts\/556566","targetHints":{"allow":["GET"]}}],"collection":[{"href":"https:\/\/diariodominicano.com\/index.php?rest_route=\/wp\/v2\/posts"}],"about":[{"href":"https:\/\/diariodominicano.com\/index.php?rest_route=\/wp\/v2\/types\/post"}],"author":[{"embeddable":true,"href":"https:\/\/diariodominicano.com\/index.php?rest_route=\/wp\/v2\/users\/2"}],"replies":[{"embeddable":true,"href":"https:\/\/diariodominicano.com\/index.php?rest_route=%2Fwp%2Fv2%2Fcomments&post=556566"}],"version-history":[{"count":4,"href":"https:\/\/diariodominicano.com\/index.php?rest_route=\/wp\/v2\/posts\/556566\/revisions"}],"predecessor-version":[{"id":556576,"href":"https:\/\/diariodominicano.com\/index.php?rest_route=\/wp\/v2\/posts\/556566\/revisions\/556576"}],"wp:featuredmedia":[{"embeddable":true,"href":"https:\/\/diariodominicano.com\/index.php?rest_route=\/wp\/v2\/media\/556567"}],"wp:attachment":[{"href":"https:\/\/diariodominicano.com\/index.php?rest_route=%2Fwp%2Fv2%2Fmedia&parent=556566"}],"wp:term":[{"taxonomy":"category","embeddable":true,"href":"https:\/\/diariodominicano.com\/index.php?rest_route=%2Fwp%2Fv2%2Fcategories&post=556566"},{"taxonomy":"post_tag","embeddable":true,"href":"https:\/\/diariodominicano.com\/index.php?rest_route=%2Fwp%2Fv2%2Ftags&post=556566"}],"curies":[{"name":"wp","href":"https:\/\/api.w.org\/{rel}","templated":true}]}}