{"id":556553,"date":"2024-09-04T09:43:57","date_gmt":"2024-09-04T13:43:57","guid":{"rendered":"https:\/\/diariodominicano.com\/?p=556553"},"modified":"2024-09-04T09:44:04","modified_gmt":"2024-09-04T13:44:04","slug":"ministerio-publico-solicita-prision-preventiva-contra-conductor-de-camion-provoco-muerte-de-seis-personas-y-heridas-a-mas-de-40-en-carretera-de-azua","status":"publish","type":"post","link":"https:\/\/diariodominicano.com\/?p=556553","title":{"rendered":"Ministerio P\u00fablico solicita prisi\u00f3n preventiva contra conductor de cami\u00f3n  provoc\u00f3 muerte de seis personas y heridas a m\u00e1s de 40 en carretera de Azua"},"content":{"rendered":"\n<p>diariodominicano.com<\/p>\n\n\n\n<p><strong>Azua, R.D., mi\u00e9rcoles, 4 de septiembre de 2024.<\/strong>\u00a0 El Ministerio P\u00fablico solicit\u00f3 la imposici\u00f3n de prisi\u00f3n preventiva en contra del conductor del cami\u00f3n que el pasado domingo le provoc\u00f3 la muerte a seis personas y heridas a m\u00e1s de 40 que compart\u00edan en un negocio de la secci\u00f3n Bastida, del distrito municipal Villarpando, del municipio Las Yayas de Viajama.<\/p>\n\n\n\n<p>La solicitud de la prisi\u00f3n preventiva fue depositada por la Oficina del Fiscalizador ante el Juzgado de Paz Ordinario de Las Yayas de Viajama contra el imputado \u00c1ngel Encarnaci\u00f3n Bautista, quien enfrenta cargos preliminares por manejo temerario, exceso de velocidad, golpes y heridas involuntarios que causan lesiones permanentes y golpes y heridas involuntarios que causan la muerte.<\/p>\n\n\n\n<p>La audiencia para el conocimiento de la medida de coerci\u00f3n fue fijada para este mi\u00e9rcoles, 4 de septiembre, a partir de las 10:00 de la ma\u00f1ana, en las salas del Juzgado de Paz de Azua, donde el Ministerio P\u00fablico estar\u00e1 representado por el licenciado Juan Diego Ram\u00edrez Galv\u00e1n.<\/p>\n\n\n\n<p>En relaci\u00f3n al caso, el Ministerio P\u00fablico precis\u00f3 que Encarnaci\u00f3n Bautista, quien es comerciante en la provincia San Juan, se desplazaba por el lugar a exceso de velocidad y de forma imprudente, temeraria y negligente, con inobservancia, inadvertencia y torpeza, y, sin tomar las precauciones debidas, en un veh\u00edculo de motor, color rojo, tipo carga, marca Daihatsu.<\/p>\n\n\n\n<p>El hecho ocurri\u00f3 alrededor de la 1:50 minutos de la madrugada del pasado domingo 1 de septiembre, cuando el imputado se desplazaba por el tramo carretero San Juan-Azua, espec\u00edficamente, frente a un colmad\u00f3n de dicho municipio, en direcci\u00f3n oeste-este, cargado de aguacates.<\/p>\n\n\n\n<p>El imputado impact\u00f3 y atropell\u00f3 con el cami\u00f3n a la multitud, resultando muertos Jos\u00e9 Ren\u00e9 Guzm\u00e1n Guzm\u00e1n, G\u00e9nesis Arias Alc\u00e1ntara, Elvin Guzm\u00e1n Rodr\u00edguez, Deury Ferreras Matos, Yohennys Soriano M\u00e9ndez y Jhon Deivy Geraldo Matos tras presentar,&nbsp; la mayor\u00eda, traumas contusos craneoencef\u00e1licos y faciales severos, mientras que m\u00e1s de 40 resultaron con golpes y heridas o da\u00f1os f\u00edsicos con lesiones.<\/p>\n\n\n\n<p>En la instancia, el Ministerio P\u00fablico enfatiz\u00f3 que contra Encarnaci\u00f3n Bautista debe imponerse la prisi\u00f3n preventiva por ser la medida m\u00e1s id\u00f3nea, ya que no ofrece garant\u00edas para presentarse a los actos del procedimiento y someterse a los mismos, en raz\u00f3n de que no cuenta con el arraigo suficiente para descartar el peligro de fuga.<\/p>\n\n\n\n<p>En ese mismo sentido, reiter\u00f3 que en su caso est\u00e1 latente el peligro de fuga, ya que se dio a la fuga despu\u00e9s del accidente, y, al enterarse de la persecuci\u00f3n en su contra, procedi\u00f3 a entregarse, adem\u00e1s de que los hechos que se les atribuyen conllevan la imposici\u00f3n de penas privativas de libertad.<\/p>\n\n\n\n<p>Tambi\u00e9n, justifica la imposici\u00f3n de la medida al establecer que ha exhibido comportamientos similares en otros casos que ser\u00e1n expuestos ante el tribunal.<\/p>\n\n\n\n<p>El \u00f3rgano del sistema de justicia, tambi\u00e9n, sostiene que el imputado conduce con temeridad y violando todos los preceptos legales, propio de la materia, depreciando toda la seguridad del ciudadano y la observancia que debe tomar en consideraci\u00f3n, tras establecer que en el Sistema de Investigaci\u00f3n Criminal (SIC) aparece con 28 infracciones por violaci\u00f3n a la Ley 63-17 sobre Tr\u00e1nsito Vial.<\/p>\n\n\n\n<p>El Ministerio P\u00fablico destac\u00f3 que cuenta con diferentes evidencias para establecer la vinculaci\u00f3n de Encarnaci\u00f3n Bautista con el caso al que le ha otorgado la calificaci\u00f3n jur\u00eddica provisional de violaci\u00f3n a los art\u00edculos 220, 264, 268, 302, 303, numerales 3, 4 y 5; 304, numeral 2, y 311, de dicha Ley 63-17.<\/p>\n\n\n\n<figure class=\"wp-block-table\"><table><tbody><tr><td><strong>Comunicaciones PGR<\/strong><\/td><\/tr><\/tbody><\/table><\/figure>\n","protected":false},"excerpt":{"rendered":"<p>diariodominicano.com Azua, R.D., mi\u00e9rcoles, 4 de septiembre de 2024.\u00a0 El Ministerio P\u00fablico solicit\u00f3 la imposici\u00f3n de prisi\u00f3n preventiva en contra del conductor del cami\u00f3n que el pasado domingo le provoc\u00f3 la muerte a seis personas y heridas a m\u00e1s de 40 que compart\u00edan en un negocio de la secci\u00f3n Bastida, del distrito municipal Villarpando, del [&hellip;]<\/p>\n","protected":false},"author":5,"featured_media":556554,"comment_status":"closed","ping_status":"closed","sticky":true,"template":"","format":"standard","meta":{"footnotes":""},"categories":[24,27],"tags":[],"class_list":["post-556553","post","type-post","status-publish","format-standard","has-post-thumbnail","hentry","category-justicia-y-derecho","category-portada"],"_links":{"self":[{"href":"https:\/\/diariodominicano.com\/index.php?rest_route=\/wp\/v2\/posts\/556553","targetHints":{"allow":["GET"]}}],"collection":[{"href":"https:\/\/diariodominicano.com\/index.php?rest_route=\/wp\/v2\/posts"}],"about":[{"href":"https:\/\/diariodominicano.com\/index.php?rest_route=\/wp\/v2\/types\/post"}],"author":[{"embeddable":true,"href":"https:\/\/diariodominicano.com\/index.php?rest_route=\/wp\/v2\/users\/5"}],"replies":[{"embeddable":true,"href":"https:\/\/diariodominicano.com\/index.php?rest_route=%2Fwp%2Fv2%2Fcomments&post=556553"}],"version-history":[{"count":1,"href":"https:\/\/diariodominicano.com\/index.php?rest_route=\/wp\/v2\/posts\/556553\/revisions"}],"predecessor-version":[{"id":556555,"href":"https:\/\/diariodominicano.com\/index.php?rest_route=\/wp\/v2\/posts\/556553\/revisions\/556555"}],"wp:featuredmedia":[{"embeddable":true,"href":"https:\/\/diariodominicano.com\/index.php?rest_route=\/wp\/v2\/media\/556554"}],"wp:attachment":[{"href":"https:\/\/diariodominicano.com\/index.php?rest_route=%2Fwp%2Fv2%2Fmedia&parent=556553"}],"wp:term":[{"taxonomy":"category","embeddable":true,"href":"https:\/\/diariodominicano.com\/index.php?rest_route=%2Fwp%2Fv2%2Fcategories&post=556553"},{"taxonomy":"post_tag","embeddable":true,"href":"https:\/\/diariodominicano.com\/index.php?rest_route=%2Fwp%2Fv2%2Ftags&post=556553"}],"curies":[{"name":"wp","href":"https:\/\/api.w.org\/{rel}","templated":true}]}}