{"id":556506,"date":"2024-09-04T02:42:02","date_gmt":"2024-09-04T06:42:02","guid":{"rendered":"https:\/\/diariodominicano.com\/?p=556506"},"modified":"2024-09-04T02:42:07","modified_gmt":"2024-09-04T06:42:07","slug":"recordaran-en-chile-54-anos-de-la-victoria-electoral-de-allende","status":"publish","type":"post","link":"https:\/\/diariodominicano.com\/?p=556506","title":{"rendered":"Recordar\u00e1n en Chile 54 a\u00f1os de la victoria electoral de Allende"},"content":{"rendered":"\n<p>Santiago de Chile, 4 sep (Prensa Latina) Con sendos actos en la Plaza de la Constituci\u00f3n de esta capital, organizaciones pol\u00edticas y sociales rendir\u00e1n tributo hoy a Salvador Allende, en el aniversario 54 de su elecci\u00f3n como presidente de Chile.<\/p>\n\n\n\n<ul class=\"wp-block-list\">\n<li><a href=\"https:\/\/www.prensa-latina.cu\/2024\/09\/04\/\"><time>septiembre 4, 2024 | 00:02<\/time><\/a><\/li>\n<\/ul>\n\n\n\n<ul class=\"wp-block-list\">\n<li><a href=\"https:\/\/www.prensa-latina.cu\/2024\/09\/04\/recordaran-en-chile-54-anos-de-la-victoria-electoral-de-allende\/#\"><\/a><\/li>\n\n\n\n<li><a href=\"https:\/\/www.prensa-latina.cu\/2024\/09\/04\/recordaran-en-chile-54-anos-de-la-victoria-electoral-de-allende\/#\"><\/a><\/li>\n\n\n\n<li><a href=\"https:\/\/www.prensa-latina.cu\/2024\/09\/04\/recordaran-en-chile-54-anos-de-la-victoria-electoral-de-allende\/#\"><\/a><\/li>\n\n\n\n<li><a href=\"https:\/\/www.prensa-latina.cu\/2024\/09\/04\/recordaran-en-chile-54-anos-de-la-victoria-electoral-de-allende\/#\"><\/a><\/li>\n<\/ul>\n\n\n\n<p>El m\u00e9dico cirujano y pol\u00edtico gan\u00f3 los comicios del 4 de septiembre de 1970 como candidato de la Unidad Popular, coalici\u00f3n integrada por agrupaciones de izquierda, entre ellas los partidos Socialista y Comunista y el Movimiento de Acci\u00f3n Popular Unitario (MAPU).<\/p>\n\n\n\n<p>En esa justa, logr\u00f3 el porcentaje m\u00e1s alto de votos (36,6 por ciento) y se impuso al expresidente Jorge Alessandri, del Partido Nacional, y a Radomiro Tomic, nominado por la Democracia Cristiana.<\/p>\n\n\n\n<p>\u201cA 54 a\u00f1os de ese hito, los sue\u00f1os de Allende est\u00e1n m\u00e1s vivos que nunca\u201d, se\u00f1ala la convocatoria del Partido y las Juventudes comunistas.<\/p>\n\n\n\n<p>Mientras, el Partido Socialista record\u00f3 que el 4 de septiembre marca una inflexi\u00f3n en las luchas de la izquierda chilena y del movimiento popular.<\/p>\n\n\n\n<p>Durante los mil d\u00edas de su Gobierno se llevaron a cabo importantes transformaciones en el pa\u00eds, como la nacionalizaci\u00f3n del cobre, la profundizaci\u00f3n de la reforma agraria, el medio litro de leche diario para eliminar la desnutrici\u00f3n infantil y la universalizaci\u00f3n de la salud.<\/p>\n\n\n\n<p>Los homenajes a Allende tendr\u00e1n lugar en horas de la ma\u00f1ana y al mediod\u00eda a los pies de la estatua erigida en su honor en la Plaza de la Constituci\u00f3n.<\/p>\n\n\n\n<p>Tambi\u00e9n est\u00e1 programado un recorrido desde la avenida de La Alameda y una parada frente a la puerta Morand\u00e9 80 del Palacio de La Moneda, por donde fueron retirados los restos del ex dignatario el 11 de septiembre de 1973, cuando se produjo el golpe de Estado encabezado por Augusto Pinochet.<\/p>\n\n\n\n<p>Mientras, en la Biblioteca P\u00fablica de Quinta Normal, en esta capital, ser\u00e1 presentado el libro \u201cSalvador Allende: palabra y acci\u00f3n\u201d, una colecci\u00f3n de citas que reflejan su profunda consecuencia.<\/p>\n\n\n\n<p>jha\/car<\/p>\n","protected":false},"excerpt":{"rendered":"<p>Santiago de Chile, 4 sep (Prensa Latina) Con sendos actos en la Plaza de la Constituci\u00f3n de esta capital, organizaciones pol\u00edticas y sociales rendir\u00e1n tributo hoy a Salvador Allende, en el aniversario 54 de su elecci\u00f3n como presidente de Chile. El m\u00e9dico cirujano y pol\u00edtico gan\u00f3 los comicios del 4 de septiembre de 1970 como [&hellip;]<\/p>\n","protected":false},"author":2,"featured_media":556507,"comment_status":"closed","ping_status":"closed","sticky":true,"template":"","format":"standard","meta":{"footnotes":""},"categories":[26,23],"tags":[],"class_list":["post-556506","post","type-post","status-publish","format-standard","has-post-thumbnail","hentry","category-efemerides","category-internacional"],"_links":{"self":[{"href":"https:\/\/diariodominicano.com\/index.php?rest_route=\/wp\/v2\/posts\/556506","targetHints":{"allow":["GET"]}}],"collection":[{"href":"https:\/\/diariodominicano.com\/index.php?rest_route=\/wp\/v2\/posts"}],"about":[{"href":"https:\/\/diariodominicano.com\/index.php?rest_route=\/wp\/v2\/types\/post"}],"author":[{"embeddable":true,"href":"https:\/\/diariodominicano.com\/index.php?rest_route=\/wp\/v2\/users\/2"}],"replies":[{"embeddable":true,"href":"https:\/\/diariodominicano.com\/index.php?rest_route=%2Fwp%2Fv2%2Fcomments&post=556506"}],"version-history":[{"count":1,"href":"https:\/\/diariodominicano.com\/index.php?rest_route=\/wp\/v2\/posts\/556506\/revisions"}],"predecessor-version":[{"id":556508,"href":"https:\/\/diariodominicano.com\/index.php?rest_route=\/wp\/v2\/posts\/556506\/revisions\/556508"}],"wp:featuredmedia":[{"embeddable":true,"href":"https:\/\/diariodominicano.com\/index.php?rest_route=\/wp\/v2\/media\/556507"}],"wp:attachment":[{"href":"https:\/\/diariodominicano.com\/index.php?rest_route=%2Fwp%2Fv2%2Fmedia&parent=556506"}],"wp:term":[{"taxonomy":"category","embeddable":true,"href":"https:\/\/diariodominicano.com\/index.php?rest_route=%2Fwp%2Fv2%2Fcategories&post=556506"},{"taxonomy":"post_tag","embeddable":true,"href":"https:\/\/diariodominicano.com\/index.php?rest_route=%2Fwp%2Fv2%2Ftags&post=556506"}],"curies":[{"name":"wp","href":"https:\/\/api.w.org\/{rel}","templated":true}]}}