{"id":556448,"date":"2024-09-04T01:50:10","date_gmt":"2024-09-04T05:50:10","guid":{"rendered":"https:\/\/diariodominicano.com\/?p=556448"},"modified":"2024-09-04T01:52:43","modified_gmt":"2024-09-04T05:52:43","slug":"embajada-de-rd-en-mexico-entrego-al-agn-53-titulos-de-la-biblioteca-de-pedro-henriquez-urena-2","status":"publish","type":"post","link":"https:\/\/diariodominicano.com\/?p=556448","title":{"rendered":"Embajada de RD en M\u00e9xico entreg\u00f3 al AGN 53 t\u00edtulos de la biblioteca de Pedro Henr\u00edquez Ure\u00f1a"},"content":{"rendered":"\n<p>El Sr. Roberto Cass\u00e1 y la Embajadora Mar\u00eda Isabel Castillo<\/p>\n\n\n\n<p><em>La donaci\u00f3n fue realizada por Pablo Gonz\u00e1lez Casanova Henr\u00edquez, nieto del ilustre intelectual.<\/em><\/p>\n\n\n\n<p><strong>SANTO DOMINGO, RD. &#8211;&nbsp;<\/strong>El Archivo General de la Naci\u00f3n (AGN) recibi\u00f3 este lunes una donaci\u00f3n de 53 t\u00edtulos pertenecientes a la biblioteca personal del destacado humanista dominicano Pedro Henr\u00edquez Ure\u00f1a.<\/p>\n\n\n\n<p>La donaci\u00f3n fue realizada por la Embajadora de la Rep\u00fablica Dominicana en los Estados Unidos Mexicanos, Mar\u00eda Isabel Castillo B\u00e1ez, en nombre de Pablo Gonz\u00e1lez Casanova Henr\u00edquez, nieto del ilustre intelectual, quien reside en Cuernavaca, M\u00e9xico.<\/p>\n\n\n\n<p>En un acto celebrado en la sede del AGN, la embajadora Castillo B\u00e1ez destac\u00f3 la importancia de esta entrega, que incluye ejemplares \u00fanicos, algunos con dedicatorias especiales como la del expresidente Juan Bosch, y un manuscrito in\u00e9dito de poes\u00edas de Nicol\u00e1s Ure\u00f1a de Mendoza, abuelo Henr\u00edquez Ure\u00f1a<\/p>\n\n\n\n<p>\u00abEs un privilegio traer, resguardar y que formen parte del patrimonio documental dominicano y de la memoria cultural e hist\u00f3rica de nuestra naci\u00f3n\u00bb, expres\u00f3 la embajadora.<\/p>\n\n\n\n<p>Por su parte el director general del AGN, Roberto Cass\u00e1, agradeci\u00f3 profundamente la gesti\u00f3n de la embajadora y resalt\u00f3 el valor emocional y cultural de la donaci\u00f3n.<\/p>\n\n\n\n<p>\u00abPersonalmente, considero esta donaci\u00f3n como una de las m\u00e1s valiosas que hemos recibido en los \u00faltimos 20 a\u00f1os. Tener en nuestro acervo ejemplares de la biblioteca de Pedro Henr\u00edquez Ure\u00f1a es algo excepcional, un verdadero tesoro para la cultura dominicana\u00bb, expres\u00f3 Cass\u00e1, quien asegur\u00f3 que los libros ser\u00e1n objeto de un cuidadoso tratamiento y estar\u00e1n en exhibici\u00f3n permanente.<\/p>\n\n\n\n<p>La donaci\u00f3n forma parte de un esfuerzo continuado para mantener vivo el pensamiento y legado de Pedro Henr\u00edquez Ure\u00f1a, conocido como el \u00abS\u00f3crates del Caribe\u00bb. Esta iniciativa fue reforzada con la reactivaci\u00f3n de la c\u00e1tedra que lleva su nombre en la Embajada Dominicana en M\u00e9xico, la cual ha organizado una serie de encuentros acad\u00e9micos que han permitido concretar este valioso aporte, sugerido por el historiador Miguel D. Mena.<\/p>\n\n\n\n<p>El acto concluy\u00f3 con la entrega de un ejemplar del acuerdo de cooperaci\u00f3n firmado entre la Rep\u00fablica Dominicana y M\u00e9xico, documento que representa un compendio de las etapas m\u00e1s importantes de la relaci\u00f3n diplom\u00e1tica entre ambas naciones.<\/p>\n\n\n\n<p>Al encuentro asistieron el subdirector del AGN, Jos\u00e9 V\u00edlchez; el director de comunicaciones del Banco Popular, Jos\u00e9 M\u00e1rmol; la poeta Soledad \u00c1lvarez; los padres de la embajadora; Mar\u00eda Alejandra Castillo, quien es la directora de Diplomacia Especializada del Ministerio de Relaciones Exteriores; y encargados departamentales del AGN.\u00bb<\/p>\n\n\n\n<p>Samuel Esteban<\/p>\n\n\n\n<p>Primer Secretario<\/p>\n\n\n\n<p>Encargado de Comunicaci\u00f3n &amp;\u00a0Prensa<\/p>\n\n\n\n<p>Samuel Esteban Pe\u00f1a Valdez<\/p>\n\n\n\n<p>Samuel Esteban Pe\u00f1a Valdez ()<\/p>\n\n\n\n<p><a target=\"_blank\" href=\"mailto:samuelesteban@embadom.org\" rel=\"noreferrer noopener\">samuelesteban@embadom.org<\/a><\/p>\n","protected":false},"excerpt":{"rendered":"<p>El Sr. Roberto Cass\u00e1 y la Embajadora Mar\u00eda Isabel Castillo La donaci\u00f3n fue realizada por Pablo Gonz\u00e1lez Casanova Henr\u00edquez, nieto del ilustre intelectual. SANTO DOMINGO, RD. &#8211;&nbsp;El Archivo General de la Naci\u00f3n (AGN) recibi\u00f3 este lunes una donaci\u00f3n de 53 t\u00edtulos pertenecientes a la biblioteca personal del destacado humanista dominicano Pedro Henr\u00edquez Ure\u00f1a. La donaci\u00f3n [&hellip;]<\/p>\n","protected":false},"author":2,"featured_media":556449,"comment_status":"closed","ping_status":"closed","sticky":true,"template":"","format":"standard","meta":{"footnotes":""},"categories":[21,36,25],"tags":[],"class_list":["post-556448","post","type-post","status-publish","format-standard","has-post-thumbnail","hentry","category-cultura","category-hombresmujeresycosas","category-gente"],"_links":{"self":[{"href":"https:\/\/diariodominicano.com\/index.php?rest_route=\/wp\/v2\/posts\/556448","targetHints":{"allow":["GET"]}}],"collection":[{"href":"https:\/\/diariodominicano.com\/index.php?rest_route=\/wp\/v2\/posts"}],"about":[{"href":"https:\/\/diariodominicano.com\/index.php?rest_route=\/wp\/v2\/types\/post"}],"author":[{"embeddable":true,"href":"https:\/\/diariodominicano.com\/index.php?rest_route=\/wp\/v2\/users\/2"}],"replies":[{"embeddable":true,"href":"https:\/\/diariodominicano.com\/index.php?rest_route=%2Fwp%2Fv2%2Fcomments&post=556448"}],"version-history":[{"count":2,"href":"https:\/\/diariodominicano.com\/index.php?rest_route=\/wp\/v2\/posts\/556448\/revisions"}],"predecessor-version":[{"id":556451,"href":"https:\/\/diariodominicano.com\/index.php?rest_route=\/wp\/v2\/posts\/556448\/revisions\/556451"}],"wp:featuredmedia":[{"embeddable":true,"href":"https:\/\/diariodominicano.com\/index.php?rest_route=\/wp\/v2\/media\/556449"}],"wp:attachment":[{"href":"https:\/\/diariodominicano.com\/index.php?rest_route=%2Fwp%2Fv2%2Fmedia&parent=556448"}],"wp:term":[{"taxonomy":"category","embeddable":true,"href":"https:\/\/diariodominicano.com\/index.php?rest_route=%2Fwp%2Fv2%2Fcategories&post=556448"},{"taxonomy":"post_tag","embeddable":true,"href":"https:\/\/diariodominicano.com\/index.php?rest_route=%2Fwp%2Fv2%2Ftags&post=556448"}],"curies":[{"name":"wp","href":"https:\/\/api.w.org\/{rel}","templated":true}]}}