{"id":556432,"date":"2024-09-04T01:33:27","date_gmt":"2024-09-04T05:33:27","guid":{"rendered":"https:\/\/diariodominicano.com\/?p=556432"},"modified":"2024-09-04T01:34:24","modified_gmt":"2024-09-04T05:34:24","slug":"ministro-de-agricultura-entrega-mas-de-50-millones-a-productores-de-san-francisco-de-macoris","status":"publish","type":"post","link":"https:\/\/diariodominicano.com\/?p=556432","title":{"rendered":"Ministro de Agricultura entrega m\u00e1s de 50 millones a productores de San Francisco de Macor\u00eds"},"content":{"rendered":"\n<p><strong>San Francisco de Macor\u00eds, Duarte.-<\/strong>&nbsp;El Ministerio de Agricultura entreg\u00f3 una compensaci\u00f3n de 50,040,750 pesos a 401 productores agropecuarios de San Francisco de Macor\u00eds en la provincia Duarte los cuales fueron afectados por un tornado el pasado mes de mayo.&nbsp;<\/p>\n\n\n\n<p>La entrega fue realizada por el ministro Limber Cruz dentro del programa Ruta de la Solidaridad Agropecuaria que impulsa el presidente Luis Abinader, en una clara demostraci\u00f3n del compromiso y pasi\u00f3n del gobierno por el campo dominicano.<\/p>\n\n\n\n<figure class=\"wp-block-image size-large\"><img loading=\"lazy\" decoding=\"async\" width=\"1024\" height=\"682\" src=\"https:\/\/diariodominicano.com\/wp-content\/uploads\/2024\/09\/SFM-2-1024x682.jpeg\" alt=\"\" class=\"wp-image-556435\" srcset=\"https:\/\/diariodominicano.com\/wp-content\/uploads\/2024\/09\/SFM-2-1024x682.jpeg 1024w, https:\/\/diariodominicano.com\/wp-content\/uploads\/2024\/09\/SFM-2-300x200.jpeg 300w, https:\/\/diariodominicano.com\/wp-content\/uploads\/2024\/09\/SFM-2-768x512.jpeg 768w, https:\/\/diariodominicano.com\/wp-content\/uploads\/2024\/09\/SFM-2-1536x1024.jpeg 1536w, https:\/\/diariodominicano.com\/wp-content\/uploads\/2024\/09\/SFM-2-2048x1365.jpeg 2048w, https:\/\/diariodominicano.com\/wp-content\/uploads\/2024\/09\/SFM-2-816x544.jpeg 816w\" sizes=\"auto, (max-width: 1024px) 100vw, 1024px\" \/><\/figure>\n\n\n\n<p>Adem\u00e1s, el rector del sector agropecuario inaugur\u00f3 dos c\u00e1maras t\u00e9rmicas para germinaci\u00f3n de pl\u00e1ntulas de pl\u00e1tanos, y anunci\u00f3 la conclusi\u00f3n de varios caminos interparcelarios en las comunidades de Los Aguayos, Mata Larga y Las Gu\u00e1ranas, obras que resaltan el enfoque tecnol\u00f3gico, de innovaci\u00f3n y facilidades para los productores que caracteriza a Agricultura bajo el liderazgo de Limber Cruz.&nbsp;<\/p>\n\n\n\n<figure class=\"wp-block-image size-large\"><img loading=\"lazy\" decoding=\"async\" width=\"1024\" height=\"682\" src=\"https:\/\/diariodominicano.com\/wp-content\/uploads\/2024\/09\/SFM-3-1024x682.jpeg\" alt=\"\" class=\"wp-image-556437\" srcset=\"https:\/\/diariodominicano.com\/wp-content\/uploads\/2024\/09\/SFM-3-1024x682.jpeg 1024w, https:\/\/diariodominicano.com\/wp-content\/uploads\/2024\/09\/SFM-3-300x200.jpeg 300w, https:\/\/diariodominicano.com\/wp-content\/uploads\/2024\/09\/SFM-3-768x512.jpeg 768w, https:\/\/diariodominicano.com\/wp-content\/uploads\/2024\/09\/SFM-3-1536x1024.jpeg 1536w, https:\/\/diariodominicano.com\/wp-content\/uploads\/2024\/09\/SFM-3-2048x1365.jpeg 2048w, https:\/\/diariodominicano.com\/wp-content\/uploads\/2024\/09\/SFM-3-816x544.jpeg 816w\" sizes=\"auto, (max-width: 1024px) 100vw, 1024px\" \/><\/figure>\n\n\n\n<p>Esta iniciativa reafirma el compromiso del Gobierno con el desarrollo y fortalecimiento del sector agropecuario, brindando herramientas y recursos necesarios para garantizar la sostenibilidad y la prosperidad de los productores; as\u00ed como el arduo trabajo y dedicaci\u00f3n del Ministro, que ha sido fundamental para lograr resultados extraordinarios, evidenciando su entrega con el bienestar de los agricultores y la promoci\u00f3n de una agricultura sostenible.<\/p>\n\n\n\n<p>En las actividades, estuvieron presente el viceministro de Producci\u00f3n Agr\u00edcola y Mercadeo, Eulalio Ram\u00edrez; Dennis Hern\u00e1ndez, en representaci\u00f3n de Ana Xiomara Cort\u00e9s, gobernadora de la provincia Duarte; el coordinador de las Direcciones Regionales, Eduardo Mercedes; Frank Ventura, director Regional Nordeste; Rosa Lazala, directora de Sanidad Vegetal de Agricultura; Tony N\u00fa\u00f1ez, director regional del Banco Agr\u00edcola y otras autoridades.<\/p>\n\n\n\n<p><strong>Periodista Erick Montilla<\/strong><\/p>\n\n\n\n<p>Director de Comunicaciones, Prensa y RR.PP.<\/p>\n\n\n\n<p>Ministerio de Agricultura<\/p>\n","protected":false},"excerpt":{"rendered":"<p>San Francisco de Macor\u00eds, Duarte.-&nbsp;El Ministerio de Agricultura entreg\u00f3 una compensaci\u00f3n de 50,040,750 pesos a 401 productores agropecuarios de San Francisco de Macor\u00eds en la provincia Duarte los cuales fueron afectados por un tornado el pasado mes de mayo.&nbsp; La entrega fue realizada por el ministro Limber Cruz dentro del programa Ruta de la Solidaridad [&hellip;]<\/p>\n","protected":false},"author":2,"featured_media":556433,"comment_status":"closed","ping_status":"closed","sticky":true,"template":"","format":"standard","meta":{"footnotes":""},"categories":[18],"tags":[],"class_list":["post-556432","post","type-post","status-publish","format-standard","has-post-thumbnail","hentry","category-economia"],"_links":{"self":[{"href":"https:\/\/diariodominicano.com\/index.php?rest_route=\/wp\/v2\/posts\/556432","targetHints":{"allow":["GET"]}}],"collection":[{"href":"https:\/\/diariodominicano.com\/index.php?rest_route=\/wp\/v2\/posts"}],"about":[{"href":"https:\/\/diariodominicano.com\/index.php?rest_route=\/wp\/v2\/types\/post"}],"author":[{"embeddable":true,"href":"https:\/\/diariodominicano.com\/index.php?rest_route=\/wp\/v2\/users\/2"}],"replies":[{"embeddable":true,"href":"https:\/\/diariodominicano.com\/index.php?rest_route=%2Fwp%2Fv2%2Fcomments&post=556432"}],"version-history":[{"count":2,"href":"https:\/\/diariodominicano.com\/index.php?rest_route=\/wp\/v2\/posts\/556432\/revisions"}],"predecessor-version":[{"id":556438,"href":"https:\/\/diariodominicano.com\/index.php?rest_route=\/wp\/v2\/posts\/556432\/revisions\/556438"}],"wp:featuredmedia":[{"embeddable":true,"href":"https:\/\/diariodominicano.com\/index.php?rest_route=\/wp\/v2\/media\/556433"}],"wp:attachment":[{"href":"https:\/\/diariodominicano.com\/index.php?rest_route=%2Fwp%2Fv2%2Fmedia&parent=556432"}],"wp:term":[{"taxonomy":"category","embeddable":true,"href":"https:\/\/diariodominicano.com\/index.php?rest_route=%2Fwp%2Fv2%2Fcategories&post=556432"},{"taxonomy":"post_tag","embeddable":true,"href":"https:\/\/diariodominicano.com\/index.php?rest_route=%2Fwp%2Fv2%2Ftags&post=556432"}],"curies":[{"name":"wp","href":"https:\/\/api.w.org\/{rel}","templated":true}]}}