{"id":556325,"date":"2024-09-03T18:55:30","date_gmt":"2024-09-03T22:55:30","guid":{"rendered":"https:\/\/diariodominicano.com\/?p=556325"},"modified":"2024-09-03T23:31:08","modified_gmt":"2024-09-04T03:31:08","slug":"mp-obtiene-condena-de-20-anos-de-prision-contra-hombre-violo-sexualmente-a-un-nino","status":"publish","type":"post","link":"https:\/\/diariodominicano.com\/?p=556325","title":{"rendered":"Condenan a  20 a\u00f1os de prisi\u00f3n a un hombre que viol\u00f3 sexualmente a un ni\u00f1o"},"content":{"rendered":"\n<p><strong>SAN PEDRO DE MACOR\u00cdS (Rep\u00fablica Dominicana).-<\/strong>&nbsp;El Ministerio P\u00fablico de este distrito judicial obtuvo una condena de 20 a\u00f1os de prisi\u00f3n en contra de un hombre que viol\u00f3 sexualmente a un ni\u00f1o de 12 a\u00f1os de edad, en un hecho ocurrido en el a\u00f1o 2019.<\/p>\n\n\n\n<p>El tribunal, que integran los jueces Juan de la Cruz Rijo Guillermo, Bethania del Carmen Conce Polanco y&nbsp; Katerine Santana Mej\u00eda, dict\u00f3 la sentencia condenatoria en contra de Tomy Eugene Richardson, quien cometi\u00f3 los hechos en detrimento de la v\u00edctima, de quien se omite su nombre para cuidar de su integridad.<\/p>\n\n\n\n<p>El Ministerio P\u00fablico, representado por la fiscal litigante Estela Santana Castro, de la Unidad de Atenci\u00f3n a V\u00edctimas de Violencia de G\u00e9nero, Intrafamiliar y Delitos Sexuales de esta jurisdicci\u00f3n, demostr\u00f3 con pruebas contundentes la responsabilidad penal de Richardson, quien falt\u00f3 a los art\u00edculos 330 y 331 del C\u00f3digo Penal Dominicano.<\/p>\n\n\n\n<p>La investigaci\u00f3n del \u00f3rgano persecutor, la cual fue desarrolla por el fiscal Daviarys E. Garc\u00eda Navarro, inici\u00f3 luego de que un familiar del ni\u00f1o, a quien el infante le hab\u00eda revelado los hechos, se present\u00f3 a la Unidad de Atenci\u00f3n a V\u00edctimas de Violencia de G\u00e9nero, Intrafamiliar y Delitos Sexuales de San<\/p>\n\n\n\n<p>Pedro Macor\u00eds, donde denunci\u00f3 lo sucedido.<\/p>\n\n\n\n<p>Tras la denuncia, el ni\u00f1o fue sometido a los estudios correspondientes por m\u00e9dicos del Instituto Nacional de Ciencias Forenses (Inacif) que corroboraron lo expresado por el ni\u00f1o de 12 a\u00f1os, quien en su entrevista en la C\u00e1mara Gessell, precis\u00f3 que el agresor lo amenaz\u00f3 de muerte si revelaba lo que hab\u00eda hecho.<\/p>\n\n\n\n<p>El agresor aprovech\u00f3 la confianza que ten\u00eda en el ni\u00f1o en \u00e9l, y al notarlo desprotegido, logr\u00f3 someterlo y cometer el delito.<\/p>\n\n\n\n<p>Por disposici\u00f3n del tribunal, el procesado deber\u00e1 cumplir la sentencia en el Centro de Correcci\u00f3n y Rehabilitaci\u00f3n de San Pedro de Macor\u00eds.<\/p>\n\n\n\n<p><strong>Direcci\u00f3n General de Comunicaci\u00f3n, Prensa, y RRPP<\/strong><strong><\/strong><\/p>\n\n\n\n<p>Ministerio P\u00fablico.&nbsp;R.D.<\/p>\n","protected":false},"excerpt":{"rendered":"<p>SAN PEDRO DE MACOR\u00cdS (Rep\u00fablica Dominicana).-&nbsp;El Ministerio P\u00fablico de este distrito judicial obtuvo una condena de 20 a\u00f1os de prisi\u00f3n en contra de un hombre que viol\u00f3 sexualmente a un ni\u00f1o de 12 a\u00f1os de edad, en un hecho ocurrido en el a\u00f1o 2019. El tribunal, que integran los jueces Juan de la Cruz Rijo [&hellip;]<\/p>\n","protected":false},"author":7,"featured_media":495896,"comment_status":"closed","ping_status":"closed","sticky":true,"template":"","format":"standard","meta":{"footnotes":""},"categories":[24],"tags":[],"class_list":["post-556325","post","type-post","status-publish","format-standard","has-post-thumbnail","hentry","category-justicia-y-derecho"],"_links":{"self":[{"href":"https:\/\/diariodominicano.com\/index.php?rest_route=\/wp\/v2\/posts\/556325","targetHints":{"allow":["GET"]}}],"collection":[{"href":"https:\/\/diariodominicano.com\/index.php?rest_route=\/wp\/v2\/posts"}],"about":[{"href":"https:\/\/diariodominicano.com\/index.php?rest_route=\/wp\/v2\/types\/post"}],"author":[{"embeddable":true,"href":"https:\/\/diariodominicano.com\/index.php?rest_route=\/wp\/v2\/users\/7"}],"replies":[{"embeddable":true,"href":"https:\/\/diariodominicano.com\/index.php?rest_route=%2Fwp%2Fv2%2Fcomments&post=556325"}],"version-history":[{"count":2,"href":"https:\/\/diariodominicano.com\/index.php?rest_route=\/wp\/v2\/posts\/556325\/revisions"}],"predecessor-version":[{"id":556360,"href":"https:\/\/diariodominicano.com\/index.php?rest_route=\/wp\/v2\/posts\/556325\/revisions\/556360"}],"wp:featuredmedia":[{"embeddable":true,"href":"https:\/\/diariodominicano.com\/index.php?rest_route=\/wp\/v2\/media\/495896"}],"wp:attachment":[{"href":"https:\/\/diariodominicano.com\/index.php?rest_route=%2Fwp%2Fv2%2Fmedia&parent=556325"}],"wp:term":[{"taxonomy":"category","embeddable":true,"href":"https:\/\/diariodominicano.com\/index.php?rest_route=%2Fwp%2Fv2%2Fcategories&post=556325"},{"taxonomy":"post_tag","embeddable":true,"href":"https:\/\/diariodominicano.com\/index.php?rest_route=%2Fwp%2Fv2%2Ftags&post=556325"}],"curies":[{"name":"wp","href":"https:\/\/api.w.org\/{rel}","templated":true}]}}