{"id":556226,"date":"2024-09-03T00:39:20","date_gmt":"2024-09-03T04:39:20","guid":{"rendered":"https:\/\/diariodominicano.com\/?p=556226"},"modified":"2024-09-03T00:41:12","modified_gmt":"2024-09-03T04:41:12","slug":"starlink-dice-no-cumplira-con-suspender-x-en-brasil-corte-suprema-ratifica-fallo","status":"publish","type":"post","link":"https:\/\/diariodominicano.com\/?p=556226","title":{"rendered":"Starlink dice no cumplir\u00e1 con suspender X en Brasil, Corte Suprema ratifica fallo"},"content":{"rendered":"\n<p>Esta combinaci\u00f3n de fotos muestra al due\u00f1o de X, Elon Musk, en un evento en Los Angeles, California, el 3 de abril de 2024, y al juez de la Corte Suprema de Brasil, Alexandre de Moraes, en Brasilia, el 18 de junio de 2024,<\/p>\n\n\n\n<p>septiembre 02, 2024<\/p>\n\n\n\n<ul class=\"wp-block-list\">\n<li><a href=\"https:\/\/www.vozdeamerica.com\/author\/voz-de-america-redaccion\/p_kym\">Voz de Am\u00e9rica &#8211; Redacci\u00f3n<\/a><\/li>\n\n\n\n<li><\/li>\n<\/ul>\n\n\n\n<p><a href=\"https:\/\/www.vozdeamerica.com\/a\/starlink-le-dice-al-regulador-brasileno-que-no-cumplira-con-la-suspensi%C3%B3n-de-x\/7768298.html#comments\">&nbsp;Vea comentarios<\/a><\/p>\n\n\n\n<p>La compa\u00f1\u00eda Starlink, propiedad de Elon Musk, arreci\u00f3 la disputa con la justicia brasile\u00f1a al asegurar al operador de telecomunicaciones que no cumplir\u00e1 con la sentencia del juez de la Corte Suprema, Alexandre de Moraes, quien este lunes ratific\u00f3 su decisi\u00f3n.<\/p>\n\n\n\n<p>El proveedor de internet satelital Starlink, controlado por Elon Musk, dijo al regulador de telecomunicaciones de Brasil, Anatel, que no cumplir\u00e1 con una orden judicial de bloquear la plataforma de redes sociales X en el pa\u00eds hasta que sus cuentas locales sean descongeladas.<\/p>\n\n\n\n<p>El jefe de Anatel, Carlos Baigorri, confirm\u00f3 a periodistas que hab\u00eda recibido una nota de Starlink, que tiene m\u00e1s de 200.000 clientes en Brasil, y la hab\u00eda transmitido al m\u00e1ximo tribunal de Brasil.<\/p>\n\n\n\n<p>El juez de la Corte Suprema Alexandre de Moraes orden\u00f3 la semana pasada a todos los proveedores de telecomunicaciones del pa\u00eds que cerraran X, que tambi\u00e9n es propiedad del multimillonario Musk, por carecer de un representante legal en Brasil.<\/p>\n\n\n\n<p>Y este lunes un panel de la Corte ratific\u00f3 por unanimidad la decisi\u00f3n de Moraes, de acuerdo con el sitio web del organismo. El panel vot\u00f3 en una sesi\u00f3n virtual y estuvo compuesto por cinco de los 11 jueces del pleno, incluido de Moraes.<\/p>\n\n\n\n<p><a href=\"https:\/\/www.vozdeamerica.com\/a\/juez-ordena-cierre-inmediato-red-social-x-brasil-\/7766004.html\"><\/a><\/p>\n\n\n\n<p><a href=\"https:\/\/www.vozdeamerica.com\/a\/juez-ordena-cierre-inmediato-red-social-x-brasil-\/7766004.html\">TAMBI\u00c9N LEA<\/a><\/p>\n\n\n\n<h4 class=\"wp-block-heading\"><a href=\"https:\/\/www.vozdeamerica.com\/a\/juez-ordena-cierre-inmediato-red-social-x-brasil-\/7766004.html\">Los tres mayores operadores de telecomunicaciones de Brasil bloquear\u00e1n X a partir de medianoche: medios locales<\/a><\/h4>\n\n\n\n<p>La medida emitida el viernes tambi\u00e9n condujo al congelamiento de las cuentas bancarias de Starlink en Brasil. Starlink es una unidad de la empresa de cohetes SpaceX, dirigida por Musk. El multimillonario respondi\u00f3 al bloqueo de cuentas llamando a Moraes \u201cdictador\u201d.<\/p>\n\n\n\n<p>La decisi\u00f3n de congelar las cuentas de Starlink surge de una disputa separada sobre multas impagas que X tuvo que amortizar debido a que no entreg\u00f3 algunos documentos.<\/p>\n\n\n\n<p>El amplio apoyo entre los jueces socava el esfuerzo de Musk y sus partidarios por presentar al juez Moraes como un renegado y autoritario censor de la expresi\u00f3n pol\u00edtica.<\/p>\n\n\n\n<figure class=\"wp-block-image\"><img decoding=\"async\" src=\"https:\/\/gdb.voanews.com\/4b75c54a-efd2-497d-a97f-65fff86fba20_cx0_cy2_cw100_w650_r1_s.jpg\" alt=\"Un anuncio del medio Valor muestra una foto de Elon Musk en un mall en Brasilia, el lunes 2 de septiembre de 2024. El cartel dice: &quot;Musk crea perfil en X contra Moraes para filtrar decisiones confidenciales de la Corte Suprema&quot;, en referencia al juez Alexandre de Moraes.\"\/><figcaption class=\"wp-element-caption\">Un anuncio del medio Valor muestra una foto de Elon Musk en un mall en Brasilia, el lunes 2 de septiembre de 2024. El cartel dice: \u00abMusk crea perfil en X contra Moraes para filtrar decisiones confidenciales de la Corte Suprema\u00bb, en referencia al juez Alexandre de Moraes.<\/figcaption><\/figure>\n\n\n\n<p>X permanecer\u00e1 bloqueada hasta que cumpla sus \u00f3rdenes y pague las multas pendientes, que hasta la semana pasada superaban los 3 millones de d\u00f3lares, seg\u00fan su decisi\u00f3n.<\/p>\n\n\n\n<p>De Moraes tambi\u00e9n fij\u00f3 una multa diaria de 50.000 reales (8.900 d\u00f3lares) para las personas o empresas que utilicen redes privadas virtuales, o VPN, para acceder a X.<\/p>\n\n\n\n<p>Algunos juristas cuestionaron los fundamentos de esa decisi\u00f3n y c\u00f3mo se aplicar\u00e1, incluido el Colegio de Abogados de Brasil, que anunci\u00f3 que pedir\u00e1 al Tribunal Supremo que revise esa disposici\u00f3n.<\/p>\n\n\n\n<p>Pero la mayor\u00eda del tribunal confirm\u00f3 la multa por VPN, con un juez en contra a menos que se demuestre que los usuarios utilizan X para cometer delitos.<\/p>\n\n\n\n<p>Brasil es uno de los mayores mercados para X, con decenas de millones de usuarios. Su bloqueo supuso una dram\u00e1tica escalada en una disputa de meses entre Musk y de Moraes sobre libertad de expresi\u00f3n, cuentas de extrema derecha y desinformaci\u00f3n.<\/p>\n\n\n\n<p>\u201cHa violado la Constituci\u00f3n de Brasil repetida y atrozmente, despu\u00e9s de jurar protegerla\u201d, escribi\u00f3 Musk sobre de Moraes en las horas previas a la votaci\u00f3n. Tambi\u00e9n anunci\u00f3 el domingo la creaci\u00f3n de una cuenta X para publicar las decisiones del juez que, seg\u00fan dijo, aportar\u00e1n pruebas de sus afirmaciones.<\/p>\n\n\n\n<p><video poster=\"https:\/\/gdb.voanews.com\/01000000-0a00-0242-ad59-08dccb92b28f_tv_w650_r1.jpg\" src=\"blob:https:\/\/www.vozdeamerica.com\/364586a9-47c1-4f51-9683-6672f55147ad\"><\/video><\/p>\n\n\n\n<h5 class=\"wp-block-heading\"><a href=\"https:\/\/www.vozdeamerica.com\/a\/starlink-le-dice-al-regulador-brasileno-que-no-cumplira-con-la-suspensi%C3%B3n-de-x\/7768757.html\" target=\"_blank\" rel=\"noreferrer noopener\">\u00bfPor qu\u00e9 Brasil suspendi\u00f3 la red social X en todo su territorio?<\/a><\/h5>\n\n\n\n<p>\u00a0<\/p>\n\n\n\n<hr class=\"wp-block-separator has-alpha-channel-opacity\"\/>\n\n\n\n<ul class=\"wp-block-list\">\n<li><a href=\"https:\/\/facebook.com\/sharer.php?u=https%3a%2f%2fwww.vozdeamerica.com%2fa%2f7768757.html\" target=\"_blank\" rel=\"noreferrer noopener\">Comparta en Facebook<\/a><\/li>\n\n\n\n<li><a href=\"https:\/\/twitter.com\/share?url=https%3a%2f%2fwww.vozdeamerica.com%2fa%2f7768757.html&amp;text=%c2%bfPor+qu%c3%a9+Brasil+suspendi%c3%b3+la+red+social+X+en+todo+su+territorio%3f\" target=\"_blank\" rel=\"noreferrer noopener\">Comparta en Twitter<\/a><\/li>\n<\/ul>\n\n\n\n<hr class=\"wp-block-separator has-alpha-channel-opacity\"\/>\n\n\n\n<p><a href=\"https:\/\/www.vozdeamerica.com\/embed\/player\/Article\/7768757.html?type=video&amp;FullScreenMode=True\" target=\"_blank\" rel=\"noreferrer noopener\"><\/a><\/p>\n\n\n\n<p>&nbsp;Descargar&nbsp;<\/p>\n\n\n\n<p><em>[Con informaci\u00f3n de Reuters y AP]<\/em><\/p>\n","protected":false},"excerpt":{"rendered":"<p>Esta combinaci\u00f3n de fotos muestra al due\u00f1o de X, Elon Musk, en un evento en Los Angeles, California, el 3 de abril de 2024, y al juez de la Corte Suprema de Brasil, Alexandre de Moraes, en Brasilia, el 18 de junio de 2024, septiembre 02, 2024 &nbsp;Vea comentarios La compa\u00f1\u00eda Starlink, propiedad de Elon [&hellip;]<\/p>\n","protected":false},"author":28,"featured_media":556227,"comment_status":"closed","ping_status":"closed","sticky":true,"template":"","format":"standard","meta":{"footnotes":""},"categories":[24],"tags":[],"class_list":["post-556226","post","type-post","status-publish","format-standard","has-post-thumbnail","hentry","category-justicia-y-derecho"],"_links":{"self":[{"href":"https:\/\/diariodominicano.com\/index.php?rest_route=\/wp\/v2\/posts\/556226","targetHints":{"allow":["GET"]}}],"collection":[{"href":"https:\/\/diariodominicano.com\/index.php?rest_route=\/wp\/v2\/posts"}],"about":[{"href":"https:\/\/diariodominicano.com\/index.php?rest_route=\/wp\/v2\/types\/post"}],"author":[{"embeddable":true,"href":"https:\/\/diariodominicano.com\/index.php?rest_route=\/wp\/v2\/users\/28"}],"replies":[{"embeddable":true,"href":"https:\/\/diariodominicano.com\/index.php?rest_route=%2Fwp%2Fv2%2Fcomments&post=556226"}],"version-history":[{"count":2,"href":"https:\/\/diariodominicano.com\/index.php?rest_route=\/wp\/v2\/posts\/556226\/revisions"}],"predecessor-version":[{"id":556230,"href":"https:\/\/diariodominicano.com\/index.php?rest_route=\/wp\/v2\/posts\/556226\/revisions\/556230"}],"wp:featuredmedia":[{"embeddable":true,"href":"https:\/\/diariodominicano.com\/index.php?rest_route=\/wp\/v2\/media\/556227"}],"wp:attachment":[{"href":"https:\/\/diariodominicano.com\/index.php?rest_route=%2Fwp%2Fv2%2Fmedia&parent=556226"}],"wp:term":[{"taxonomy":"category","embeddable":true,"href":"https:\/\/diariodominicano.com\/index.php?rest_route=%2Fwp%2Fv2%2Fcategories&post=556226"},{"taxonomy":"post_tag","embeddable":true,"href":"https:\/\/diariodominicano.com\/index.php?rest_route=%2Fwp%2Fv2%2Ftags&post=556226"}],"curies":[{"name":"wp","href":"https:\/\/api.w.org\/{rel}","templated":true}]}}