{"id":556223,"date":"2024-09-03T00:34:13","date_gmt":"2024-09-03T04:34:13","guid":{"rendered":"https:\/\/diariodominicano.com\/?p=556223"},"modified":"2024-09-03T00:34:15","modified_gmt":"2024-09-03T04:34:15","slug":"la-historia-del-dia-del-trabajo-en-eeuu-inmortalizada-en-imagenes-para-la-posteridad","status":"publish","type":"post","link":"https:\/\/diariodominicano.com\/?p=556223","title":{"rendered":"La historia del D\u00eda del Trabajo en EEUU inmortalizada en im\u00e1genes para la posteridad"},"content":{"rendered":"\n<p>Ilustraci\u00f3n del primer desfile del trabajo estadounidense celebrado en la ciudad de Nueva York el 5 de septiembre de 1882, tal como apareci\u00f3 en la edici\u00f3n del 16 de septiembre de 1882 del peri\u00f3dico Frank Leslie&#8217;s Illustrated. Imagen de dominio p\u00fablico. Biblioteca del Congreso.<\/p>\n\n\n\n<p>septiembre 02, 2024<\/p>\n\n\n\n<ul class=\"wp-block-list\">\n<li><a href=\"https:\/\/www.vozdeamerica.com\/author\/tomas-guevara\/pikyi\">Tom\u00e1s Guevara<\/a><\/li>\n<\/ul>\n\n\n\n<figure class=\"wp-block-image\"><img decoding=\"async\" src=\"https:\/\/gdb.voanews.com\/01000000-c0a8-0242-1af6-08dccb57970f_w650_r1_s.jpg\" alt=\"Ilustraci\u00f3n del primer desfile del trabajo estadounidense celebrado en la ciudad de Nueva York el 5 de septiembre de 1882, tal como apareci\u00f3 en la edici\u00f3n del 16 de septiembre de 1882 del peri\u00f3dico Frank Leslie's Illustrated. Imagen de dominio p\u00fablico. Biblioteca del Congreso.\"\/><figcaption class=\"wp-element-caption\">Ilustraci\u00f3n del primer desfile del trabajo estadounidense celebrado en la ciudad de Nueva York el 5 de septiembre de 1882, tal como apareci\u00f3 en la edici\u00f3n del 16 de septiembre de 1882 del peri\u00f3dico Frank Leslie&#8217;s Illustrated. Imagen de dominio p\u00fablico. Biblioteca del Congreso.<\/figcaption><\/figure>\n\n\n\n<ul class=\"wp-block-list\">\n<li><a href=\"https:\/\/facebook.com\/sharer.php?u=https%3a%2f%2fwww.vozdeamerica.com%2fa%2fla-historia-del-dia-del-trabajo-en-eeuu-inmortalizada-en-im%25c3%25a1genes-para-la-posteridad%2f7768383.html\" target=\"_blank\" rel=\"noreferrer noopener\"><\/a><\/li>\n\n\n\n<li><a href=\"https:\/\/twitter.com\/share?url=https%3a%2f%2fwww.vozdeamerica.com%2fa%2fla-historia-del-dia-del-trabajo-en-eeuu-inmortalizada-en-im%25c3%25a1genes-para-la-posteridad%2f7768383.html&amp;text=La+historia+del+D%c3%ada+del+Trabajo+en+EEUU+inmortalizada+en+im%c3%a1genes+para+la+posteridad\" target=\"_blank\" rel=\"noreferrer noopener\"><\/a><\/li>\n\n\n\n<li><\/li>\n\n\n\n<li><a href=\"mailto:?body=https%3a%2f%2fwww.vozdeamerica.com%2fa%2fla-historia-del-dia-del-trabajo-en-eeuu-inmortalizada-en-im%25c3%25a1genes-para-la-posteridad%2f7768383.html&amp;subject=La%20historia%20del%20D%C3%ADa%20del%20Trabajo%20en%20EEUU%20inmortalizada%20en%20im%C3%A1genes%20para%20la%20posteridad\"><\/a><\/li>\n<\/ul>\n\n\n\n<p><a href=\"https:\/\/www.vozdeamerica.com\/a\/la-historia-del-dia-del-trabajo-en-eeuu-inmortalizada-en-im%C3%A1genes-para-la-posteridad\/7768383.html#comments\">&nbsp;Vea comentarios<\/a><\/p>\n\n\n\n<p>Este lunes se conmemora en EEUU el D\u00eda del Trabajo, una celebraci\u00f3n que empez\u00f3 en 1882. Fue la primera celebraci\u00f3n en todo el mundo para honrar a los trabajadores y resaltar las reivindicaciones labores.<\/p>\n\n\n\n<p>WASHINGTON \u2014&nbsp;<\/p>\n\n\n\n<p>Los alegres desfiles del D\u00eda del Trabajo vistos en im\u00e1genes en blanco y negro llevan a recordar las primeras celebraciones de una festividad que empez\u00f3 para honrar a los trabajadores, pero tambi\u00e9n para se\u00f1alar las demandas laborales de entonces.<\/p>\n\n\n\n<p>Im\u00e1genes en blanco y negro resguardas en la Biblioteca del Congreso de Estados Unidos muestran esas primeras celebraciones del D\u00eda del Trabajo en diferentes ciudades de la entonces pujante econom\u00eda del pa\u00eds norteamericano, que se abr\u00eda espacio en el mundo.<\/p>\n\n\n\n<figure class=\"wp-block-image\"><img decoding=\"async\" src=\"https:\/\/gdb.voanews.com\/01000000-0a00-0242-7c46-08dccb5ae7eb_w650_r0_s.jpg\" alt=\"Esta tarjeta estereosc\u00f3pica muestra el Market St., al noreste de Powell St. en San Francisco, California, en el desfile del D\u00eda del Trabajo de 1906. Divisi\u00f3n de Grabados y Fotograf\u00edas, Biblioteca del Congreso de EEUU.\"\/><figcaption class=\"wp-element-caption\">Esta tarjeta estereosc\u00f3pica muestra el Market St., al noreste de Powell St. en San Francisco, California, en el desfile del D\u00eda del Trabajo de 1906. Divisi\u00f3n de Grabados y Fotograf\u00edas, Biblioteca del Congreso de EEUU.<\/figcaption><\/figure>\n\n\n\n<p>El Congreso de Estados Unidos instituy\u00f3 la celebraci\u00f3n como un feriado federal para cada primer lunes de septiembre a partir del 28 de junio de 1894.<\/p>\n\n\n\n<p>Seg\u00fan registros del Departamento de Trabajo, el primer desfile por la fecha fue celebrado en la ciudad de Nueva York, el martes 5 de septiembre de 1882, unos 10 a\u00f1os despu\u00e9s 23 estados de la Uni\u00f3n ya celebraban la fecha.<\/p>\n\n\n\n<p>El movimiento sindical siempre estuvo atr\u00e1s de las reivindicaciones laborales, y el surgimiento de esa primera celebraci\u00f3n no hubiese sido posible sin esa intervenci\u00f3n del sector laboral organizado, seg\u00fan investigaciones hist\u00f3ricas del Departamento de Trabajo.<\/p>\n\n\n\n<figure class=\"wp-block-image\"><img decoding=\"async\" src=\"https:\/\/gdb.voanews.com\/01000000-0a00-0242-a447-08dccb586340_w650_r0_s.jpg\" alt=\"Desfile del D\u00eda del Trabajo en Buffalo, Nueva York, 1901, original de Detroit Publishing Co. Forma parte del fondo de la Divisi\u00f3n de Grabados y Fotograf\u00edas de la Biblioteca del Congreso.\"\/><figcaption class=\"wp-element-caption\">Desfile del D\u00eda del Trabajo en Buffalo, Nueva York, 1901, original de Detroit Publishing Co. Forma parte del fondo de la Divisi\u00f3n de Grabados y Fotograf\u00edas de la Biblioteca del Congreso.<\/figcaption><\/figure>\n\n\n\n<h3 class=\"wp-block-heading\">\u00bfA qui\u00e9n se le ocurri\u00f3 la celebraci\u00f3n?<\/h3>\n\n\n\n<p>Los investigadores no llegan a una conclusi\u00f3n de qui\u00e9n estuvo detr\u00e1s de la primera movilizaci\u00f3n para celebrar la fecha en las calles de Nueva York con un desfile y carteles para resaltar el papel de los trabajadores.<\/p>\n\n\n\n<p>Algunas investigaciones se hab\u00edan decantado por adjudicar la autor\u00eda del evento, que r\u00e1pido tomo fuerza a nivel nacional, al l\u00edder sindical Peter J. McGuire, quien fung\u00eda como secretario general de la Hermandad de Carpinteros y Ebanistas de Nueva York, adem\u00e1s de ser el cofundador de la Federaci\u00f3n Estadounidense del Trabajo.<\/p>\n\n\n\n<p>Este activista hab\u00eda sugerido reservar un d\u00eda al a\u00f1o como \u201cfestivo general para las clases trabajadoras\u00bb en honor a aquellos \u00abque, por naturaleza ruda, han excavado y tallado toda la grandeza que contemplamos\u00bb.<\/p>\n\n\n\n<p>Sin embargo, la autor\u00eda en la organizaci\u00f3n del primer evento tambi\u00e9n se le atribuye a Matthew Maguire, quien propuso desarrollar la festividad en 1882 mientras se desempe\u00f1aba como secretario del Sindicato Central de Trabajadores en Nueva York.<\/p>\n\n\n\n<figure class=\"wp-block-image\"><img decoding=\"async\" src=\"https:\/\/gdb.voanews.com\/01000000-0a00-0242-d155-08dccb5de709_w650_r0_s.png\" alt=\"Retratos de 1882, que muestran a Peter J. McGuire (izquierda), secretario general de la Hermandad de Carpinteros y Ebanistas y a Matthew Maguire (derecha), secretario del Local 344, a quienes se les atribuye la idea de la celebraci\u00f3n.\"\/><figcaption class=\"wp-element-caption\">Retratos de 1882, que muestran a Peter J. McGuire (izquierda), secretario general de la Hermandad de Carpinteros y Ebanistas y a Matthew Maguire (derecha), secretario del Local 344, a quienes se les atribuye la idea de la celebraci\u00f3n.<\/figcaption><\/figure>\n\n\n\n<p>M\u00e1s tarde, Maguire asumir\u00eda el liderazgo del poderoso sindicato Local 344 de la Asociaci\u00f3n Internacional de Maquinistas, Paterson, Nueva Jersey.<\/p>\n\n\n\n<h3 class=\"wp-block-heading\">Mujeres y demandas laborales<\/h3>\n\n\n\n<p>Las mujeres y las minor\u00edas tambi\u00e9n fueron configurando su participaci\u00f3n en la conmemoraci\u00f3n de los trabajadores, al exigir tambi\u00e9n mejores condiciones; como las luchas por la igualdad de derechos, mismas que que se extendieron a lo largo del siglo XX, y han traspasado con temas como la equidad salarial hasta el siglo XXI.<\/p>\n\n\n\n<p>Las im\u00e1genes hist\u00f3ricas muestran mujeres blancas y afrodescendientes en carrozas con carteles para exigir derechos, as\u00ed como en los desfiles en las calles durante aquellos lunes feriados del D\u00eda del Trabajo de anta\u00f1o.<\/p>\n\n\n\n<figure class=\"wp-block-image\"><img decoding=\"async\" src=\"https:\/\/gdb.voanews.com\/01000000-0a00-0242-7f9b-08dccb59bb11_w650_r0_s.jpg\" alt=\"Miembros del Sindicato Tipogr\u00e1fico Auxiliar de Mujeres participaron en un desfile del D\u00eda del Trabajo de 1909 en la ciudad de Nueva York, fondo Biblioteca del Congreso de EEUU.\"\/><figcaption class=\"wp-element-caption\">Miembros del Sindicato Tipogr\u00e1fico Auxiliar de Mujeres participaron en un desfile del D\u00eda del Trabajo de 1909 en la ciudad de Nueva York, fondo Biblioteca del Congreso de EEUU.<\/figcaption><\/figure>\n","protected":false},"excerpt":{"rendered":"<p>Ilustraci\u00f3n del primer desfile del trabajo estadounidense celebrado en la ciudad de Nueva York el 5 de septiembre de 1882, tal como apareci\u00f3 en la edici\u00f3n del 16 de septiembre de 1882 del peri\u00f3dico Frank Leslie&#8217;s Illustrated. Imagen de dominio p\u00fablico. Biblioteca del Congreso. septiembre 02, 2024 &nbsp;Vea comentarios Este lunes se conmemora en EEUU [&hellip;]<\/p>\n","protected":false},"author":28,"featured_media":556224,"comment_status":"closed","ping_status":"closed","sticky":true,"template":"","format":"standard","meta":{"footnotes":""},"categories":[36,26],"tags":[],"class_list":["post-556223","post","type-post","status-publish","format-standard","has-post-thumbnail","hentry","category-hombresmujeresycosas","category-efemerides"],"_links":{"self":[{"href":"https:\/\/diariodominicano.com\/index.php?rest_route=\/wp\/v2\/posts\/556223","targetHints":{"allow":["GET"]}}],"collection":[{"href":"https:\/\/diariodominicano.com\/index.php?rest_route=\/wp\/v2\/posts"}],"about":[{"href":"https:\/\/diariodominicano.com\/index.php?rest_route=\/wp\/v2\/types\/post"}],"author":[{"embeddable":true,"href":"https:\/\/diariodominicano.com\/index.php?rest_route=\/wp\/v2\/users\/28"}],"replies":[{"embeddable":true,"href":"https:\/\/diariodominicano.com\/index.php?rest_route=%2Fwp%2Fv2%2Fcomments&post=556223"}],"version-history":[{"count":1,"href":"https:\/\/diariodominicano.com\/index.php?rest_route=\/wp\/v2\/posts\/556223\/revisions"}],"predecessor-version":[{"id":556225,"href":"https:\/\/diariodominicano.com\/index.php?rest_route=\/wp\/v2\/posts\/556223\/revisions\/556225"}],"wp:featuredmedia":[{"embeddable":true,"href":"https:\/\/diariodominicano.com\/index.php?rest_route=\/wp\/v2\/media\/556224"}],"wp:attachment":[{"href":"https:\/\/diariodominicano.com\/index.php?rest_route=%2Fwp%2Fv2%2Fmedia&parent=556223"}],"wp:term":[{"taxonomy":"category","embeddable":true,"href":"https:\/\/diariodominicano.com\/index.php?rest_route=%2Fwp%2Fv2%2Fcategories&post=556223"},{"taxonomy":"post_tag","embeddable":true,"href":"https:\/\/diariodominicano.com\/index.php?rest_route=%2Fwp%2Fv2%2Ftags&post=556223"}],"curies":[{"name":"wp","href":"https:\/\/api.w.org\/{rel}","templated":true}]}}