{"id":556187,"date":"2024-09-02T21:59:15","date_gmt":"2024-09-03T01:59:15","guid":{"rendered":"https:\/\/diariodominicano.com\/?p=556187"},"modified":"2024-09-03T00:05:43","modified_gmt":"2024-09-03T04:05:43","slug":"ecuador-lanza-licitacion-internacional-para-construir-linea-de-interconexion-electrica-con-peru","status":"publish","type":"post","link":"https:\/\/diariodominicano.com\/?p=556187","title":{"rendered":"Ecuador lanza licitaci\u00f3n internacional para construir l\u00ednea de interconexi\u00f3n el\u00e9ctrica con Per\u00fa"},"content":{"rendered":"\n<p>diariodominicano.com<\/p>\n\n\n\n<p>QUITO, 2 sep (Xinhua) &#8212; El Gobierno de Ecuador lanz\u00f3 una licitaci\u00f3n p\u00fablica internacional para la construcci\u00f3n de una l\u00ednea de interconexi\u00f3n el\u00e9ctrica de 500 kilovoltios (kV) entre Ecuador y Per\u00fa, inform\u00f3 hoy lunes el Ministerio de Energ\u00eda y Minas. En un comunicado, indic\u00f3 que dicha licitaci\u00f3n fue lanzada por el Ministerio de Energ\u00eda y por la Corporaci\u00f3n El\u00e9ctrica del Ecuador Empresa P\u00fablica (Celec EP), a trav\u00e9s de su Unidad de Negocio Transelectric. La licitaci\u00f3n abarca la construcci\u00f3n de obras civiles, provisi\u00f3n de materiales, equipamiento, montaje electromec\u00e1nico, pruebas y puesta en servicio del Sistema de Interconexi\u00f3n El\u00e9ctrica a 500 kV entre ambos pa\u00edses. La cartera de Energ\u00eda y Minas precis\u00f3 que la licitaci\u00f3n comprende dos bloques con una inversi\u00f3n referencial de 264 millones de d\u00f3lares. Este proyecto, que tendr\u00e1 un periodo de construcci\u00f3n de cinco a\u00f1os, busca reemplazar la generaci\u00f3n t\u00e9rmica y reducir los costos de despacho de energ\u00eda, seg\u00fan las autoridades. El ministro de Energ\u00eda y Minas, Antonio Goncalves, citado en el comunicado, dijo que hasta noviembre pr\u00f3ximo se recibir\u00e1n las propuestas para el desarrollo de esta obra, acorde a la normativa vigente. Apunt\u00f3 que el 86 por ciento del financiamiento provendr\u00e1 del Banco Interamericano de Desarrollo (BID) y del Banco Europeo de Inversiones (BEI), que aportar\u00e1n cada uno con el 43 por ciento, mientras que el 14 por ciento restante corresponder\u00e1 a recursos propios de Celec EP. El ministro resalt\u00f3 la importancia de cumplir con los plazos establecidos para alcanzar la interconexi\u00f3n binacional, posibilitando la complementariedad. \u00abCuando uno de los pa\u00edses tenga d\u00e9ficit el otro lo podr\u00e1 suplir. As\u00ed mismo, beneficiar\u00e1 a los habitantes de las zonas fronterizas\u00bb, sostuvo. Este proyecto de interconexi\u00f3n ya cuenta con la Licencia Ambiental otorgada por el Ministerio del Ambiente, Agua y Transici\u00f3n Ecol\u00f3gica, documento habilitante para la obtenci\u00f3n de financiamiento y ejecuci\u00f3n de las obras necesarias. La cartera de Energ\u00eda y Minas a\u00f1adi\u00f3 que este proyecto se enmarca dentro de los objetivos del \u00abPlan Maestro de Electricidad\u00bb, que incluye la interconexi\u00f3n internacional como un mecanismo de intercambio energ\u00e9tico, basados en acuerdos comerciales y regulatorios de integraci\u00f3n regional.<\/p>\n","protected":false},"excerpt":{"rendered":"<p>diariodominicano.com QUITO, 2 sep (Xinhua) &#8212; El Gobierno de Ecuador lanz\u00f3 una licitaci\u00f3n p\u00fablica internacional para la construcci\u00f3n de una l\u00ednea de interconexi\u00f3n el\u00e9ctrica de 500 kilovoltios (kV) entre Ecuador y Per\u00fa, inform\u00f3 hoy lunes el Ministerio de Energ\u00eda y Minas. En un comunicado, indic\u00f3 que dicha licitaci\u00f3n fue lanzada por el Ministerio de Energ\u00eda [&hellip;]<\/p>\n","protected":false},"author":5,"featured_media":556188,"comment_status":"closed","ping_status":"closed","sticky":true,"template":"","format":"standard","meta":{"footnotes":""},"categories":[18,23],"tags":[],"class_list":["post-556187","post","type-post","status-publish","format-standard","has-post-thumbnail","hentry","category-economia","category-internacional"],"_links":{"self":[{"href":"https:\/\/diariodominicano.com\/index.php?rest_route=\/wp\/v2\/posts\/556187","targetHints":{"allow":["GET"]}}],"collection":[{"href":"https:\/\/diariodominicano.com\/index.php?rest_route=\/wp\/v2\/posts"}],"about":[{"href":"https:\/\/diariodominicano.com\/index.php?rest_route=\/wp\/v2\/types\/post"}],"author":[{"embeddable":true,"href":"https:\/\/diariodominicano.com\/index.php?rest_route=\/wp\/v2\/users\/5"}],"replies":[{"embeddable":true,"href":"https:\/\/diariodominicano.com\/index.php?rest_route=%2Fwp%2Fv2%2Fcomments&post=556187"}],"version-history":[{"count":1,"href":"https:\/\/diariodominicano.com\/index.php?rest_route=\/wp\/v2\/posts\/556187\/revisions"}],"predecessor-version":[{"id":556189,"href":"https:\/\/diariodominicano.com\/index.php?rest_route=\/wp\/v2\/posts\/556187\/revisions\/556189"}],"wp:featuredmedia":[{"embeddable":true,"href":"https:\/\/diariodominicano.com\/index.php?rest_route=\/wp\/v2\/media\/556188"}],"wp:attachment":[{"href":"https:\/\/diariodominicano.com\/index.php?rest_route=%2Fwp%2Fv2%2Fmedia&parent=556187"}],"wp:term":[{"taxonomy":"category","embeddable":true,"href":"https:\/\/diariodominicano.com\/index.php?rest_route=%2Fwp%2Fv2%2Fcategories&post=556187"},{"taxonomy":"post_tag","embeddable":true,"href":"https:\/\/diariodominicano.com\/index.php?rest_route=%2Fwp%2Fv2%2Ftags&post=556187"}],"curies":[{"name":"wp","href":"https:\/\/api.w.org\/{rel}","templated":true}]}}