{"id":556117,"date":"2024-09-02T11:06:52","date_gmt":"2024-09-02T15:06:52","guid":{"rendered":"https:\/\/diariodominicano.com\/?p=556117"},"modified":"2024-09-02T11:06:59","modified_gmt":"2024-09-02T15:06:59","slug":"ministerio-publico-obtiene-condena-de-30-anos-contra-hombre-asesino-a-otro-ante-la-mirada-de-su-esposa","status":"publish","type":"post","link":"https:\/\/diariodominicano.com\/?p=556117","title":{"rendered":"Ministerio P\u00fablico obtiene condena de 30 a\u00f1os contra hombre asesin\u00f3 a otro ante la mirada de su esposa"},"content":{"rendered":"\n<p>diariodominicano.com<\/p>\n\n\n\n<p><strong>San  Crist\u00f3bal, R. D.,<\/strong> 2 de septiembre, 2024.-  El Ministerio P\u00fablico de este distrito judicial obtuvo una condena de 30 a\u00f1os de prisi\u00f3n en contra de un hombre, que, en un asalto, asesin\u00f3 a otro, ante la mirada de su esposa, en un hecho ocurrido en junio de 2023, en el sector Jos\u00e9 Francisco Pe\u00f1a G\u00f3mez, de Villa Fundaci\u00f3n.<\/p>\n\n\n\n<p>El Tribunal Colegiado de esta jurisdicci\u00f3n, integrado por las juezas Bi\u00falkis Milanes, Ana In\u00e9s Susana y Chadalis del Rosario, dict\u00f3 la sentencia en contra de Erasmier Reynaldo Dini Beltr\u00e9, por el asesinato de Arcadio Rafael Calder\u00f3n Mart\u00ednez.<\/p>\n\n\n\n<p>Los fiscales Daryl Montes de Oca y Josefina De Los Santos Asencio, demostraron al tribunal, de manera irrefutable, la culpabilidad de Dini Beltr\u00e9 en el asesinato de Calder\u00f3n Mart\u00ednez, para lo cual incurri\u00f3 en la violaci\u00f3n de los art\u00edculos 379, 384, 295 y 304 del C\u00f3digo Penal Dominicano.<\/p>\n\n\n\n<p>Los hechos ocurrieron, aproximadamente a las 9:15 de la noche del 27 de junio del a\u00f1o 2023, cuando el hoy occiso, junto a su esposa Clara Garces, se encontraban cerrando un colmado de su propiedad, ubicado en el lugar antes mencionado, y fueron sorprendidos por Dini Beltr\u00e9, quien, con arma de fuego en mano, les indic\u00f3 que se trataba de un asalto.<\/p>\n\n\n\n<p>En su accionar delictivo, mientras apuntaba a las v\u00edctimas, les solicit\u00f3 el dinero y los despoj\u00f3 de sus celulares, ante la posici\u00f3n de indefensi\u00f3n de Calder\u00f3n Mart\u00ednez, el hoy procesado procedi\u00f3 a golpearlo en varias ocasiones en la cabeza, por lo que para defenderse de esa agresi\u00f3n le agarra las manos al asesino, quien sin remordimientos, le propin\u00f3 m\u00faltiples disparos, caus\u00e1ndoles heridas en el abdomen, t\u00f3rax anterior y posterior y en el brazo izquierdo, las cuales le ocasionaron la muerte seg\u00fan se hace constar en el acta de levantamiento de cad\u00e1ver marcada con el no. 072734, y la certificaci\u00f3n de autopsia no. SD-A-0677-2023, expedida por el Instituto Nacional de Ciencias Forense (Inacif).<\/p>\n\n\n\n<p>Por decisi\u00f3n del tribunal, el procesado deber\u00e1 cumplir la pena en el Centro de Correcci\u00f3n y Rehabilitaci\u00f3n Najayo Hombres.<\/p>\n\n\n\n<p><strong>Direcci\u00f3n General de Comunicaci\u00f3n, Prensa, y RRPP<\/strong><strong><\/strong><\/p>\n\n\n\n<p>Ministerio P\u00fablico.&nbsp;R.D.<\/p>\n\n\n\n<p>Lunes, 2 de septiembre de 2024<\/p>\n","protected":false},"excerpt":{"rendered":"<p>diariodominicano.com San Crist\u00f3bal, R. D., 2 de septiembre, 2024.- El Ministerio P\u00fablico de este distrito judicial obtuvo una condena de 30 a\u00f1os de prisi\u00f3n en contra de un hombre, que, en un asalto, asesin\u00f3 a otro, ante la mirada de su esposa, en un hecho ocurrido en junio de 2023, en el sector Jos\u00e9 Francisco [&hellip;]<\/p>\n","protected":false},"author":5,"featured_media":351958,"comment_status":"closed","ping_status":"closed","sticky":true,"template":"","format":"standard","meta":{"footnotes":""},"categories":[24,27],"tags":[],"class_list":["post-556117","post","type-post","status-publish","format-standard","has-post-thumbnail","hentry","category-justicia-y-derecho","category-portada"],"_links":{"self":[{"href":"https:\/\/diariodominicano.com\/index.php?rest_route=\/wp\/v2\/posts\/556117","targetHints":{"allow":["GET"]}}],"collection":[{"href":"https:\/\/diariodominicano.com\/index.php?rest_route=\/wp\/v2\/posts"}],"about":[{"href":"https:\/\/diariodominicano.com\/index.php?rest_route=\/wp\/v2\/types\/post"}],"author":[{"embeddable":true,"href":"https:\/\/diariodominicano.com\/index.php?rest_route=\/wp\/v2\/users\/5"}],"replies":[{"embeddable":true,"href":"https:\/\/diariodominicano.com\/index.php?rest_route=%2Fwp%2Fv2%2Fcomments&post=556117"}],"version-history":[{"count":1,"href":"https:\/\/diariodominicano.com\/index.php?rest_route=\/wp\/v2\/posts\/556117\/revisions"}],"predecessor-version":[{"id":556118,"href":"https:\/\/diariodominicano.com\/index.php?rest_route=\/wp\/v2\/posts\/556117\/revisions\/556118"}],"wp:featuredmedia":[{"embeddable":true,"href":"https:\/\/diariodominicano.com\/index.php?rest_route=\/wp\/v2\/media\/351958"}],"wp:attachment":[{"href":"https:\/\/diariodominicano.com\/index.php?rest_route=%2Fwp%2Fv2%2Fmedia&parent=556117"}],"wp:term":[{"taxonomy":"category","embeddable":true,"href":"https:\/\/diariodominicano.com\/index.php?rest_route=%2Fwp%2Fv2%2Fcategories&post=556117"},{"taxonomy":"post_tag","embeddable":true,"href":"https:\/\/diariodominicano.com\/index.php?rest_route=%2Fwp%2Fv2%2Ftags&post=556117"}],"curies":[{"name":"wp","href":"https:\/\/api.w.org\/{rel}","templated":true}]}}