{"id":556102,"date":"2024-09-02T10:27:16","date_gmt":"2024-09-02T14:27:16","guid":{"rendered":"https:\/\/diariodominicano.com\/?p=556102"},"modified":"2024-09-02T10:27:25","modified_gmt":"2024-09-02T14:27:25","slug":"cantautores-de-cuba-liuba-maria-hevia-y-amaury-perez-en-dominicana","status":"publish","type":"post","link":"https:\/\/diariodominicano.com\/?p=556102","title":{"rendered":"Cantautores de Cuba Liuba Mar\u00eda Hevia y Amaury P\u00e9rez en Dominicana"},"content":{"rendered":"\n<p>diariodominicano.com<\/p>\n\n\n\n<p>Santo Domingo, 2 sep (Prensa Latina) El concierto \u201cSinfon\u00eda caribe\u00f1a\u201d reunir\u00e1 en Rep\u00fablica Dominicana a artistas locales y a los cantautores cubanos Amaury P\u00e9rez y Liuba Mar\u00eda Hevia, quienes ya se encuentran en este pa\u00eds, dieron a conocer ambos hoy en sus redes sociales.<\/p>\n\n\n\n<p>Desde el aeropuerto de Barajas, Madrid, la guitarrista, compositora e int\u00e9rprete expres\u00f3 la v\u00edspera poco antes de tomar el avi\u00f3n rumbo a \u201cmi amada Quisqueya\u201d, que le llenaba de emoci\u00f3n este concierto, a celebrarse el pr\u00f3ximo viernes en el Teatro Nacional, de esta capital.<\/p>\n\n\n\n<p>Hevia manifest\u00f3 en sus redes sociales su deseo de que sean d\u00edas muy especiales como artista y sobre todo como ser humano. \u201cSinfon\u00eda Caribe\u00f1a ser\u00e1 inolvidable\u201d, escribi\u00f3 la reconocida poeta.<\/p>\n\n\n\n<p>Por su parte, el cantautor Amaury P\u00e9rez env\u00edo un abrazo a sus seguidores desde el Caribe Sur y adelant\u00f3 que hoy comienzan los ensayos.<\/p>\n\n\n\n<p>\u201cSinfon\u00eda Caribe\u00f1a\u201d promete ser un gran concierto. Cuatro voces se unir\u00e1n en la Sala Carlos Piantini del Teatro Nacional: los dominicanos Maridalia Hern\u00e1ndez, Pavel N\u00fa\u00f1ez y los cubanos Amaury P\u00e9rez y Liuba Mar\u00eda Hevia, junto a la Orquesta Filarm\u00f3nica de la ciudad que dirigir\u00e1 el maestro Amaury S\u00e1nchez, creador del espect\u00e1culo.<\/p>\n\n\n\n<p>S\u00e1nchez expres\u00f3 la semana pasada que se trata de un encuentro entre las culturas de dos pa\u00edses del Caribe, representadas en las voces y las composiciones de cuatro grandes artistas.<\/p>\n\n\n\n<p>El repertorio cuenta con canciones emblem\u00e1ticas como \u201cAcu\u00e9rdate de abril\u201d, \u201cHacerte venir\u201d y \u201cCreceremos\u201d de Amaury P\u00e9rez, trovador y co fundador del movimiento \u201cNueva Trova Cubana\u201d, junto con Silvio Rodr\u00edguez y Pablo Milan\u00e9s.<\/p>\n\n\n\n<p>Pavel N\u00fa\u00f1ez interpretar\u00e1 t\u00edtulos como \u201cTe di\u201d, \u201cViene gente\u201d y \u201cPaso a paso\u201d, entre otros.<\/p>\n\n\n\n<p>Mientras, Liuba Mar\u00eda Hevia regresa a Santo Domingo para compartir canciones como \u201cAusencia\u201d, \u201cVidas paralelas\u201d y \u201cSe\u00f1or arco\u00edris\u201d, en tanto Hern\u00e1ndez ofrecer\u00e1 de su rico repertorio \u201cTe ofrezco\u201d, \u201cPara quererte\u201d y \u201cNuestro amor\u201d, entre otros temas.<\/p>\n\n\n\n<p>mem\/mpv<\/p>\n","protected":false},"excerpt":{"rendered":"<p>diariodominicano.com Santo Domingo, 2 sep (Prensa Latina) El concierto \u201cSinfon\u00eda caribe\u00f1a\u201d reunir\u00e1 en Rep\u00fablica Dominicana a artistas locales y a los cantautores cubanos Amaury P\u00e9rez y Liuba Mar\u00eda Hevia, quienes ya se encuentran en este pa\u00eds, dieron a conocer ambos hoy en sus redes sociales. Desde el aeropuerto de Barajas, Madrid, la guitarrista, compositora e [&hellip;]<\/p>\n","protected":false},"author":5,"featured_media":556103,"comment_status":"closed","ping_status":"closed","sticky":true,"template":"","format":"standard","meta":{"footnotes":""},"categories":[36,20,25,27],"tags":[],"class_list":["post-556102","post","type-post","status-publish","format-standard","has-post-thumbnail","hentry","category-hombresmujeresycosas","category-dominicana-hoy","category-gente","category-portada"],"_links":{"self":[{"href":"https:\/\/diariodominicano.com\/index.php?rest_route=\/wp\/v2\/posts\/556102","targetHints":{"allow":["GET"]}}],"collection":[{"href":"https:\/\/diariodominicano.com\/index.php?rest_route=\/wp\/v2\/posts"}],"about":[{"href":"https:\/\/diariodominicano.com\/index.php?rest_route=\/wp\/v2\/types\/post"}],"author":[{"embeddable":true,"href":"https:\/\/diariodominicano.com\/index.php?rest_route=\/wp\/v2\/users\/5"}],"replies":[{"embeddable":true,"href":"https:\/\/diariodominicano.com\/index.php?rest_route=%2Fwp%2Fv2%2Fcomments&post=556102"}],"version-history":[{"count":1,"href":"https:\/\/diariodominicano.com\/index.php?rest_route=\/wp\/v2\/posts\/556102\/revisions"}],"predecessor-version":[{"id":556104,"href":"https:\/\/diariodominicano.com\/index.php?rest_route=\/wp\/v2\/posts\/556102\/revisions\/556104"}],"wp:featuredmedia":[{"embeddable":true,"href":"https:\/\/diariodominicano.com\/index.php?rest_route=\/wp\/v2\/media\/556103"}],"wp:attachment":[{"href":"https:\/\/diariodominicano.com\/index.php?rest_route=%2Fwp%2Fv2%2Fmedia&parent=556102"}],"wp:term":[{"taxonomy":"category","embeddable":true,"href":"https:\/\/diariodominicano.com\/index.php?rest_route=%2Fwp%2Fv2%2Fcategories&post=556102"},{"taxonomy":"post_tag","embeddable":true,"href":"https:\/\/diariodominicano.com\/index.php?rest_route=%2Fwp%2Fv2%2Ftags&post=556102"}],"curies":[{"name":"wp","href":"https:\/\/api.w.org\/{rel}","templated":true}]}}