{"id":556078,"date":"2024-09-02T09:41:04","date_gmt":"2024-09-02T13:41:04","guid":{"rendered":"https:\/\/diariodominicano.com\/?p=556078"},"modified":"2024-09-02T09:41:11","modified_gmt":"2024-09-02T13:41:11","slug":"decenas-de-fiscales-se-capacitan-en-propiedad-intelectual-y-derecho-de-autor","status":"publish","type":"post","link":"https:\/\/diariodominicano.com\/?p=556078","title":{"rendered":"Decenas de fiscales se capacitan en propiedad intelectual y derecho de autor"},"content":{"rendered":"\n<p>diariodominicano.com<\/p>\n\n\n\n<p><strong>Santo Domingo, lunes 2 septiembre 2024.-&nbsp;<\/strong>Con gran \u00e9xito concluy\u00f3 el seminario \u201cFormaci\u00f3n de Observancia en derecho de autor y las sociedades de gesti\u00f3n colectiva\u201d, donde participaron decenas de fiscales, el cual fue organizado por la Oficina Nacional de Derecho de Autor (ONDA), las sociedades de gesti\u00f3n colectiva y Unidad de Propiedad Intelectual y Comercio Il\u00edcito de la Procuradur\u00eda General de la Rep\u00fablica.<\/p>\n\n\n\n<p>Durante el seminario formativo realizado de manera virtual y presenciar, que inici\u00f3 a principios del mes de agosto y concluy\u00f3 el pasado viernes 30, participaron fiscales de todas las provincias del pa\u00eds y del Distrito Nacional, quienes se capacitaron en materia de propiedad intelectual, principalmente en derecho de autor.<\/p>\n\n\n\n<p>El director general de la ONDA, licenciado Jos\u00e9 Ruben Gonell Cosme dio las gracias a todos los participantes en el evento, y destac\u00f3 la importancia del seminario, tras se\u00f1alar que con lo aprendido por los participantes el derecho de autor tiende a fortalecerse a\u00fan m\u00e1s en el pa\u00eds.<\/p>\n\n\n\n<p>\u201cHoy hay m\u00e1s razones para defender y accionar en procura de la protecci\u00f3n del derecho de los autores y titulares, pues, no se puede accionar desde el desconocimiento y permanecer ajeno a ello, ya eso qued\u00f3 en el olvido. Ahora, hemos puesto en marcha una rueda que, con cada giro, nos permite entender m\u00e1s la complejidad de este derecho, debido a que la creatividad humana nunca se detiene, y debemos protegerla\u201d, agreg\u00f3.<\/p>\n\n\n\n<p>Gonell Cosme a\u00f1adi\u00f3 \u201cPor eso hoy, la ONDA se enorgullece de llevar conocimiento y contar con fiscales tan comprometidos, prepar\u00e1ndose, capacit\u00e1ndose, lo cual aplaudo totalmente, porque el conocimiento es la apertura de grandes pasos, y hoy hemos dado grandes pasos para la protecci\u00f3n del derecho de autor.&nbsp;<\/p>\n\n\n\n<p>En el acto de clausura del seminario tambi\u00e9n hablaron Fanny Suero, encargada del Centro de Capacitaci\u00f3n y Desarrollo de la ONDA; Fanny Suero, el procurador fiscal Jonathan Bar\u00f3, los abogados expertos en propiedad intelectual Juan Luis Villanueva y Joselito Bautista, as\u00ed como los presidentes de Sgacedom y Sodaie, Valerio de Le\u00f3n y el maestro Ram\u00f3n Orlando, entre otros.<\/p>\n\n\n\n<p>La actividad educativa fue impartida en varios m\u00f3dulos bajo la coordinaci\u00f3n del Centro de Capacitaci\u00f3n y Desarrollo de la ONDA, dirigido por Fanny Suero y Wilkis Santana, as\u00ed como por los magistrados Jonathan Bar\u00f3 e Isis de la Cruz.<\/p>\n\n\n\n<p>En la formaci\u00f3n especializada de \u201cObservancia en el Derecho de Autor y las Sociedades de Gesti\u00f3n Colectiva\u201d, fueron capacitados m\u00e1s de 100 agentes de observancia y personal de apoyo a nivel nacional sobre la importancia de la protecci\u00f3n del derecho de autor y el conocimiento del rol de las sociedades de gesti\u00f3n colectiva.<\/p>\n\n\n\n<p>En el seminario de formaci\u00f3n realizado de manera presencial y virtual, cuya apertura y cierre tuvo lugar en el hotel Catalonia, en esta capital, participaron el director general de la ONDA, licenciado Gonell Cosme, Mariano Lantigua -Aljadaqui-, Silvio Mora, Cinthya Montero, H\u00e9ctor Pe\u00f1a, Henry Garc\u00eda y Valerio de Le\u00f3n, entre otros.<\/p>\n\n\n\n<p>Durante el desarrollo de los m\u00f3dulos educativos, los participantes pudieron conocer el impacto de las sociedades de gesti\u00f3n colectiva en las industrias culturales y creativas de la Rep\u00fablica Dominicana.<\/p>\n\n\n\n<p>Los participantes en el seminario compartieron sus experiencias y c\u00f3mo ha impactado econ\u00f3micamente el derecho de autor en sus vidas. \u201cTambi\u00e9n pudimos apreciar la parte humana, lo que a nosotros como dominicanos nos llena de motivo y orgullo, ser una isla tan peque\u00f1a, pero con personas de gran impacto a nivel nacional e internacional en la industria musical\u201d.<\/p>\n\n\n\n<p>Este proceso de aprendizaje fue realizado gracias a los conocimientos ofrecidos en las sesiones virtuales y presenciales por el magistrado \u00c9dynson Alarc\u00f3n, especialistas como Miguel Esteban P\u00e9rez, Angeanette Tejeda, Jos\u00e9 Alejandro Santana, y funcionarios de ONDA como Melvin Pe\u00f1a, Meribel Moreta, Wilkis Santana, Armando Olivero y Lucia Castillo, y por SGACEDOM, Andr\u00e9s Jim\u00e9nez y Rafael Sosa.<\/p>\n\n\n\n<p>El seminario tuvo un enfoque pr\u00e1ctico y basado en experiencias de observancia en casos jur\u00eddicos de derecho de autor, a cargo de abogados especialistas como Juan Luis Villanueva y Joselito Bautista, quienes compartieron sus experiencias de litigaci\u00f3n en casos relacionados a las sociedades de gesti\u00f3n colectiva.<\/p>\n\n\n\n<p>Departamento de Comunicaciones<\/p>\n\n\n\n<figure class=\"wp-block-table\"><table><tbody><tr><td><strong>Jose Tejada Gomez<\/strong><\/td><\/tr><\/tbody><\/table><\/figure>\n","protected":false},"excerpt":{"rendered":"<p>diariodominicano.com Santo Domingo, lunes 2 septiembre 2024.-&nbsp;Con gran \u00e9xito concluy\u00f3 el seminario \u201cFormaci\u00f3n de Observancia en derecho de autor y las sociedades de gesti\u00f3n colectiva\u201d, donde participaron decenas de fiscales, el cual fue organizado por la Oficina Nacional de Derecho de Autor (ONDA), las sociedades de gesti\u00f3n colectiva y Unidad de Propiedad Intelectual y Comercio [&hellip;]<\/p>\n","protected":false},"author":5,"featured_media":556091,"comment_status":"closed","ping_status":"closed","sticky":true,"template":"","format":"standard","meta":{"footnotes":""},"categories":[24,27],"tags":[],"class_list":["post-556078","post","type-post","status-publish","format-standard","has-post-thumbnail","hentry","category-justicia-y-derecho","category-portada"],"_links":{"self":[{"href":"https:\/\/diariodominicano.com\/index.php?rest_route=\/wp\/v2\/posts\/556078","targetHints":{"allow":["GET"]}}],"collection":[{"href":"https:\/\/diariodominicano.com\/index.php?rest_route=\/wp\/v2\/posts"}],"about":[{"href":"https:\/\/diariodominicano.com\/index.php?rest_route=\/wp\/v2\/types\/post"}],"author":[{"embeddable":true,"href":"https:\/\/diariodominicano.com\/index.php?rest_route=\/wp\/v2\/users\/5"}],"replies":[{"embeddable":true,"href":"https:\/\/diariodominicano.com\/index.php?rest_route=%2Fwp%2Fv2%2Fcomments&post=556078"}],"version-history":[{"count":1,"href":"https:\/\/diariodominicano.com\/index.php?rest_route=\/wp\/v2\/posts\/556078\/revisions"}],"predecessor-version":[{"id":556092,"href":"https:\/\/diariodominicano.com\/index.php?rest_route=\/wp\/v2\/posts\/556078\/revisions\/556092"}],"wp:featuredmedia":[{"embeddable":true,"href":"https:\/\/diariodominicano.com\/index.php?rest_route=\/wp\/v2\/media\/556091"}],"wp:attachment":[{"href":"https:\/\/diariodominicano.com\/index.php?rest_route=%2Fwp%2Fv2%2Fmedia&parent=556078"}],"wp:term":[{"taxonomy":"category","embeddable":true,"href":"https:\/\/diariodominicano.com\/index.php?rest_route=%2Fwp%2Fv2%2Fcategories&post=556078"},{"taxonomy":"post_tag","embeddable":true,"href":"https:\/\/diariodominicano.com\/index.php?rest_route=%2Fwp%2Fv2%2Ftags&post=556078"}],"curies":[{"name":"wp","href":"https:\/\/api.w.org\/{rel}","templated":true}]}}