{"id":556010,"date":"2024-09-02T01:03:42","date_gmt":"2024-09-02T05:03:42","guid":{"rendered":"https:\/\/diariodominicano.com\/?p=556010"},"modified":"2024-09-02T02:15:23","modified_gmt":"2024-09-02T06:15:23","slug":"focac-xi-celebra-eventos-bilaterales-con-lideres-que-asisten-a-cumbre-del-focac-en-beijing","status":"publish","type":"post","link":"https:\/\/diariodominicano.com\/?p=556010","title":{"rendered":"(FOCAC) Xi celebra eventos bilaterales con l\u00edderes que asisten a cumbre del FOCAC en Beijing"},"content":{"rendered":"\n<p><em>spanish.news.cn<\/em>|<em>&nbsp;2024-09-02 11:01:03<\/em>|<\/p>\n\n\n\n<p>BEIJING, 2 sep (Xinhua) &#8212; El presidente chino, Xi Jinping, comenz\u00f3 hoy lunes a celebrar eventos bilaterales con l\u00edderes extranjeros que asistir\u00e1n a la Cumbre 2024 del Foro de Cooperaci\u00f3n China-\u00c1frica (FOCAC, siglas en ingl\u00e9s), que se llevar\u00e1 a cabo del 4 al 6 de septiembre en Beijing.<\/p>\n\n\n\n<p>Siguiendo la edici\u00f3n 2006 de la cumbre, celebrada en Beijing, la de 2015, en Johannesburgo, y la de 2018, tambi\u00e9n en Beijing, la cumbre venidera es otro evento que re\u00fane a miembros de la familia amistosa de China y \u00c1frica. Es, asimismo, el mayor evento diplom\u00e1tico organizado por China en los \u00faltimos a\u00f1os, con la mayor asistencia de l\u00edderes extranjeros.<\/p>\n","protected":false},"excerpt":{"rendered":"<p>spanish.news.cn|&nbsp;2024-09-02 11:01:03| BEIJING, 2 sep (Xinhua) &#8212; El presidente chino, Xi Jinping, comenz\u00f3 hoy lunes a celebrar eventos bilaterales con l\u00edderes extranjeros que asistir\u00e1n a la Cumbre 2024 del Foro de Cooperaci\u00f3n China-\u00c1frica (FOCAC, siglas en ingl\u00e9s), que se llevar\u00e1 a cabo del 4 al 6 de septiembre en Beijing. Siguiendo la edici\u00f3n 2006 de [&hellip;]<\/p>\n","protected":false},"author":28,"featured_media":556036,"comment_status":"closed","ping_status":"closed","sticky":true,"template":"","format":"standard","meta":{"footnotes":""},"categories":[18,23],"tags":[],"class_list":["post-556010","post","type-post","status-publish","format-standard","has-post-thumbnail","hentry","category-economia","category-internacional"],"_links":{"self":[{"href":"https:\/\/diariodominicano.com\/index.php?rest_route=\/wp\/v2\/posts\/556010","targetHints":{"allow":["GET"]}}],"collection":[{"href":"https:\/\/diariodominicano.com\/index.php?rest_route=\/wp\/v2\/posts"}],"about":[{"href":"https:\/\/diariodominicano.com\/index.php?rest_route=\/wp\/v2\/types\/post"}],"author":[{"embeddable":true,"href":"https:\/\/diariodominicano.com\/index.php?rest_route=\/wp\/v2\/users\/28"}],"replies":[{"embeddable":true,"href":"https:\/\/diariodominicano.com\/index.php?rest_route=%2Fwp%2Fv2%2Fcomments&post=556010"}],"version-history":[{"count":1,"href":"https:\/\/diariodominicano.com\/index.php?rest_route=\/wp\/v2\/posts\/556010\/revisions"}],"predecessor-version":[{"id":556011,"href":"https:\/\/diariodominicano.com\/index.php?rest_route=\/wp\/v2\/posts\/556010\/revisions\/556011"}],"wp:featuredmedia":[{"embeddable":true,"href":"https:\/\/diariodominicano.com\/index.php?rest_route=\/wp\/v2\/media\/556036"}],"wp:attachment":[{"href":"https:\/\/diariodominicano.com\/index.php?rest_route=%2Fwp%2Fv2%2Fmedia&parent=556010"}],"wp:term":[{"taxonomy":"category","embeddable":true,"href":"https:\/\/diariodominicano.com\/index.php?rest_route=%2Fwp%2Fv2%2Fcategories&post=556010"},{"taxonomy":"post_tag","embeddable":true,"href":"https:\/\/diariodominicano.com\/index.php?rest_route=%2Fwp%2Fv2%2Ftags&post=556010"}],"curies":[{"name":"wp","href":"https:\/\/api.w.org\/{rel}","templated":true}]}}