{"id":555969,"date":"2024-09-01T22:00:10","date_gmt":"2024-09-02T02:00:10","guid":{"rendered":"https:\/\/diariodominicano.com\/?p=555969"},"modified":"2024-09-01T23:06:41","modified_gmt":"2024-09-02T03:06:41","slug":"banreservas-recibe-premio-internacional-por-bancarizar-es-patria","status":"publish","type":"post","link":"https:\/\/diariodominicano.com\/?p=555969","title":{"rendered":"Banreservas recibe premio internacional por Bancarizar es Patria\u00a0"},"content":{"rendered":"\n<p>Linda Valette, vicepresidenta de Programas Estrat\u00e9gicos de Banreservas, recibe el premio \u201c+Futuro\u201d. Le acompa\u00f1an Dalma Hern\u00e1ndez, gerente de Banca Social de la Asociaci\u00f3n de Bancos M\u00faltiples de la Rep\u00fablica Dominicana (ABA); Giorgio Trettenero,<br>secretario general de la Federaci\u00f3n Latinoamericana de Bancos (Felaban), y Marcelo Mazzon, director ejecutivo de la Asociaci\u00f3n de Bancos P\u00fablicos y Privados de Argentina (ABAPPRA).<\/p>\n\n\n\n<p><em>El programa ha alcanzado a m\u00e1s de 7000 personas en cinco jornadas<\/em><\/p>\n\n\n\n<figure class=\"wp-block-image size-large\"><img loading=\"lazy\" decoding=\"async\" width=\"1024\" height=\"683\" src=\"https:\/\/diariodominicano.com\/wp-content\/uploads\/2024\/09\/Banreservas-recibe-premio-internacional-Bancarizar-es-Patria-1024x683.jpg\" alt=\"\" class=\"wp-image-555978\" srcset=\"https:\/\/diariodominicano.com\/wp-content\/uploads\/2024\/09\/Banreservas-recibe-premio-internacional-Bancarizar-es-Patria-1024x683.jpg 1024w, https:\/\/diariodominicano.com\/wp-content\/uploads\/2024\/09\/Banreservas-recibe-premio-internacional-Bancarizar-es-Patria-300x200.jpg 300w, https:\/\/diariodominicano.com\/wp-content\/uploads\/2024\/09\/Banreservas-recibe-premio-internacional-Bancarizar-es-Patria-768x512.jpg 768w, https:\/\/diariodominicano.com\/wp-content\/uploads\/2024\/09\/Banreservas-recibe-premio-internacional-Bancarizar-es-Patria-1536x1024.jpg 1536w, https:\/\/diariodominicano.com\/wp-content\/uploads\/2024\/09\/Banreservas-recibe-premio-internacional-Bancarizar-es-Patria-816x544.jpg 816w, https:\/\/diariodominicano.com\/wp-content\/uploads\/2024\/09\/Banreservas-recibe-premio-internacional-Bancarizar-es-Patria.jpg 1812w\" sizes=\"auto, (max-width: 1024px) 100vw, 1024px\" \/><figcaption class=\"wp-element-caption\">Participantes del II Congreso Latinoamericano de Banca Sostenible e Inclusiva que realiza la Federaci\u00f3n Latinoamericana de Bancos (FELABAN) y la Asociaci\u00f3n de<br>Bancos P\u00fablicos y Privados de la Rep\u00fablica Argentina (ABAPPRA) <\/figcaption><\/figure>\n\n\n\n<p>El Banco de Reservas recibi\u00f3 un premio internacional por el impacto positivo de su programa \u201cBancarizar es Patria\u201d, que se ha constituido en un referente regional de buenas pr\u00e1cticas de inclusi\u00f3n financiera y bancarizaci\u00f3n.<\/p>\n\n\n\n<p>La entidad financiera fue reconocida con el premio \u201c+Futuro\u201d, otorgado por la Federaci\u00f3n Latinoamericana de Bancos (FELABAN) y la Asociaci\u00f3n de Bancos P\u00fablicos y Privados de la Rep\u00fablica Argentina (ABAPPRA), durante el segundo congreso de Banca Sostenible e Inclusiva, celebrado en Buenos Aires, Argentina.<\/p>\n\n\n\n<p>Banreservas result\u00f3 ganador en la categor\u00eda \u201cG\u00e9nero, grupos vulnerables e inclusi\u00f3n financiera\u201d, que reconoce el papel crucial de los bancos en la promoci\u00f3n de la inclusi\u00f3n financiera y la igualdad de g\u00e9nero, y premia los proyectos que han logrado ampliar el acceso a servicios financieros entre grupos vulnerables y han reducido las brechas de g\u00e9nero en el acceso a oportunidades econ\u00f3micas.<\/p>\n\n\n\n<p>En esta categor\u00eda, los participantes son alentados a presentar programas innovadores de bancarizaci\u00f3n dirigidos a comunidades marginadas, as\u00ed como iniciativas que promuevan la igualdad de g\u00e9nero en el acceso a servicios financieros y el empoderamiento econ\u00f3mico de las mujeres.<\/p>\n\n\n\n<p>En el concurso participaron m\u00e1s de 40 iniciativas de diferentes bancos de Latinoam\u00e9rica que vienen promoviendo un cambio positivo e impulsando la sostenibilidad y la inclusi\u00f3n.<\/p>\n\n\n\n<p><strong>Bancarizar a todos<\/strong><\/p>\n\n\n\n<p>Bancarizar es Patria es el Programa de Inclusi\u00f3n Financiera Transformacional de Rep\u00fablica Dominicana, y se erige como el programa de responsabilidad social m\u00e1s importante del pa\u00eds debido a su impacto profundo y amplio en la inclusi\u00f3n financiera, en apoyo de los Objetivos de Desarrollo Sostenible y la Estrategia Nacional de Inclusi\u00f3n Financiera.<\/p>\n\n\n\n<p>&nbsp;Este programa est\u00e1 dise\u00f1ado para llegar a todos los dominicanos en localidades vulnerables y en situaciones de escasos recursos, quienes a menudo carecen de acceso a servicios bancarios esenciales.<\/p>\n\n\n\n<p>Como parte de las iniciativas, Banreservas ha incorporado las&nbsp;jornadas nacionales de bancarizaci\u00f3n, organizando operativos masivos que se realizan en las localidades m\u00e1s vulnerables de todo el pa\u00eds.<\/p>\n\n\n\n<p>Adem\u00e1s, ha lanzado&nbsp;la tarjeta t\u00e1ctil de d\u00e9bito y cr\u00e9dito para personas con discapacidad visual, facilitando su acceso y uso de servicios financieros de manera inclusiva y digna.<\/p>\n\n\n\n<p>En estas jornadas, ha atendido a m\u00e1s de 7,000 dominicanos, proporcionando a adultos y j\u00f3venes productos y servicios financieros esenciales, como cuentas bancarias sin costo, acompa\u00f1adas de una educaci\u00f3n financiera&nbsp;integral que empodera a los beneficiarios, permiti\u00e9ndoles manejar sus finanzas de manera efectiva y participar plenamente en la econom\u00eda formal.<\/p>\n\n\n\n<p>Bancarizar es Patria ha realizado cinco jornadas multitudinarias. La primera fue en el Club Mauricio B\u00e1ez, en el sector Villa Juana, del Distrito Nacional; la segunda, en Sabana Perdida, Santo Domingo Este; la tercera, en Pueblo Nuevo, Santiago; la cuarta en San Crist\u00f3bal, y la quinta en Hig\u00fcey, provincia La Altagracia. <\/p>\n\n\n\n<p>Ceily Leticia Melgen Bello<\/p>\n\n\n\n<p>Ceily Leticia Melgen Bello (De tus contactos de Google)<\/p>\n\n\n\n<p><a target=\"_blank\" href=\"mailto:CMelgen@banreservas.com\" rel=\"noreferrer noopener\">CMelgen@banreservas.com<\/a><\/p>\n\n\n\n<p><strong><em>Vicepresidencia de Relaciones P\u00fablicas. Agosto de 2024.<\/em><\/strong><\/p>\n","protected":false},"excerpt":{"rendered":"<p>Linda Valette, vicepresidenta de Programas Estrat\u00e9gicos de Banreservas, recibe el premio \u201c+Futuro\u201d. Le acompa\u00f1an Dalma Hern\u00e1ndez, gerente de Banca Social de la Asociaci\u00f3n de Bancos M\u00faltiples de la Rep\u00fablica Dominicana (ABA); Giorgio Trettenero,secretario general de la Federaci\u00f3n Latinoamericana de Bancos (Felaban), y Marcelo Mazzon, director ejecutivo de la Asociaci\u00f3n de Bancos P\u00fablicos y Privados de [&hellip;]<\/p>\n","protected":false},"author":28,"featured_media":555979,"comment_status":"closed","ping_status":"closed","sticky":true,"template":"","format":"standard","meta":{"footnotes":""},"categories":[36,18,27],"tags":[],"class_list":["post-555969","post","type-post","status-publish","format-standard","has-post-thumbnail","hentry","category-hombresmujeresycosas","category-economia","category-portada"],"_links":{"self":[{"href":"https:\/\/diariodominicano.com\/index.php?rest_route=\/wp\/v2\/posts\/555969","targetHints":{"allow":["GET"]}}],"collection":[{"href":"https:\/\/diariodominicano.com\/index.php?rest_route=\/wp\/v2\/posts"}],"about":[{"href":"https:\/\/diariodominicano.com\/index.php?rest_route=\/wp\/v2\/types\/post"}],"author":[{"embeddable":true,"href":"https:\/\/diariodominicano.com\/index.php?rest_route=\/wp\/v2\/users\/28"}],"replies":[{"embeddable":true,"href":"https:\/\/diariodominicano.com\/index.php?rest_route=%2Fwp%2Fv2%2Fcomments&post=555969"}],"version-history":[{"count":5,"href":"https:\/\/diariodominicano.com\/index.php?rest_route=\/wp\/v2\/posts\/555969\/revisions"}],"predecessor-version":[{"id":555980,"href":"https:\/\/diariodominicano.com\/index.php?rest_route=\/wp\/v2\/posts\/555969\/revisions\/555980"}],"wp:featuredmedia":[{"embeddable":true,"href":"https:\/\/diariodominicano.com\/index.php?rest_route=\/wp\/v2\/media\/555979"}],"wp:attachment":[{"href":"https:\/\/diariodominicano.com\/index.php?rest_route=%2Fwp%2Fv2%2Fmedia&parent=555969"}],"wp:term":[{"taxonomy":"category","embeddable":true,"href":"https:\/\/diariodominicano.com\/index.php?rest_route=%2Fwp%2Fv2%2Fcategories&post=555969"},{"taxonomy":"post_tag","embeddable":true,"href":"https:\/\/diariodominicano.com\/index.php?rest_route=%2Fwp%2Fv2%2Ftags&post=555969"}],"curies":[{"name":"wp","href":"https:\/\/api.w.org\/{rel}","templated":true}]}}