{"id":555913,"date":"2024-09-01T19:12:27","date_gmt":"2024-09-01T23:12:27","guid":{"rendered":"https:\/\/diariodominicano.com\/?p=555913"},"modified":"2024-09-01T19:12:35","modified_gmt":"2024-09-01T23:12:35","slug":"dia-nacional-de-vietnam-2","status":"publish","type":"post","link":"https:\/\/diariodominicano.com\/?p=555913","title":{"rendered":"D\u00eda Nacional de Vietnam"},"content":{"rendered":"\n<p>Antony J. Blinken, Secretario de Estado<\/p>\n\n\n\n<p>En nombre de los Estados Unidos de Am\u00e9rica, ofrezco mis mejores deseos al pueblo de Vietnam en su 79\u00ba D\u00eda Nacional, el 2 de septiembre.<\/p>\n\n\n\n<p>Estados Unidos apoya a un Vietnam fuerte, pr\u00f3spero, independiente y resiliente. Este mes, tambi\u00e9n celebramos el primer a\u00f1o de nuestra Asociaci\u00f3n Estrat\u00e9gica Integral, que marca una nueva fase hist\u00f3rica de la cooperaci\u00f3n entre Estados Unidos y Vietnam. <\/p>\n\n\n\n<p>En honor al legado del Secretario General Nguyen Phu Trong, nos comprometemos nuevamente a respetar la independencia, la soberan\u00eda, la integridad territorial y los sistemas pol\u00edticos de cada uno. Adem\u00e1s, esperamos cumplir los compromisos de nuestra Asociaci\u00f3n Estrat\u00e9gica Integral en \u00e1reas de importancia mutua, incluida la cooperaci\u00f3n econ\u00f3mica, la educaci\u00f3n, la seguridad, los derechos humanos, la energ\u00eda, el medio ambiente y la salud, y nuestro deseo compartido de una regi\u00f3n del Indopac\u00edfico libre, abierta, pr\u00f3spera y pac\u00edfica.<\/p>\n\n\n\n<p> Tambi\u00e9n acogemos con agrado la oportunidad de celebrar conjuntamente hitos importantes en el pr\u00f3ximo a\u00f1o, incluido el 30.\u00ba aniversario del establecimiento de relaciones diplom\u00e1ticas entre nuestras dos naciones en 2025.<\/p>\n\n\n\n<p>U.S. Department of State<\/p>\n\n\n\n<p>U.S. Department of State ()<\/p>\n\n\n\n<p><a target=\"_blank\" href=\"mailto:usstatebpa@public.govdelivery.com\" rel=\"noreferrer noopener\">usstatebpa@public.govdelivery.com<\/a><\/p>\n\n\n\n<p>De tus contactos de Google<\/p>\n\n\n\n<p>A\u00f1adir a mis contactosAbrir vista detallada<\/p>\n\n\n\n<p>Enviar correo<\/p>\n\n\n\n<p>Enviar mensaje<\/p>\n\n\n\n<p>Enviar invitaci\u00f3n a videollamada<\/p>\n\n\n\n<p>Programar evento<\/p>\n\n\n\n<p>01\/09\/2024 16:39 EDT<\/p>\n","protected":false},"excerpt":{"rendered":"<p>Antony J. Blinken, Secretario de Estado En nombre de los Estados Unidos de Am\u00e9rica, ofrezco mis mejores deseos al pueblo de Vietnam en su 79\u00ba D\u00eda Nacional, el 2 de septiembre. Estados Unidos apoya a un Vietnam fuerte, pr\u00f3spero, independiente y resiliente. Este mes, tambi\u00e9n celebramos el primer a\u00f1o de nuestra Asociaci\u00f3n Estrat\u00e9gica Integral, que [&hellip;]<\/p>\n","protected":false},"author":28,"featured_media":486543,"comment_status":"closed","ping_status":"closed","sticky":true,"template":"","format":"standard","meta":{"footnotes":""},"categories":[26,23],"tags":[],"class_list":["post-555913","post","type-post","status-publish","format-standard","has-post-thumbnail","hentry","category-efemerides","category-internacional"],"_links":{"self":[{"href":"https:\/\/diariodominicano.com\/index.php?rest_route=\/wp\/v2\/posts\/555913","targetHints":{"allow":["GET"]}}],"collection":[{"href":"https:\/\/diariodominicano.com\/index.php?rest_route=\/wp\/v2\/posts"}],"about":[{"href":"https:\/\/diariodominicano.com\/index.php?rest_route=\/wp\/v2\/types\/post"}],"author":[{"embeddable":true,"href":"https:\/\/diariodominicano.com\/index.php?rest_route=\/wp\/v2\/users\/28"}],"replies":[{"embeddable":true,"href":"https:\/\/diariodominicano.com\/index.php?rest_route=%2Fwp%2Fv2%2Fcomments&post=555913"}],"version-history":[{"count":1,"href":"https:\/\/diariodominicano.com\/index.php?rest_route=\/wp\/v2\/posts\/555913\/revisions"}],"predecessor-version":[{"id":555914,"href":"https:\/\/diariodominicano.com\/index.php?rest_route=\/wp\/v2\/posts\/555913\/revisions\/555914"}],"wp:featuredmedia":[{"embeddable":true,"href":"https:\/\/diariodominicano.com\/index.php?rest_route=\/wp\/v2\/media\/486543"}],"wp:attachment":[{"href":"https:\/\/diariodominicano.com\/index.php?rest_route=%2Fwp%2Fv2%2Fmedia&parent=555913"}],"wp:term":[{"taxonomy":"category","embeddable":true,"href":"https:\/\/diariodominicano.com\/index.php?rest_route=%2Fwp%2Fv2%2Fcategories&post=555913"},{"taxonomy":"post_tag","embeddable":true,"href":"https:\/\/diariodominicano.com\/index.php?rest_route=%2Fwp%2Fv2%2Ftags&post=555913"}],"curies":[{"name":"wp","href":"https:\/\/api.w.org\/{rel}","templated":true}]}}