{"id":555899,"date":"2024-09-01T18:33:49","date_gmt":"2024-09-01T22:33:49","guid":{"rendered":"https:\/\/diariodominicano.com\/?p=555899"},"modified":"2024-09-01T18:33:53","modified_gmt":"2024-09-01T22:33:53","slug":"lamentan-fallecimiento-de-militar-heroe-de-la-republica-de-cuba","status":"publish","type":"post","link":"https:\/\/diariodominicano.com\/?p=555899","title":{"rendered":"Lamentan fallecimiento de militar H\u00e9roe de la Rep\u00fablica de Cuba"},"content":{"rendered":"\n<p>La Habana, 1 sep (Prensa Latina) Cuba lamenta hoy el fallecimiento, a la edad de 85 a\u00f1os, del H\u00e9roe de la Rep\u00fablica, general de divisi\u00f3n de la reserva Rom\u00e1rico Vidal Sotomayor Garc\u00eda, destacado combatiente del Ej\u00e9rcito Rebelde.<\/p>\n\n\n\n<ul class=\"wp-block-list\">\n<li><a href=\"https:\/\/www.prensa-latina.cu\/2024\/09\/01\/\"><time>septiembre 1, 2024 | 14:30<\/time><\/a><\/li>\n<\/ul>\n\n\n\n<ul class=\"wp-block-list\">\n<li><a href=\"https:\/\/www.prensa-latina.cu\/2024\/09\/01\/lamentan-fallecimiento-de-militar-heroe-de-la-republica-de-cuba\/#\"><\/a><\/li>\n\n\n\n<li><a href=\"https:\/\/www.prensa-latina.cu\/2024\/09\/01\/lamentan-fallecimiento-de-militar-heroe-de-la-republica-de-cuba\/#\"><\/a><\/li>\n\n\n\n<li><a href=\"https:\/\/www.prensa-latina.cu\/2024\/09\/01\/lamentan-fallecimiento-de-militar-heroe-de-la-republica-de-cuba\/#\"><\/a><\/li>\n\n\n\n<li><a href=\"https:\/\/www.prensa-latina.cu\/2024\/09\/01\/lamentan-fallecimiento-de-militar-heroe-de-la-republica-de-cuba\/#\"><\/a><\/li>\n<\/ul>\n\n\n\n<p>Seg\u00fan una nota divulgada por el Ministerio de las Fuerzas Armas Revolucionarias (Minfar), el destacado militar fue miembro del Comit\u00e9 Central del Partido Comunista de Cuba, diputado a la Asamblea Nacional del Poder Popular (parlamento) y se desempe\u00f1\u00f3 en importantes cargos en las FAR y el Ministerio del Interior (Minint).<\/p>\n\n\n\n<p>El deceso de Vidal, ocurrido en horas de la madrugada hoy, caus\u00f3 consternaci\u00f3n en familiares y amigos del relevante revolucionario que posee una abultada trayectoria desde su incorporaci\u00f3n al Ej\u00e9rcito Rebelde en la Sierra Maestra (oriente), bajo las \u00f3rdenes del l\u00edder hist\u00f3rico de la Revoluci\u00f3n, comandante en jefe Fidel Castro Ruz.<\/p>\n\n\n\n<p>Rom\u00e1rico Vidal desempe\u00f1o los cargos de viceministro del Interior, jefe de la Direcci\u00f3n General de la Polic\u00eda Nacional Revolucionaria, de la Direcci\u00f3n Pol\u00edtica del Minint, de varias unidades de las FAR, del Estado Mayor del Ej\u00e9rcito Oriental y jefe de la Agrupaci\u00f3n de Tropas Sur en la Rep\u00fablica Popular de Angola.<\/p>\n\n\n\n<p>El general de ej\u00e9rcito Ra\u00fal Castro Ruz, escribi\u00f3 en el pr\u00f3logo del libro dedicado a la vida del general de divisi\u00f3n Sotomayor Garc\u00eda, \u201cSin olvidar mis ra\u00edces\u201d: \u201cNo hay misterios en c\u00f3mo el General Sotomayor ha logrado cumplir con \u00e9xito tan dis\u00edmiles y complejas misiones\u201d, destaca la nota.<\/p>\n\n\n\n<p>Para ello, a\u00f1ade Ra\u00fal Castro en ese texto, ha sido fundamental su \u201cfidelidad incondicional a nuestro pueblo, a la Patria, a la Revoluci\u00f3n, a su Comandante en Jefe y a quienes han actuado en su nombre; confianza en las decisiones de sus superiores y empe\u00f1o absoluto en cumplirlas.\u201d<\/p>\n\n\n\n<p>Entre los m\u00faltiples reconocimientos otorgados a Vidal se cuentan las \u00f3rdenes Che Guevara y Camilo Cienfuegos, las medallas XX Aniversario del Moncada, Combatiente de la Guerra de Liberaci\u00f3n, Combatiente de la Lucha Clandestina, Combatiente Internacionalista de Primera Clase, Calixto Garc\u00eda, Ignacio Agramonte, Olo Pantoja, Eliseo Reyes y muchas otras que avalan las haza\u00f1as del h\u00e9roe.<\/p>\n\n\n\n<p>En atenci\u00f3n a la voluntad familiar, sus restos fueron cremados y ser\u00e1n expuestos el pr\u00f3ximo martes en la funeraria habanera de Calzada y K, entre las 15:00 y las 17:00 (hora local), precisa la nota informativa del Minfar.<\/p>\n\n\n\n<p>rgh\/lld<\/p>\n","protected":false},"excerpt":{"rendered":"<p>La Habana, 1 sep (Prensa Latina) Cuba lamenta hoy el fallecimiento, a la edad de 85 a\u00f1os, del H\u00e9roe de la Rep\u00fablica, general de divisi\u00f3n de la reserva Rom\u00e1rico Vidal Sotomayor Garc\u00eda, destacado combatiente del Ej\u00e9rcito Rebelde. Seg\u00fan una nota divulgada por el Ministerio de las Fuerzas Armas Revolucionarias (Minfar), el destacado militar fue miembro [&hellip;]<\/p>\n","protected":false},"author":28,"featured_media":555900,"comment_status":"closed","ping_status":"closed","sticky":true,"template":"","format":"standard","meta":{"footnotes":""},"categories":[26,23],"tags":[],"class_list":["post-555899","post","type-post","status-publish","format-standard","has-post-thumbnail","hentry","category-efemerides","category-internacional"],"_links":{"self":[{"href":"https:\/\/diariodominicano.com\/index.php?rest_route=\/wp\/v2\/posts\/555899","targetHints":{"allow":["GET"]}}],"collection":[{"href":"https:\/\/diariodominicano.com\/index.php?rest_route=\/wp\/v2\/posts"}],"about":[{"href":"https:\/\/diariodominicano.com\/index.php?rest_route=\/wp\/v2\/types\/post"}],"author":[{"embeddable":true,"href":"https:\/\/diariodominicano.com\/index.php?rest_route=\/wp\/v2\/users\/28"}],"replies":[{"embeddable":true,"href":"https:\/\/diariodominicano.com\/index.php?rest_route=%2Fwp%2Fv2%2Fcomments&post=555899"}],"version-history":[{"count":1,"href":"https:\/\/diariodominicano.com\/index.php?rest_route=\/wp\/v2\/posts\/555899\/revisions"}],"predecessor-version":[{"id":555901,"href":"https:\/\/diariodominicano.com\/index.php?rest_route=\/wp\/v2\/posts\/555899\/revisions\/555901"}],"wp:featuredmedia":[{"embeddable":true,"href":"https:\/\/diariodominicano.com\/index.php?rest_route=\/wp\/v2\/media\/555900"}],"wp:attachment":[{"href":"https:\/\/diariodominicano.com\/index.php?rest_route=%2Fwp%2Fv2%2Fmedia&parent=555899"}],"wp:term":[{"taxonomy":"category","embeddable":true,"href":"https:\/\/diariodominicano.com\/index.php?rest_route=%2Fwp%2Fv2%2Fcategories&post=555899"},{"taxonomy":"post_tag","embeddable":true,"href":"https:\/\/diariodominicano.com\/index.php?rest_route=%2Fwp%2Fv2%2Ftags&post=555899"}],"curies":[{"name":"wp","href":"https:\/\/api.w.org\/{rel}","templated":true}]}}