{"id":555875,"date":"2024-09-01T17:09:32","date_gmt":"2024-09-01T21:09:32","guid":{"rendered":"https:\/\/diariodominicano.com\/?p=555875"},"modified":"2024-09-01T17:11:31","modified_gmt":"2024-09-01T21:11:31","slug":"direccion-de-prisiones-entregara-privado-de-libertad-con-enfermedad-mental-a-centro-de-rehabilitacion-psicosocial-padre-billini","status":"publish","type":"post","link":"https:\/\/diariodominicano.com\/?p=555875","title":{"rendered":"Direcci\u00f3n de Prisiones entregar\u00e1 privado de libertad con enfermedad mental a Centro de Rehabilitaci\u00f3n Psicosocial Padre Billini"},"content":{"rendered":"\n<p><em><u>El director de la DGSPC, Roberto Hern\u00e1ndez, aclar\u00f3 que el privado de libertad, Modesto de Jes\u00fas P\u00e9rez Coronado, recibe las debidas atenciones para su condici\u00f3n de salud mental desde 2023, cuando se le declar\u00f3 inimputable<\/u><\/em><\/p>\n\n\n\n<p><strong>Santo Domingo (R.D.), domingo, 01 de septiembre de 2024.<\/strong>&nbsp;La Direcci\u00f3n General de Servicios Penitenciarios y Correccionales (DGSPC) inform\u00f3 que el privado de libertad, Modesto de Jes\u00fas P\u00e9rez Coronado, quien padece una enfermedad mental, ingresar\u00e1 al Centro de Rehabilitaci\u00f3n Psicosocial Padre Billini en las pr\u00f3ximas horas tras agotar un proceso administrativo emprendido desde la Direcci\u00f3n desde hace meses y que permiti\u00f3 la soluci\u00f3n definitiva de la situaci\u00f3n.<\/p>\n\n\n\n<p>El director de la DGSPC, Roberto Hern\u00e1ndez Basilio, explic\u00f3 que el interno Modesto de Jes\u00fas P\u00e9rez Coronado, fue declarado inimputable por el Segundo Juzgado de la Instrucci\u00f3n del Distrito Judicial de La Vega el pasado 19 de abril de 2023, y desde entonces se iniciaron las diligencias ante una mesa multisectorial del Poder Judicial, en la que participan la Defensor\u00eda P\u00fablica, la Procuradur\u00eda General de la Rep\u00fablica (PGR) y la Direcci\u00f3n General de Servicios Penitenciarios y Correccionales, para brindar la atenci\u00f3n adecuada al privado de libertad.<\/p>\n\n\n\n<p>Hern\u00e1ndez Basilio aclar\u00f3, adem\u00e1s, que las im\u00e1genes publicadas en medios de comunicaci\u00f3n del privado de libertad, Modesto de Jes\u00fas P\u00e9rez Coronado, datan del 2022, antes de que se le declarara inimputable, y que desde mayo de este 2024 P\u00e9rez Coronado se encuentra recluido en el pabell\u00f3n especial para enfermos mentales que funciona en el Centro de Correcci\u00f3n y Rehabilitaci\u00f3n Najayo Hombres (CCR-17), de la provincia San Crist\u00f3bal, donde permanece hasta que se cumpla el protocolo de transferencia de responsabilidad.<\/p>\n\n\n\n<p>Asimismo, el funcionario record\u00f3 que este pabell\u00f3n funciona desde el pasado mes de mayo y cuenta con la capacidad para albergar a 40 privados de libertad, y que en la actualidad hay 27 personas recluidas ah\u00ed. Hern\u00e1ndez Basilio dijo tambi\u00e9n que existen pabellones de este tipo en otros centros penitenciarios del pa\u00eds, entre los que se incluyen los centros de privaci\u00f3n de La Victoria (Santo Domingo Norte), Najayo Hombres y Najayo Mujeres (San Crist\u00f3bal), y un nuevo pabell\u00f3n que iniciar\u00e1 su funcionamiento muy pronto, ubicado en San Pedro de Macor\u00eds.<\/p>\n\n\n\n<p>Adem\u00e1s, el director de la DGSPC, dijo que las autoridades penitenciarias cuentan con el apoyo del Colegio Dominicano de Psic\u00f3logos (CODOPSI) y la Asociaci\u00f3n Dominicana de Psiquiatr\u00eda, cuyos profesionales les acompa\u00f1an en la intervenci\u00f3n de los privados de libertad.<\/p>\n\n\n\n<p>La DGSPC cuenta con un fondo especial para la compra de medicamentos que utilizan los privados de libertad, como en el caso de Modesto de Jes\u00fas P\u00e9rez Coronado, quien sufre de esquizofrenia diagnosticada, sin que esto represente un costo para los internos o sus familiares.<\/p>\n\n\n\n<p><strong>Sobre el pabell\u00f3n de salud mental de Najayo Hombres<\/strong><\/p>\n","protected":false},"excerpt":{"rendered":"<p>El director de la DGSPC, Roberto Hern\u00e1ndez, aclar\u00f3 que el privado de libertad, Modesto de Jes\u00fas P\u00e9rez Coronado, recibe las debidas atenciones para su condici\u00f3n de salud mental desde 2023, cuando se le declar\u00f3 inimputable Santo Domingo (R.D.), domingo, 01 de septiembre de 2024.&nbsp;La Direcci\u00f3n General de Servicios Penitenciarios y Correccionales (DGSPC) inform\u00f3 que el [&hellip;]<\/p>\n","protected":false},"author":7,"featured_media":555898,"comment_status":"closed","ping_status":"closed","sticky":false,"template":"","format":"standard","meta":{"footnotes":""},"categories":[24],"tags":[],"class_list":["post-555875","post","type-post","status-publish","format-standard","has-post-thumbnail","hentry","category-justicia-y-derecho"],"_links":{"self":[{"href":"https:\/\/diariodominicano.com\/index.php?rest_route=\/wp\/v2\/posts\/555875","targetHints":{"allow":["GET"]}}],"collection":[{"href":"https:\/\/diariodominicano.com\/index.php?rest_route=\/wp\/v2\/posts"}],"about":[{"href":"https:\/\/diariodominicano.com\/index.php?rest_route=\/wp\/v2\/types\/post"}],"author":[{"embeddable":true,"href":"https:\/\/diariodominicano.com\/index.php?rest_route=\/wp\/v2\/users\/7"}],"replies":[{"embeddable":true,"href":"https:\/\/diariodominicano.com\/index.php?rest_route=%2Fwp%2Fv2%2Fcomments&post=555875"}],"version-history":[{"count":1,"href":"https:\/\/diariodominicano.com\/index.php?rest_route=\/wp\/v2\/posts\/555875\/revisions"}],"predecessor-version":[{"id":555896,"href":"https:\/\/diariodominicano.com\/index.php?rest_route=\/wp\/v2\/posts\/555875\/revisions\/555896"}],"wp:featuredmedia":[{"embeddable":true,"href":"https:\/\/diariodominicano.com\/index.php?rest_route=\/wp\/v2\/media\/555898"}],"wp:attachment":[{"href":"https:\/\/diariodominicano.com\/index.php?rest_route=%2Fwp%2Fv2%2Fmedia&parent=555875"}],"wp:term":[{"taxonomy":"category","embeddable":true,"href":"https:\/\/diariodominicano.com\/index.php?rest_route=%2Fwp%2Fv2%2Fcategories&post=555875"},{"taxonomy":"post_tag","embeddable":true,"href":"https:\/\/diariodominicano.com\/index.php?rest_route=%2Fwp%2Fv2%2Ftags&post=555875"}],"curies":[{"name":"wp","href":"https:\/\/api.w.org\/{rel}","templated":true}]}}