{"id":555872,"date":"2024-09-01T16:02:21","date_gmt":"2024-09-01T20:02:21","guid":{"rendered":"https:\/\/diariodominicano.com\/?p=555872"},"modified":"2024-09-01T18:57:30","modified_gmt":"2024-09-01T22:57:30","slug":"aprocovici-auspicia-proyecto-para-fortalecer-la-planificacion-y-el-urbanismo","status":"publish","type":"post","link":"https:\/\/diariodominicano.com\/?p=555872","title":{"rendered":"APROCOVICI auspicia proyecto para fortalecer la planificaci\u00f3n y el urbanismo"},"content":{"rendered":"\n<p>Se discuti\u00f3 la ruta hacia un desarrollo urbano m\u00e1s sostenible y eficiente<\/p>\n\n\n\n<p><strong>Santiago de los Caballeros.-1 de septiembre 2024.<\/strong>&nbsp;En la conferencia \u201cPlanificaci\u00f3n y Urbanismo: el caso Medell\u00edn\u201d, destacados profesionales de la ingenier\u00eda y la arquitectura analizaron la importancia de la colaboraci\u00f3n entre actores p\u00fablicos y privados, as\u00ed como la participaci\u00f3n ciudadana, para la creaci\u00f3n de un plan urbano que responda a las necesidades de la poblaci\u00f3n de Santiago.<\/p>\n\n\n\n<figure class=\"wp-block-gallery has-nested-images columns-default is-cropped wp-block-gallery-1 is-layout-flex wp-block-gallery-is-layout-flex\">\n<figure class=\"wp-block-image size-large\"><img loading=\"lazy\" decoding=\"async\" width=\"1024\" height=\"576\" data-id=\"555880\" src=\"https:\/\/diariodominicano.com\/wp-content\/uploads\/2024\/09\/Directiva-de-APROCOVICI-junto-a-panelistas-dominicanos-y-extranjeros-1024x576.jpg\" alt=\"\" class=\"wp-image-555880\" srcset=\"https:\/\/diariodominicano.com\/wp-content\/uploads\/2024\/09\/Directiva-de-APROCOVICI-junto-a-panelistas-dominicanos-y-extranjeros-1024x576.jpg 1024w, https:\/\/diariodominicano.com\/wp-content\/uploads\/2024\/09\/Directiva-de-APROCOVICI-junto-a-panelistas-dominicanos-y-extranjeros-300x169.jpg 300w, https:\/\/diariodominicano.com\/wp-content\/uploads\/2024\/09\/Directiva-de-APROCOVICI-junto-a-panelistas-dominicanos-y-extranjeros-768x432.jpg 768w, https:\/\/diariodominicano.com\/wp-content\/uploads\/2024\/09\/Directiva-de-APROCOVICI-junto-a-panelistas-dominicanos-y-extranjeros-1536x864.jpg 1536w, https:\/\/diariodominicano.com\/wp-content\/uploads\/2024\/09\/Directiva-de-APROCOVICI-junto-a-panelistas-dominicanos-y-extranjeros-816x459.jpg 816w, https:\/\/diariodominicano.com\/wp-content\/uploads\/2024\/09\/Directiva-de-APROCOVICI-junto-a-panelistas-dominicanos-y-extranjeros.jpg 1906w\" sizes=\"auto, (max-width: 1024px) 100vw, 1024px\" \/><\/figure>\n<\/figure>\n\n\n\n<p>Los panelistas coincidieron en que la integraci\u00f3n de diversas perspectivas y la adopci\u00f3n de modelos exitosos, como el de la ciudad colombiana de Medell\u00edn, son fundamentales para enfrentar los desaf\u00edos urbanos y promover un desarrollo inclusivo y sostenible.<\/p>\n\n\n\n<p>El evento, organizado por la Asociaci\u00f3n de Promotores y Constructores de Viviendas del Cibao (APROCOVICI), cont\u00f3 con la participaci\u00f3n de los arquitectos colombianos Jorge P\u00e9rez Jaramillo y Giovanna Spera, as\u00ed como del gerente general de MDE Urban Lab, Camilo Chaverra. Posteriormente, en un panel, los arquitectos dominicanos Gustavo Mor\u00e9, Daritza Nicodemo y Gustavo Valdez compartieron su perspectiva sobre la planificaci\u00f3n territorial.<\/p>\n\n\n\n<p>El moderador Juan Camilo Medina destac\u00f3 el progreso que ha experimentado Medell\u00edn en los \u00faltimos 30 a\u00f1os, atribuy\u00e9ndolo a la adopci\u00f3n de modelos urban\u00edsticos ampliamente aceptados, que incluyen el planeamiento, el dise\u00f1o paisaj\u00edstico y nuevas estrategias de intervenci\u00f3n.<\/p>\n\n\n\n<figure class=\"wp-block-gallery has-nested-images columns-default is-cropped wp-block-gallery-2 is-layout-flex wp-block-gallery-is-layout-flex\">\n<figure class=\"wp-block-image size-large\"><img loading=\"lazy\" decoding=\"async\" width=\"1024\" height=\"678\" data-id=\"555882\" src=\"https:\/\/diariodominicano.com\/wp-content\/uploads\/2024\/09\/Gustavo-Valdez-Giovanna-Spera-y-Jorge-Perez-Jaramillo-durante-el-panel-1024x678.jpg\" alt=\"\" class=\"wp-image-555882\" srcset=\"https:\/\/diariodominicano.com\/wp-content\/uploads\/2024\/09\/Gustavo-Valdez-Giovanna-Spera-y-Jorge-Perez-Jaramillo-durante-el-panel-1024x678.jpg 1024w, https:\/\/diariodominicano.com\/wp-content\/uploads\/2024\/09\/Gustavo-Valdez-Giovanna-Spera-y-Jorge-Perez-Jaramillo-durante-el-panel-300x199.jpg 300w, https:\/\/diariodominicano.com\/wp-content\/uploads\/2024\/09\/Gustavo-Valdez-Giovanna-Spera-y-Jorge-Perez-Jaramillo-durante-el-panel-768x509.jpg 768w, https:\/\/diariodominicano.com\/wp-content\/uploads\/2024\/09\/Gustavo-Valdez-Giovanna-Spera-y-Jorge-Perez-Jaramillo-durante-el-panel-816x540.jpg 816w, https:\/\/diariodominicano.com\/wp-content\/uploads\/2024\/09\/Gustavo-Valdez-Giovanna-Spera-y-Jorge-Perez-Jaramillo-durante-el-panel.jpg 1528w\" sizes=\"auto, (max-width: 1024px) 100vw, 1024px\" \/><\/figure>\n<\/figure>\n\n\n\n<p>El arquitecto Jorge P\u00e9rez Jaramillo subray\u00f3 la importancia de la planificaci\u00f3n territorial, econ\u00f3mica y social para transformar el entorno urbano. Enfatiz\u00f3 la necesidad de acuerdos colectivos para el desarrollo de Santiago y destac\u00f3 que una pol\u00edtica p\u00fablica efectiva y un gobierno comprometido son cruciales para resolver los problemas urbanos, utilizando los recursos de manera estrat\u00e9gica.<\/p>\n\n\n\n<p>La arquitecta Giovanna Spera mencion\u00f3 que a trav\u00e9s del dise\u00f1o urbano y la aplicaci\u00f3n de estrategias espec\u00edficas, es posible mejorar las condiciones de los espacios p\u00fablicos, lo que puede atraer a m\u00e1s personas a la ciudad, incluso si no les resulta familiar. Explic\u00f3 que Medell\u00edn ha experimentado un notable desarrollo urbano, impulsado inicialmente por el sector privado, que incluy\u00f3 la plantaci\u00f3n de \u00e1rboles, el estudio de especies nativas y la preparaci\u00f3n de la ciudad para un proceso de reverdecimiento, uno de los grandes logros de Medell\u00edn.<\/p>\n\n\n\n<figure class=\"wp-block-gallery has-nested-images columns-default is-cropped wp-block-gallery-3 is-layout-flex wp-block-gallery-is-layout-flex\">\n<figure class=\"wp-block-image size-large\"><img loading=\"lazy\" decoding=\"async\" width=\"851\" height=\"1024\" data-id=\"555879\" src=\"https:\/\/diariodominicano.com\/wp-content\/uploads\/2024\/09\/Arquitecta-Giovanna-Spera-851x1024.jpg\" alt=\"\" class=\"wp-image-555879\" srcset=\"https:\/\/diariodominicano.com\/wp-content\/uploads\/2024\/09\/Arquitecta-Giovanna-Spera-851x1024.jpg 851w, https:\/\/diariodominicano.com\/wp-content\/uploads\/2024\/09\/Arquitecta-Giovanna-Spera-249x300.jpg 249w, https:\/\/diariodominicano.com\/wp-content\/uploads\/2024\/09\/Arquitecta-Giovanna-Spera-768x924.jpg 768w, https:\/\/diariodominicano.com\/wp-content\/uploads\/2024\/09\/Arquitecta-Giovanna-Spera-816x981.jpg 816w, https:\/\/diariodominicano.com\/wp-content\/uploads\/2024\/09\/Arquitecta-Giovanna-Spera.jpg 1105w\" sizes=\"auto, (max-width: 851px) 100vw, 851px\" \/><\/figure>\n\n\n\n<figure class=\"wp-block-image size-large\"><img loading=\"lazy\" decoding=\"async\" width=\"678\" height=\"1024\" data-id=\"555881\" src=\"https:\/\/diariodominicano.com\/wp-content\/uploads\/2024\/09\/Jorge-Perez-Jaramillo-678x1024.jpg\" alt=\"\" class=\"wp-image-555881\" srcset=\"https:\/\/diariodominicano.com\/wp-content\/uploads\/2024\/09\/Jorge-Perez-Jaramillo-678x1024.jpg 678w, https:\/\/diariodominicano.com\/wp-content\/uploads\/2024\/09\/Jorge-Perez-Jaramillo-199x300.jpg 199w, https:\/\/diariodominicano.com\/wp-content\/uploads\/2024\/09\/Jorge-Perez-Jaramillo-768x1159.jpg 768w, https:\/\/diariodominicano.com\/wp-content\/uploads\/2024\/09\/Jorge-Perez-Jaramillo-1017x1536.jpg 1017w, https:\/\/diariodominicano.com\/wp-content\/uploads\/2024\/09\/Jorge-Perez-Jaramillo-816x1232.jpg 816w, https:\/\/diariodominicano.com\/wp-content\/uploads\/2024\/09\/Jorge-Perez-Jaramillo.jpg 1236w\" sizes=\"auto, (max-width: 678px) 100vw, 678px\" \/><\/figure>\n<\/figure>\n\n\n\n<p>Camilo Chaverra destac\u00f3 la importancia de vivir en equilibrio con el ambiente. Se\u00f1al\u00f3 que Medell\u00edn es una de las ciudades m\u00e1s afectadas por la contaminaci\u00f3n y que la gesti\u00f3n ambiental fue clave en su transformaci\u00f3n. Indic\u00f3 que el \u00e9xito se debe en gran medida al papel de las universidades, que han sido el punto de partida para los logros alcanzados.<\/p>\n\n\n\n<p>En el conversatorio, los arquitectos dominicanos Gustavo Mor\u00e9, Daritza Nicodemo y Gustavo Valdez presentaron su visi\u00f3n sobre la planificaci\u00f3n territorial. Gustavo Mor\u00e9 resalt\u00f3 la importancia de implementar m\u00e1s concursos arquitect\u00f3nicos, ya que son m\u00e9todos efectivos para obtener las mejores ideas de proyectos.<\/p>\n\n\n\n<p><strong>Pr\u00f3ximos Pasos<\/strong><\/p>\n\n\n\n<p>Los panelistas coincidieron en que la integraci\u00f3n de diversas perspectivas y una articulaci\u00f3n efectiva entre las entidades gubernamentales, los sectores privados y la ciudadan\u00eda permitir\u00e1n crear herramientas para implementar planes que mejoren la ciudad. Reconocieron que la adopci\u00f3n de modelos probados, como el de Medell\u00edn, es esencial para enfrentar los desaf\u00edos urbanos y promover un desarrollo inclusivo y sostenible.<\/p>\n\n\n\n<p>El presidente de APROCOVICI, Sandy Rodr\u00edguez, afirm\u00f3: \u201cTenemos el deber de crear las ciudades que queremos. Todos los sectores deben trabajar unidos para que cada espacio verde, cada parque y cada rinc\u00f3n respire sostenibilidad, y donde el desarrollo urbano no sea sin\u00f3nimo de destrucci\u00f3n, sino de armon\u00eda con la naturaleza. Es nuestra responsabilidad, como l\u00edderes y ciudadanos, sembrar las bases de una ciudad sostenible, que no solo cumpla con las necesidades del presente, sino que tambi\u00e9n est\u00e9 preparada para los desaf\u00edos del futuro\u201d.<\/p>\n\n\n\n<p>Rodr\u00edguez tambi\u00e9n coment\u00f3 que las sesiones sostenidas durante la semana con diferentes grupos de inter\u00e9s, como el Departamento de Planificaci\u00f3n Urbana, el Plan de Ordenamiento Territorial (POT), el Plan de Desarrollo Estrat\u00e9gico, Visit Santiago y la Alcald\u00eda, fueron de gran utilidad para definir los siguientes pasos. El alcalde Ulises Rodr\u00edguez apoy\u00f3 la iniciativa y aprob\u00f3 continuar trabajando para fortalecer las herramientas de planificaci\u00f3n.<\/p>\n\n\n\n<p>APROCOVICI continuar\u00e1 promoviendo este tipo de espacios de di\u00e1logo y aprendizaje que fomenten el desarrollo urbano sostenible en Santiago.<\/p>\n\n\n\n<p>Johanna Benoit <a href=\"mailto:benoit181182@gmail.com\" target=\"_blank\" rel=\"noreferrer noopener\">benoit181182@gmail.com<\/a> <\/p>\n","protected":false},"excerpt":{"rendered":"<p>Se discuti\u00f3 la ruta hacia un desarrollo urbano m\u00e1s sostenible y eficiente Santiago de los Caballeros.-1 de septiembre 2024.&nbsp;En la conferencia \u201cPlanificaci\u00f3n y Urbanismo: el caso Medell\u00edn\u201d, destacados profesionales de la ingenier\u00eda y la arquitectura analizaron la importancia de la colaboraci\u00f3n entre actores p\u00fablicos y privados, as\u00ed como la participaci\u00f3n ciudadana, para la creaci\u00f3n de [&hellip;]<\/p>\n","protected":false},"author":7,"featured_media":555878,"comment_status":"closed","ping_status":"closed","sticky":true,"template":"","format":"standard","meta":{"footnotes":""},"categories":[36,18],"tags":[],"class_list":["post-555872","post","type-post","status-publish","format-standard","has-post-thumbnail","hentry","category-hombresmujeresycosas","category-economia"],"_links":{"self":[{"href":"https:\/\/diariodominicano.com\/index.php?rest_route=\/wp\/v2\/posts\/555872","targetHints":{"allow":["GET"]}}],"collection":[{"href":"https:\/\/diariodominicano.com\/index.php?rest_route=\/wp\/v2\/posts"}],"about":[{"href":"https:\/\/diariodominicano.com\/index.php?rest_route=\/wp\/v2\/types\/post"}],"author":[{"embeddable":true,"href":"https:\/\/diariodominicano.com\/index.php?rest_route=\/wp\/v2\/users\/7"}],"replies":[{"embeddable":true,"href":"https:\/\/diariodominicano.com\/index.php?rest_route=%2Fwp%2Fv2%2Fcomments&post=555872"}],"version-history":[{"count":1,"href":"https:\/\/diariodominicano.com\/index.php?rest_route=\/wp\/v2\/posts\/555872\/revisions"}],"predecessor-version":[{"id":555889,"href":"https:\/\/diariodominicano.com\/index.php?rest_route=\/wp\/v2\/posts\/555872\/revisions\/555889"}],"wp:featuredmedia":[{"embeddable":true,"href":"https:\/\/diariodominicano.com\/index.php?rest_route=\/wp\/v2\/media\/555878"}],"wp:attachment":[{"href":"https:\/\/diariodominicano.com\/index.php?rest_route=%2Fwp%2Fv2%2Fmedia&parent=555872"}],"wp:term":[{"taxonomy":"category","embeddable":true,"href":"https:\/\/diariodominicano.com\/index.php?rest_route=%2Fwp%2Fv2%2Fcategories&post=555872"},{"taxonomy":"post_tag","embeddable":true,"href":"https:\/\/diariodominicano.com\/index.php?rest_route=%2Fwp%2Fv2%2Ftags&post=555872"}],"curies":[{"name":"wp","href":"https:\/\/api.w.org\/{rel}","templated":true}]}}