{"id":555859,"date":"2024-09-01T15:16:54","date_gmt":"2024-09-01T19:16:54","guid":{"rendered":"https:\/\/diariodominicano.com\/?p=555859"},"modified":"2024-09-01T15:17:07","modified_gmt":"2024-09-01T19:17:07","slug":"colegio-de-notarios-respalda-dialogo-sobre-reformas-constitucionales-y-legales","status":"publish","type":"post","link":"https:\/\/diariodominicano.com\/?p=555859","title":{"rendered":"Colegio de Notarios respalda di\u00e1logo sobre reformas constitucionales y legales"},"content":{"rendered":"\n<p>diariodominicano.com<\/p>\n\n\n\n<p><strong>Punta Cana, Rep\u00fablica Dominicana, 1 de septiembre, 2024.-<\/strong>\u00a0La presidenta del Colegio Dominicano de Notarios, Laura S\u00e1nchez Jim\u00e9nez, expres\u00f3 hoy su apoyo al di\u00e1logo y al consenso para lograr reformas constitucionales y legales que beneficien a toda la sociedad, por lo que afirm\u00f3 que el gremio est\u00e1 abierto a analizar las propuestas presentadas por el presidente Luis Abinader.<\/p>\n\n\n\n<p>La dirigente pronunci\u00f3 las palabras de apertura de la XXXVII Jornada Notarial Nacional y X Jornada Internacional, que efect\u00faa este fin de semana, Sunscape Coco Punta Cana, con m\u00e1s 260 miembros para actualizarse sobre los temas m\u00e1s relevantes del derecho notarial y compartir experiencias profesionales.<\/p>\n\n\n\n<p>El programa incluye conferencias magistrales a cargo de expertos, como el presidente del Tribunal Constitucional, Napole\u00f3n Lavandier, y el presidente del Notariado de Puerto Rico, Arsenio Comas.<\/p>\n\n\n\n<p>S\u00e1nchez Jim\u00e9nez destac\u00f3 la importancia de estos eventos para fortalecer la competencia profesional de los notarios dominicanos. \u00abHoy nos entregamos a nuevos saberes, para traducirlos en inteligencia\u00bb, afirm\u00f3.<\/p>\n\n\n\n<p>El Colegio, asegur\u00f3, no se ha apresurado y ha analizado detenidamente las propuestas del presidente Abinader, buscando consensuar opiniones y exteriorizarlas con fundamentos s\u00f3lidos durante estas jornadas.<\/p>\n\n\n\n<p>Desde el principio, el gremio ha sido partidario del di\u00e1logo y considera que las propuestas del mandatario son de ponderaci\u00f3n y le asignan un car\u00e1cter de apertura y seriedad, especialmente la que impide la variaci\u00f3n a los actuales t\u00e9rminos de la elecci\u00f3n presidencial.<\/p>\n\n\n\n<p>La propuesta de excluir al procurador general de la Rep\u00fablica del Consejo Nacional de la Magistratura, organismo que lo designar\u00eda, tambi\u00e9n fue considerada razonable y conveniente por el Colegio.<\/p>\n\n\n\n<p>El doctor Lavandier abordar\u00e1 el tema \u00abPrecedente constitucional en el \u00e1mbito notarial\u00bb, mientras que el Dr. Comas establecer\u00e1 \u00abla diferencia del derecho notarial entre Puerto Rico y la Rep\u00fablica Dominicana\u00bb.<\/p>\n\n\n\n<p>La presidenta del Colegio resalt\u00f3 que estas jornadas se realizan en un momento en que el lenguaje jur\u00eddico ocupa la atenci\u00f3n de diversos sectores, debido a las propuestas de reforma a la Constituci\u00f3n, al sistema tributario y al C\u00f3digo Laboral, entre otras.<\/p>\n\n\n\n<p>Las jornadas se extender\u00e1n hasta el domingo y prometen ser un espacio de enriquecimiento profesional y camarader\u00eda para los notarios dominicanos, quienes adem\u00e1s disfrutar\u00e1n de las instalaciones del Sunscape Coco Punta Cana.<\/p>\n\n\n\n<p><strong>Enver L\u00f3pez Milander<\/strong><\/p>\n","protected":false},"excerpt":{"rendered":"<p>diariodominicano.com Punta Cana, Rep\u00fablica Dominicana, 1 de septiembre, 2024.-\u00a0La presidenta del Colegio Dominicano de Notarios, Laura S\u00e1nchez Jim\u00e9nez, expres\u00f3 hoy su apoyo al di\u00e1logo y al consenso para lograr reformas constitucionales y legales que beneficien a toda la sociedad, por lo que afirm\u00f3 que el gremio est\u00e1 abierto a analizar las propuestas presentadas por el [&hellip;]<\/p>\n","protected":false},"author":5,"featured_media":555860,"comment_status":"closed","ping_status":"closed","sticky":true,"template":"","format":"standard","meta":{"footnotes":""},"categories":[24,27],"tags":[],"class_list":["post-555859","post","type-post","status-publish","format-standard","has-post-thumbnail","hentry","category-justicia-y-derecho","category-portada"],"_links":{"self":[{"href":"https:\/\/diariodominicano.com\/index.php?rest_route=\/wp\/v2\/posts\/555859","targetHints":{"allow":["GET"]}}],"collection":[{"href":"https:\/\/diariodominicano.com\/index.php?rest_route=\/wp\/v2\/posts"}],"about":[{"href":"https:\/\/diariodominicano.com\/index.php?rest_route=\/wp\/v2\/types\/post"}],"author":[{"embeddable":true,"href":"https:\/\/diariodominicano.com\/index.php?rest_route=\/wp\/v2\/users\/5"}],"replies":[{"embeddable":true,"href":"https:\/\/diariodominicano.com\/index.php?rest_route=%2Fwp%2Fv2%2Fcomments&post=555859"}],"version-history":[{"count":1,"href":"https:\/\/diariodominicano.com\/index.php?rest_route=\/wp\/v2\/posts\/555859\/revisions"}],"predecessor-version":[{"id":555861,"href":"https:\/\/diariodominicano.com\/index.php?rest_route=\/wp\/v2\/posts\/555859\/revisions\/555861"}],"wp:featuredmedia":[{"embeddable":true,"href":"https:\/\/diariodominicano.com\/index.php?rest_route=\/wp\/v2\/media\/555860"}],"wp:attachment":[{"href":"https:\/\/diariodominicano.com\/index.php?rest_route=%2Fwp%2Fv2%2Fmedia&parent=555859"}],"wp:term":[{"taxonomy":"category","embeddable":true,"href":"https:\/\/diariodominicano.com\/index.php?rest_route=%2Fwp%2Fv2%2Fcategories&post=555859"},{"taxonomy":"post_tag","embeddable":true,"href":"https:\/\/diariodominicano.com\/index.php?rest_route=%2Fwp%2Fv2%2Ftags&post=555859"}],"curies":[{"name":"wp","href":"https:\/\/api.w.org\/{rel}","templated":true}]}}