{"id":55572,"date":"2020-11-05T14:40:47","date_gmt":"2020-11-05T14:40:47","guid":{"rendered":"http:\/\/diariodominicano.ddns.net\/?p=55572"},"modified":"2020-11-05T14:40:47","modified_gmt":"2020-11-05T14:40:47","slug":"fusilan-al-procer-y-ex-presidente-de-la-republica-pepillo-salcedo","status":"publish","type":"post","link":"https:\/\/diariodominicano.com\/?p=55572","title":{"rendered":"Fusilan al pr\u00f3cer y ex presidente de la Rep\u00fablica Pepillo Salcedo"},"content":{"rendered":"<p><body><\/p>\n<p><img decoding=\"async\" src=\"img3\/salcedo0010.jpga.jpg\" \/><br \/><img decoding=\"async\" src=\"img3\/Portada volumen 6.jpg\" \/>  <\/p>\n<p><strong>Diariodominicano.com<\/strong><\/p>\n<p><strong>Fusilan al pr\u00f3cer y ex presidente Pepillo Salcedo <\/strong><\/p>\n<p><strong> El historiador Jos\u00e9 Gabriel Garc\u00eda dio la versi\u00f3n de que el general Pepillo Salcedo fue ejecutado por el coronel Agust\u00edn Masag\u00f3, quien cumpli\u00f3 una orden secreta que imparti\u00f3 el Presidente Provisional Gaspar Polanco<\/strong><\/p>\n<p><strong>Por H\u00e9ctor Tineo Nolasco<\/strong><\/p>\n<p><strong>Diariodominicano.com<\/strong><\/p>\n<p><strong>  PUERTO PLATA, el  5 de noviembre de 1864,<\/strong> fue fusilado en Maim\u00f3n, Puerto Plata, el ex Presidente Jos\u00e9 Antonio ?Pepillo- Salcedo.<\/p>\n<\/p>\n<p>    El historiador Jos\u00e9 Gabriel Garc\u00eda dio la versi\u00f3n de que el general Pepillo Salcedo fue ejecutado por el coronel Agust\u00edn Masag\u00f3, quien cumpli\u00f3 una orden secreta que imparti\u00f3 el Presidente Provisional Gaspar Polanco.<\/p>\n<\/p>\n<p>     El hecho se produjo luego de que el general Gregorio Luper\u00f3n no logr\u00f3 que las autoridades de Hait\u00ed, permitieran el ingreso de Pepillo Salcedo en condici\u00f3n de exiliado.<\/p>\n<\/p>\n<p>    En el trayecto, luego de pernoctar en Mang\u00e1, en la residencia de Tito Ferm\u00edn, un amigo del general Gregorio Luper\u00f3n, cuando se dispon\u00edan a reiniciar el viaje con destino a la frontera, los generales Benito Monci\u00f3n y Juan Antonio Polanco, intentaron llevarse a Salcedo para fusilarlo, pero no pudieron por la resistencia del General Luper\u00f3n.<\/p>\n<\/p>\n<p>     Tito Ferm\u00edn prest\u00f3 un caballo a Salcedo porque el suyo se cans\u00f3. Cuando llegaron a Dajab\u00f3n, el comandante de la plaza, general Antonio Pimentel y el General Jos\u00e9 Cabrera, tambi\u00e9n intentaron detener al ex Presidente Salcedo, para ejecutarlo, pero de nuevo encontraron la oposici\u00f3n del general Gregorio Luper\u00f3n.<\/p>\n<\/p>\n<p>    En la frontera haitiana el jefe de Fort Libert\u00e9, general Philantrope, se neg\u00f3 a aceptar,  en nombre del Gobierno haitiano, el pedido que le hizo el general Luper\u00f3n para que aceptara a Pepillo Salcedo en condici\u00f3n de expatriado.<\/p>\n<\/p>\n<p>    Luper\u00f3n comunic\u00f3 la negativa  de Hait\u00ed al Gobierno y pidi\u00f3 nuevas \u00f3rdenes. Se le orden\u00f3 regresar con Pepillo Salcedo a Santiago.<\/p>\n<\/p>\n<p>     En el camino Luper\u00f3n dividi\u00f3 el poco dinero que ten\u00eda con el ex Presidente Pepillo Salcedo. Al llegar a Santiago entreg\u00f3 al detenido al Gobierno.<\/p>\n<\/p>\n<p>    En sus apuntes autobiogr\u00e1ficos Luper\u00f3n anota que luego de entregar a Pepillo Salcedo, se retir\u00f3 con fiebre a una casa que ten\u00eda alquilada en Santiago.<\/p>\n<\/p>\n<p>Pepillo Salcedo fue trasladado al destacamento de Puerto Plata, de donde fue trasladado a Maim\u00f3n. All\u00ed fue fusilado el d\u00eda 5 de octubre de 1864, por el coronel Agust\u00edn Masag\u00f3. <\/p>\n<\/p>\n<p>          Pepillo Salcedo fue uno de los militares que m\u00e1s se distingui\u00f3 en la lucha contra las tropas militares de Hait\u00ed, que invad\u00edan con frecuencia el territorio de la Rep\u00fablica Dominicana. M\u00e1s tarde fue uno de los militares distinguidos en la Guerra de la Restauraci\u00f3n.<\/p>\n<\/p>\n<p>    Por sus m\u00e9ritos fue escogido el 14 de septiembre de 1863, como primer Presidente del Gobierno de la Restauraci\u00f3n y fue derrocado por un movimiento que encabez\u00f3 el general Gaspar Polanco el 9 de octubre de 1864.<\/p>\n<\/p>\n<p>    El  d\u00eda  27 de octubre de 1845, tropas del Ej\u00e9rcito de la Rep\u00fablica Dominicana al mando de Salcedo vencieron a fuerzas militares invasoras de la Rep\u00fablica de Hait\u00ed, en la batalla de Beller.<\/p>\n<\/p>\n<p>    Entre las bajas que sufrieron los haitianos figura la muerte del general Seraphim, quien comandaba a las tropas invasoras.<\/p>\n<\/p>\n<p>        Luego de ser derrotados en la batalla de Beller, huyeron de Dajab\u00f3n los generales haitianos Danis, Hilaire y Mitil.<\/p>\n<\/p>\n<p>    La Rep\u00fablica Dominicana fue proclamada el 27 de febrero de 1844, pero los haitianos durante los primeros 12 a\u00f1os mantuvieron una pol\u00edtica de agresiones contra el territorio dominicano.<\/p>\n<\/p>\n<p>     El 27 de septiembre de 1845, el Presidente Pierrot, emiti\u00f3 un decreto en el que  calific\u00f3 a los dominicanos como insurgentes del Este y declar\u00f3 prohibida toda clase de relaciones con la Rep\u00fablica Dominicana.<\/p>\n<\/p>\n<p>     Pierrot sosten\u00eda el criterio de que la isla de Santo Domingo es Hait\u00ed, una e indivisible, por lo que se resist\u00eda a aceptar la existencia del Estado dominicano.<\/p>\n<\/p>\n<p>     El 30 de marzo de 1844, el general Pierrot fue derrotado por los dominicanos en la Batalla de Santiago. En los combates el Ej\u00e9rcito dominicano mat\u00f3 a 700 militares de Hait\u00ed.<\/p>\n<\/p>\n<p>     El  17 de septiembre de 1845, tropas dominicanas comandadas por el general Jos\u00e9 Joaqu\u00edn Puello, vencieron a los haitianos en la batalla de La Estrelleta.<\/p>\n<\/p>\n<p>    Las fuerzas del Ej\u00e9rcito Haitiano fueron comandadas por los generales Morisette, Toussaint y Samed\u00ed.<\/p>\n<\/p>\n<h6> 2020-11-05 14:40:47 <\/h6>\n<p><!--\n<link rel=\"stylesheet\" href=\"css\/bootstrap.min.css\">\n\n\n<ul class=\"pagination\">\n\t    \n\t\n\n<li >\n\t<a href='?page_no=75'>Previous<\/a>\n\t<\/li>\n\n\n       \n    \n\n<li><a href='?page_no=1'>1<\/a><\/li>\n\n\n\n<li><a href='?page_no=2'>2<\/a><\/li>\n\n\n\n<li><a>...<\/a><\/li>\n\n\n\n<li><a href='?page_no=74'>74<\/a><\/li>\n\n\n\n<li><a href='?page_no=75'>75<\/a><\/li>\n\n\n\n<li class='active'><a>76<\/a><\/li>\n\n\n\n<li><a href='?page_no=77'>77<\/a><\/li>\n\n\n\n<li><a href='?page_no=78'>78<\/a><\/li>\n\n\n\n<li><a>...<\/a><\/li>\n\n\n\n<li><a href='?page_no=22911'>22911<\/a><\/li>\n\n\n\n<li><a href='?page_no=22912'>22912<\/a><\/li>\n\n    \n\t\n\n<li >\n\t<a href='?page_no=77'>Next<\/a>\n\t<\/li>\n\n\n    \n\n<li><a href='?page_no=22912'>Last &rsaquo;&rsaquo;<\/a><\/li>\n\n<\/ul>\n\n\n--><br \/>\n<\/body><\/p>\n","protected":false},"excerpt":{"rendered":"<p>Diariodominicano.com Fusilan al pr\u00f3cer y ex presidente Pepillo Salcedo El historiador Jos\u00e9 Gabriel Garc\u00eda dio la versi\u00f3n de que el general Pepillo Salcedo fue ejecutado por el coronel Agust\u00edn Masag\u00f3, quien cumpli\u00f3 una orden secreta que imparti\u00f3 el Presidente Provisional Gaspar Polanco Por H\u00e9ctor Tineo Nolasco Diariodominicano.com PUERTO PLATA, el 5 de noviembre de 1864, [&hellip;]<\/p>\n","protected":false},"author":3,"featured_media":0,"comment_status":"open","ping_status":"open","sticky":false,"template":"","format":"standard","meta":{"footnotes":""},"categories":[21],"tags":[],"class_list":["post-55572","post","type-post","status-publish","format-standard","hentry","category-cultura"],"_links":{"self":[{"href":"https:\/\/diariodominicano.com\/index.php?rest_route=\/wp\/v2\/posts\/55572","targetHints":{"allow":["GET"]}}],"collection":[{"href":"https:\/\/diariodominicano.com\/index.php?rest_route=\/wp\/v2\/posts"}],"about":[{"href":"https:\/\/diariodominicano.com\/index.php?rest_route=\/wp\/v2\/types\/post"}],"author":[{"embeddable":true,"href":"https:\/\/diariodominicano.com\/index.php?rest_route=\/wp\/v2\/users\/3"}],"replies":[{"embeddable":true,"href":"https:\/\/diariodominicano.com\/index.php?rest_route=%2Fwp%2Fv2%2Fcomments&post=55572"}],"version-history":[{"count":0,"href":"https:\/\/diariodominicano.com\/index.php?rest_route=\/wp\/v2\/posts\/55572\/revisions"}],"wp:attachment":[{"href":"https:\/\/diariodominicano.com\/index.php?rest_route=%2Fwp%2Fv2%2Fmedia&parent=55572"}],"wp:term":[{"taxonomy":"category","embeddable":true,"href":"https:\/\/diariodominicano.com\/index.php?rest_route=%2Fwp%2Fv2%2Fcategories&post=55572"},{"taxonomy":"post_tag","embeddable":true,"href":"https:\/\/diariodominicano.com\/index.php?rest_route=%2Fwp%2Fv2%2Ftags&post=55572"}],"curies":[{"name":"wp","href":"https:\/\/api.w.org\/{rel}","templated":true}]}}