{"id":555699,"date":"2024-08-31T00:45:44","date_gmt":"2024-08-31T04:45:44","guid":{"rendered":"https:\/\/diariodominicano.com\/?p=555699"},"modified":"2024-08-31T00:48:27","modified_gmt":"2024-08-31T04:48:27","slug":"abancord-discutira-sobre-transformacion-del-gobierno-corporativo","status":"publish","type":"post","link":"https:\/\/diariodominicano.com\/?p=555699","title":{"rendered":"ABANCORD discutir\u00e1 sobre transformaci\u00f3n del Gobierno Corporativo\u00a0"},"content":{"rendered":"\n<p><strong>Celebrar\u00e1 su X Congreso<\/strong>\u2002<\/p>\n\n\n\n<p><strong><em>El evento ser\u00e1 inaugurado por el superintendente de Bancos, Alejandro Fern\u00e1ndez W., quien abordar\u00e1 el rol del gobierno corporativo desde una perspectiva de Supervisi\u00f3n Basada en Riesgos y la clausura estar\u00e1 a cargo del gobernador del Banco Central, H\u00e9ctor Valdez Albizu, quien ofrecer\u00e1 una perspectiva sobre la importancia de la buena gobernanza en las entidades en un entorno cambiante y desafiante como el actual.<\/em><\/strong><\/p>\n\n\n\n<p><strong><em>SANTO DOMINGO, Rep\u00fablica Dominicana.<\/em><\/strong>&nbsp;&#8211;&nbsp;La Asociaci\u00f3n de Bancos de Ahorro y Cr\u00e9dito y Corporaciones de Cr\u00e9dito (ABANCORD) anunci\u00f3 la celebraci\u00f3n de su X Congreso Anual, que se llevar\u00e1 a cabo el pr\u00f3ximo<strong>&nbsp;jueves 5 de septiembre de 2024<\/strong>&nbsp;en el Hotel Real Intercontinental de Santo Domingo, en una modalidad mixta que combinar\u00e1 la participaci\u00f3n presencial y virtual.<\/p>\n\n\n\n<p>Este evento, bajo el lema&nbsp;<em>\u00ab<\/em><strong><em>Perspectivas Transformadoras del Gobierno Corporativo: Retos y Oportunidades<\/em><\/strong><em>\u00ab<\/em>, contar\u00e1 con la presencia de destacados l\u00edderes del sector financiero, tanto a nivel nacional como internacional, as\u00ed como consultores expertos que compartir\u00e1n sus conocimientos sobre los desaf\u00edos y oportunidades emergentes en el \u00e1mbito del gobierno corporativo.<\/p>\n\n\n\n<p>Cristina De Castro, presidenta ejecutiva de ABANCORD, subray\u00f3 la importancia de este congreso como un espacio esencial para la capacitaci\u00f3n de alto nivel. \u00abCon el tema principal del evento, queremos reflejar la evoluci\u00f3n din\u00e1mica del gobierno corporativo, considerando las nuevas regulaciones y la necesidad de convertir los retos emergentes en oportunidades para las entidades del sistema financiero\u00bb, afirm\u00f3 De Castro.<\/p>\n\n\n\n<p>Entre los oradores principales se destaca la participaci\u00f3n de Omar Victoria, CEO de la firma de abogados OV, quien abordar\u00e1 la importancia de la adaptabilidad y la proactividad en el gobierno corporativo de las entidades financieras.<\/p>\n\n\n\n<p>El evento contar\u00e1 con las palabras de apertura a cargo del superintendente de Bancos, Alejandro Fern\u00e1ndez W., quien expondr\u00e1 las principales tendencias y desaf\u00edos que enfrenta el sector. La clausura del congreso estar\u00e1 en manos del gobernador del Banco Central, H\u00e9ctor Valdez Albizu, quien aportar\u00e1 su visi\u00f3n sobre el futuro del sistema financiero desde la \u00f3ptica de una buena gobernanza en la Rep\u00fablica Dominicana.<\/p>\n\n\n\n<p>Un momento clave de la actividad ser\u00e1 el panel<em>&nbsp;<\/em>sobre el<em>&nbsp;Nuevo marco de Supervisi\u00f3n Basada en Riesgos<\/em>, que contar\u00e1 con la participaci\u00f3n de Elbin Cuevas, subgerente de Supervisi\u00f3n de la Superintendencia de Bancos, y Ra\u00fal Hern\u00e1ndez, CEO de CIEF Consultores. En esta sesi\u00f3n se ofrecer\u00e1 una perspectiva integral y actualizada sobre la supervisi\u00f3n financiera, brindando a las entidades una gu\u00eda clara para la evaluaci\u00f3n de riesgos en un entorno cada vez m\u00e1s complejo.<\/p>\n\n\n\n<p>ABANCORD invita a todos los consejeros y miembros de la alta gerencia de las entidades del sistema financiero a participar en este encuentro que promete ser una oportunidad \u00fanica para el aprendizaje, la reflexi\u00f3n y el intercambio de ideas sobre el futuro del gobierno corporativo en la Rep\u00fablica Dominicana.<\/p>\n\n\n\n<p><strong>Acerca de ABANCORD:<\/strong><\/p>\n\n\n\n<p>La Asociaci\u00f3n de Bancos de Ahorro y Cr\u00e9dito y Corporaciones de Cr\u00e9dito, Inc. ABANCORD, en la actualidad cuenta con 13 bancos de ahorro y cr\u00e9dito, representando la totalidad del subsector, y 3 corporaciones de cr\u00e9dito.&nbsp; El Banco Agr\u00edcola tambi\u00e9n forma parte de la membres\u00eda. Los BAC y las CC juegan un papel crucial en la promoci\u00f3n de la inclusi\u00f3n financiera en la base de la pir\u00e1mide, a trav\u00e9s del servicio que ofrecen a las Mipymes y al sector microfinanciero del pa\u00eds.<\/p>\n\n\n\n<figure class=\"wp-block-image is-resized\"><img decoding=\"async\" src=\"https:\/\/ci3.googleusercontent.com\/mail-sig\/AIorK4zw4OoBaHAvKhYVqccr7MUR6tY7QQK1r96d5SGXkAD8Yk2rCXXeaMBy52jQOoeg6SyNgVf28-w\" alt=\"\" style=\"width:222px;height:auto\"\/><\/figure>\n\n\n\n<p><\/p>\n","protected":false},"excerpt":{"rendered":"<p>Celebrar\u00e1 su X Congreso\u2002 El evento ser\u00e1 inaugurado por el superintendente de Bancos, Alejandro Fern\u00e1ndez W., quien abordar\u00e1 el rol del gobierno corporativo desde una perspectiva de Supervisi\u00f3n Basada en Riesgos y la clausura estar\u00e1 a cargo del gobernador del Banco Central, H\u00e9ctor Valdez Albizu, quien ofrecer\u00e1 una perspectiva sobre la importancia de la buena [&hellip;]<\/p>\n","protected":false},"author":7,"featured_media":555704,"comment_status":"closed","ping_status":"closed","sticky":false,"template":"","format":"standard","meta":{"footnotes":""},"categories":[18],"tags":[],"class_list":["post-555699","post","type-post","status-publish","format-standard","has-post-thumbnail","hentry","category-economia"],"_links":{"self":[{"href":"https:\/\/diariodominicano.com\/index.php?rest_route=\/wp\/v2\/posts\/555699","targetHints":{"allow":["GET"]}}],"collection":[{"href":"https:\/\/diariodominicano.com\/index.php?rest_route=\/wp\/v2\/posts"}],"about":[{"href":"https:\/\/diariodominicano.com\/index.php?rest_route=\/wp\/v2\/types\/post"}],"author":[{"embeddable":true,"href":"https:\/\/diariodominicano.com\/index.php?rest_route=\/wp\/v2\/users\/7"}],"replies":[{"embeddable":true,"href":"https:\/\/diariodominicano.com\/index.php?rest_route=%2Fwp%2Fv2%2Fcomments&post=555699"}],"version-history":[{"count":1,"href":"https:\/\/diariodominicano.com\/index.php?rest_route=\/wp\/v2\/posts\/555699\/revisions"}],"predecessor-version":[{"id":555705,"href":"https:\/\/diariodominicano.com\/index.php?rest_route=\/wp\/v2\/posts\/555699\/revisions\/555705"}],"wp:featuredmedia":[{"embeddable":true,"href":"https:\/\/diariodominicano.com\/index.php?rest_route=\/wp\/v2\/media\/555704"}],"wp:attachment":[{"href":"https:\/\/diariodominicano.com\/index.php?rest_route=%2Fwp%2Fv2%2Fmedia&parent=555699"}],"wp:term":[{"taxonomy":"category","embeddable":true,"href":"https:\/\/diariodominicano.com\/index.php?rest_route=%2Fwp%2Fv2%2Fcategories&post=555699"},{"taxonomy":"post_tag","embeddable":true,"href":"https:\/\/diariodominicano.com\/index.php?rest_route=%2Fwp%2Fv2%2Ftags&post=555699"}],"curies":[{"name":"wp","href":"https:\/\/api.w.org\/{rel}","templated":true}]}}