{"id":555682,"date":"2024-08-30T23:50:29","date_gmt":"2024-08-31T03:50:29","guid":{"rendered":"https:\/\/diariodominicano.com\/?p=555682"},"modified":"2024-08-31T03:55:12","modified_gmt":"2024-08-31T07:55:12","slug":"banco-popular-ofrece-charla-de-finanzas-personales-a-periodistas-y-comunicadores","status":"publish","type":"post","link":"https:\/\/diariodominicano.com\/?p=555682","title":{"rendered":"Banco Popular ofrece charla de finanzas personales a periodistas y comunicadores"},"content":{"rendered":"\n<p>Los participantes de la charla profundizaron en c\u00f3mo gestionar sus gastos fijos y variables de manera efectiva.<\/p>\n\n\n\n<p><strong>La actividad se enmarca en el programa \u201cFinanzas con Prop\u00f3sito\u201d<\/strong><\/p>\n\n\n\n<figure class=\"wp-block-image size-large\"><img loading=\"lazy\" decoding=\"async\" width=\"1024\" height=\"683\" src=\"https:\/\/diariodominicano.com\/wp-content\/uploads\/2024\/08\/AND01692-1024x683.jpg\" alt=\"\" class=\"wp-image-555685\" srcset=\"https:\/\/diariodominicano.com\/wp-content\/uploads\/2024\/08\/AND01692-1024x683.jpg 1024w, https:\/\/diariodominicano.com\/wp-content\/uploads\/2024\/08\/AND01692-300x200.jpg 300w, https:\/\/diariodominicano.com\/wp-content\/uploads\/2024\/08\/AND01692-768x512.jpg 768w, https:\/\/diariodominicano.com\/wp-content\/uploads\/2024\/08\/AND01692-1536x1024.jpg 1536w, https:\/\/diariodominicano.com\/wp-content\/uploads\/2024\/08\/AND01692-2048x1365.jpg 2048w, https:\/\/diariodominicano.com\/wp-content\/uploads\/2024\/08\/AND01692-816x544.jpg 816w\" sizes=\"auto, (max-width: 1024px) 100vw, 1024px\" \/><\/figure>\n\n\n\n<p><strong>La se\u00f1ora Pamela Pichardo, coach financiera.<\/strong><\/p>\n\n\n\n<p>Santo Domingo, D.N. \u2013 El Banco Popular Dominicano ofreci\u00f3 la charla \u201cS\u00e1cale el m\u00e1ximo provecho a tu presupuesto mensual\u201d, parte de su programa educativo Finanzas con Prop\u00f3sito, a periodistas y comunicadores, que aprendieron c\u00f3mo implementar un presupuesto familiar, entre otros aspectos. La se\u00f1ora Pamela Pichardo, coach financiera.Santo Domingo, D.N. \u2013 El Banco Popular Dominicano ofreci\u00f3 la charla \u201cS\u00e1cale el m\u00e1ximo provecho a tu presupuesto mensual\u201d, parte de su programa educativo Finanzas con Prop\u00f3sito, a periodistas y comunicadores, que aprendieron c\u00f3mo implementar un presupuesto familiar, entre otros aspectos.<\/p>\n\n\n\n<figure class=\"wp-block-image size-large\"><img loading=\"lazy\" decoding=\"async\" width=\"1024\" height=\"683\" src=\"https:\/\/diariodominicano.com\/wp-content\/uploads\/2024\/08\/BPD002-1024x683.jpg\" alt=\"\" class=\"wp-image-555689\" srcset=\"https:\/\/diariodominicano.com\/wp-content\/uploads\/2024\/08\/BPD002-1024x683.jpg 1024w, https:\/\/diariodominicano.com\/wp-content\/uploads\/2024\/08\/BPD002-300x200.jpg 300w, https:\/\/diariodominicano.com\/wp-content\/uploads\/2024\/08\/BPD002-768x512.jpg 768w, https:\/\/diariodominicano.com\/wp-content\/uploads\/2024\/08\/BPD002-1536x1024.jpg 1536w, https:\/\/diariodominicano.com\/wp-content\/uploads\/2024\/08\/BPD002-2048x1365.jpg 2048w, https:\/\/diariodominicano.com\/wp-content\/uploads\/2024\/08\/BPD002-816x544.jpg 816w\" sizes=\"auto, (max-width: 1024px) 100vw, 1024px\" \/><\/figure>\n\n\n\n<p>La charla se imparti\u00f3 en el Aula Popular en Barna Managment School.<\/p>\n\n\n\n<figure class=\"wp-block-image size-large\"><img loading=\"lazy\" decoding=\"async\" width=\"1024\" height=\"683\" src=\"https:\/\/diariodominicano.com\/wp-content\/uploads\/2024\/08\/BPD003-1024x683.jpg\" alt=\"\" class=\"wp-image-555695\" srcset=\"https:\/\/diariodominicano.com\/wp-content\/uploads\/2024\/08\/BPD003-1024x683.jpg 1024w, https:\/\/diariodominicano.com\/wp-content\/uploads\/2024\/08\/BPD003-300x200.jpg 300w, https:\/\/diariodominicano.com\/wp-content\/uploads\/2024\/08\/BPD003-768x512.jpg 768w, https:\/\/diariodominicano.com\/wp-content\/uploads\/2024\/08\/BPD003-1536x1024.jpg 1536w, https:\/\/diariodominicano.com\/wp-content\/uploads\/2024\/08\/BPD003-2048x1365.jpg 2048w, https:\/\/diariodominicano.com\/wp-content\/uploads\/2024\/08\/BPD003-816x544.jpg 816w\" sizes=\"auto, (max-width: 1024px) 100vw, 1024px\" \/><\/figure>\n\n\n\n<p>La charla forma parte del programa de educaci\u00f3n financiera Finanzas con Prop\u00f3sito, del Banco Popular Dominicano.<\/p>\n\n\n\n<p>La charla, que fue impartida por la coach financiera Pamela Pichardo, tuvo lugar en el Aula Popular de Barna Management School y en ella se ofrecieron consejos pr\u00e1cticos y estrategias efectivas para una mejor gesti\u00f3n del presupuesto mensual, enfatizando la importancia de esta herramienta esencial para construir unas sanas finanzas personales.<\/p>\n\n\n\n<figure class=\"wp-block-image size-large\"><img loading=\"lazy\" decoding=\"async\" width=\"683\" height=\"1024\" src=\"https:\/\/diariodominicano.com\/wp-content\/uploads\/2024\/08\/AND01538-683x1024.jpg\" alt=\"\" class=\"wp-image-555697\" srcset=\"https:\/\/diariodominicano.com\/wp-content\/uploads\/2024\/08\/AND01538-683x1024.jpg 683w, https:\/\/diariodominicano.com\/wp-content\/uploads\/2024\/08\/AND01538-200x300.jpg 200w, https:\/\/diariodominicano.com\/wp-content\/uploads\/2024\/08\/AND01538-768x1152.jpg 768w, https:\/\/diariodominicano.com\/wp-content\/uploads\/2024\/08\/AND01538-1024x1536.jpg 1024w, https:\/\/diariodominicano.com\/wp-content\/uploads\/2024\/08\/AND01538-1365x2048.jpg 1365w, https:\/\/diariodominicano.com\/wp-content\/uploads\/2024\/08\/AND01538-816x1224.jpg 816w, https:\/\/diariodominicano.com\/wp-content\/uploads\/2024\/08\/AND01538-scaled.jpg 1707w\" sizes=\"auto, (max-width: 683px) 100vw, 683px\" \/><\/figure>\n\n\n\n<p> El se\u00f1or Esteban Martinez-Murga, vicepresidente de \u00c1rea de Comunicaci\u00f3n y Reputaci\u00f3n Corporativa.<\/p>\n\n\n\n<p>El se\u00f1or Esteban Mart\u00ednez-Murga, vicepresidente del \u00c1rea de Comunicaci\u00f3n y Reputaci\u00f3n Corporativa del Banco Popular, destac\u00f3 la labor del Popular de&nbsp;promover la alfabetizaci\u00f3n financiera y la inclusi\u00f3n econ\u00f3mica como motores de transformaci\u00f3n positiva para la sociedad dominicana.<\/p>\n\n\n\n<figure class=\"wp-block-image size-large\"><img loading=\"lazy\" decoding=\"async\" width=\"1024\" height=\"683\" src=\"https:\/\/diariodominicano.com\/wp-content\/uploads\/2024\/08\/AND01656-1024x683.jpg\" alt=\"\" class=\"wp-image-555691\" srcset=\"https:\/\/diariodominicano.com\/wp-content\/uploads\/2024\/08\/AND01656-1024x683.jpg 1024w, https:\/\/diariodominicano.com\/wp-content\/uploads\/2024\/08\/AND01656-300x200.jpg 300w, https:\/\/diariodominicano.com\/wp-content\/uploads\/2024\/08\/AND01656-768x512.jpg 768w, https:\/\/diariodominicano.com\/wp-content\/uploads\/2024\/08\/AND01656-1536x1024.jpg 1536w, https:\/\/diariodominicano.com\/wp-content\/uploads\/2024\/08\/AND01656-2048x1365.jpg 2048w, https:\/\/diariodominicano.com\/wp-content\/uploads\/2024\/08\/AND01656-816x544.jpg 816w\" sizes=\"auto, (max-width: 1024px) 100vw, 1024px\" \/><\/figure>\n\n\n\n<p>\u201cDurante 60 a\u00f1os, en el Banco Popular hemos trabajado no solo para ofrecer productos y servicios de calidad, sino tambi\u00e9n para brindar herramientas que permitan a la poblaci\u00f3n crecer de manera integral y sostenible,\u201d expres\u00f3.<\/p>\n\n\n\n<p><strong>Ahorro, la base del desarrollo<\/strong><\/p>\n\n\n\n<p>En el abordaje de la charla, la coach Pamela Pichardo comparti\u00f3 estrategias efectivas para gestionar ingresos y maximizar el ahorro y la inversi\u00f3n. La sesi\u00f3n destac\u00f3 la importancia de adoptar el h\u00e1bito del ahorro, contempl\u00e1ndolo como una partida dentro del presupuesto.<\/p>\n\n\n\n<p>Asimismo, detall\u00f3 c\u00f3mo los consumidores pueden utilizar herramientas como el&nbsp;<em>cashback<\/em>&nbsp;o reembolso en tarjetas de cr\u00e9dito para maximizar sus recursos. Adem\u00e1s, se discutieron las diferencias entre necesidades y deseos, y c\u00f3mo estos conceptos influyen en el manejo de los gastos fijos y variables.<br><br>Finalmente, se explor\u00f3 el mundo de las inversiones, presentando a los asistentes diversos productos financieros, desde cuentas de ahorro e instrumentos de renta fija hasta opciones de inversi\u00f3n en el mercado de valores, subrayando la importancia de educarse continuamente en finanzas para tomar decisiones de inversi\u00f3n informadas y estrat\u00e9gicas que aseguren un crecimiento financiero sostenible.&nbsp;<\/p>\n\n\n\n<p>EDIMENGRID ABREU ABREU<\/p>\n\n\n\n<p>EDIMENGRID ABREU ABREU ()<\/p>\n\n\n\n<p><a href=\"mailto:edabreu@bpd.com.do\" target=\"_blank\" rel=\"noreferrer noopener\">edabreu@bpd.com.do<\/a>  <\/p>\n","protected":false},"excerpt":{"rendered":"<p>Los participantes de la charla profundizaron en c\u00f3mo gestionar sus gastos fijos y variables de manera efectiva. La actividad se enmarca en el programa \u201cFinanzas con Prop\u00f3sito\u201d La se\u00f1ora Pamela Pichardo, coach financiera. Santo Domingo, D.N. \u2013 El Banco Popular Dominicano ofreci\u00f3 la charla \u201cS\u00e1cale el m\u00e1ximo provecho a tu presupuesto mensual\u201d, parte de su [&hellip;]<\/p>\n","protected":false},"author":2,"featured_media":555683,"comment_status":"closed","ping_status":"closed","sticky":true,"template":"","format":"standard","meta":{"footnotes":""},"categories":[20,18,27],"tags":[],"class_list":["post-555682","post","type-post","status-publish","format-standard","has-post-thumbnail","hentry","category-dominicana-hoy","category-economia","category-portada"],"_links":{"self":[{"href":"https:\/\/diariodominicano.com\/index.php?rest_route=\/wp\/v2\/posts\/555682","targetHints":{"allow":["GET"]}}],"collection":[{"href":"https:\/\/diariodominicano.com\/index.php?rest_route=\/wp\/v2\/posts"}],"about":[{"href":"https:\/\/diariodominicano.com\/index.php?rest_route=\/wp\/v2\/types\/post"}],"author":[{"embeddable":true,"href":"https:\/\/diariodominicano.com\/index.php?rest_route=\/wp\/v2\/users\/2"}],"replies":[{"embeddable":true,"href":"https:\/\/diariodominicano.com\/index.php?rest_route=%2Fwp%2Fv2%2Fcomments&post=555682"}],"version-history":[{"count":7,"href":"https:\/\/diariodominicano.com\/index.php?rest_route=\/wp\/v2\/posts\/555682\/revisions"}],"predecessor-version":[{"id":555706,"href":"https:\/\/diariodominicano.com\/index.php?rest_route=\/wp\/v2\/posts\/555682\/revisions\/555706"}],"wp:featuredmedia":[{"embeddable":true,"href":"https:\/\/diariodominicano.com\/index.php?rest_route=\/wp\/v2\/media\/555683"}],"wp:attachment":[{"href":"https:\/\/diariodominicano.com\/index.php?rest_route=%2Fwp%2Fv2%2Fmedia&parent=555682"}],"wp:term":[{"taxonomy":"category","embeddable":true,"href":"https:\/\/diariodominicano.com\/index.php?rest_route=%2Fwp%2Fv2%2Fcategories&post=555682"},{"taxonomy":"post_tag","embeddable":true,"href":"https:\/\/diariodominicano.com\/index.php?rest_route=%2Fwp%2Fv2%2Ftags&post=555682"}],"curies":[{"name":"wp","href":"https:\/\/api.w.org\/{rel}","templated":true}]}}