{"id":555641,"date":"2024-08-30T19:13:31","date_gmt":"2024-08-30T23:13:31","guid":{"rendered":"https:\/\/diariodominicano.com\/?p=555641"},"modified":"2024-08-31T00:30:39","modified_gmt":"2024-08-31T04:30:39","slug":"el-reino-de-espana-concede-extradicion-de-edwin-ventura-de-los-santos-a-republica-dominicana","status":"publish","type":"post","link":"https:\/\/diariodominicano.com\/?p=555641","title":{"rendered":"El Reino de Espa\u00f1a concede extradici\u00f3n de Edwin Ventura de los Santos a Rep\u00fablica Dominicana"},"content":{"rendered":"\n<p><em><u>Ser\u00e1 procesado en tribunales dominicanos por homicidio voluntario<\/u><\/em><\/p>\n\n\n\n<p><strong>Santo Domingo (R.D.), viernes, 30 de agosto de 2024.<\/strong>&nbsp;Al acoger una petici\u00f3n de las autoridades de Rep\u00fablica Dominicana, el Reino de Espa\u00f1a concedi\u00f3 la extradici\u00f3n de Edwin Ventura de los Santos, quien ser\u00e1 procesado por homicidio voluntario en el pa\u00eds.<\/p>\n\n\n\n<p>El pasado 25 de junio de 2024, el Consejo de Ministros de Espa\u00f1a autoriz\u00f3 la entrega de&nbsp; Ventura de los Santos a las autoridades dominicanas. Previo a la decisi\u00f3n de dicho consejo, la extradici\u00f3n fue declarada con lugar por el Juzgado Central de Instrucci\u00f3n No. 1, mediante el Auto No. 0024\/2024, de fecha 6 de junio de 2024.<\/p>\n\n\n\n<p>Ventura de los Santos, quien fue arrestado por las autoridades espa\u00f1olas el 27 de marzo de 2024, en virtud de una Orden Internacional de Arresto, ser\u00e1 procesado por el homicidio voluntario del se\u00f1or Gilberto Fr\u00edas, hecho punible tipificado y sancionado por los art\u00edculos 295 y 304 del C\u00f3digo Penal Dominicano.<\/p>\n\n\n\n<p>La Direcci\u00f3n de Cooperaci\u00f3n Jur\u00eddica Internacional y Derechos Humanos, conjuntamente con la Fiscal\u00eda de San Francisco de Macor\u00eds, provincia Duarte, realiz\u00f3 las actuaciones previstas en el Tratado de Extradici\u00f3n y Asistencia Judicial en Materia Penal suscrito entre Espa\u00f1a y la Rep\u00fablica Dominicana, para lograr la extradici\u00f3n de dicho ciudadano dominicano, quien ser\u00e1 trasladado la pr\u00f3xima semana al pa\u00eds, bajo custodia de agentes de la Oficina Central de Interpol-Santo Domingo.<\/p>\n","protected":false},"excerpt":{"rendered":"<p>Ser\u00e1 procesado en tribunales dominicanos por homicidio voluntario Santo Domingo (R.D.), viernes, 30 de agosto de 2024.&nbsp;Al acoger una petici\u00f3n de las autoridades de Rep\u00fablica Dominicana, el Reino de Espa\u00f1a concedi\u00f3 la extradici\u00f3n de Edwin Ventura de los Santos, quien ser\u00e1 procesado por homicidio voluntario en el pa\u00eds. El pasado 25 de junio de 2024, [&hellip;]<\/p>\n","protected":false},"author":7,"featured_media":492008,"comment_status":"closed","ping_status":"closed","sticky":false,"template":"","format":"standard","meta":{"footnotes":""},"categories":[24],"tags":[],"class_list":["post-555641","post","type-post","status-publish","format-standard","has-post-thumbnail","hentry","category-justicia-y-derecho"],"_links":{"self":[{"href":"https:\/\/diariodominicano.com\/index.php?rest_route=\/wp\/v2\/posts\/555641","targetHints":{"allow":["GET"]}}],"collection":[{"href":"https:\/\/diariodominicano.com\/index.php?rest_route=\/wp\/v2\/posts"}],"about":[{"href":"https:\/\/diariodominicano.com\/index.php?rest_route=\/wp\/v2\/types\/post"}],"author":[{"embeddable":true,"href":"https:\/\/diariodominicano.com\/index.php?rest_route=\/wp\/v2\/users\/7"}],"replies":[{"embeddable":true,"href":"https:\/\/diariodominicano.com\/index.php?rest_route=%2Fwp%2Fv2%2Fcomments&post=555641"}],"version-history":[{"count":1,"href":"https:\/\/diariodominicano.com\/index.php?rest_route=\/wp\/v2\/posts\/555641\/revisions"}],"predecessor-version":[{"id":555642,"href":"https:\/\/diariodominicano.com\/index.php?rest_route=\/wp\/v2\/posts\/555641\/revisions\/555642"}],"wp:featuredmedia":[{"embeddable":true,"href":"https:\/\/diariodominicano.com\/index.php?rest_route=\/wp\/v2\/media\/492008"}],"wp:attachment":[{"href":"https:\/\/diariodominicano.com\/index.php?rest_route=%2Fwp%2Fv2%2Fmedia&parent=555641"}],"wp:term":[{"taxonomy":"category","embeddable":true,"href":"https:\/\/diariodominicano.com\/index.php?rest_route=%2Fwp%2Fv2%2Fcategories&post=555641"},{"taxonomy":"post_tag","embeddable":true,"href":"https:\/\/diariodominicano.com\/index.php?rest_route=%2Fwp%2Fv2%2Ftags&post=555641"}],"curies":[{"name":"wp","href":"https:\/\/api.w.org\/{rel}","templated":true}]}}