{"id":555608,"date":"2024-08-30T18:13:11","date_gmt":"2024-08-30T22:13:11","guid":{"rendered":"https:\/\/diariodominicano.com\/?p=555608"},"modified":"2025-03-31T22:00:41","modified_gmt":"2025-04-01T02:00:41","slug":"ex-diputado-rafael-mendez-pide-a-nueva-titular-del-idecoop-revisar-miles-incorporacion-de-cooperativas-formadas-al-vapor","status":"publish","type":"post","link":"https:\/\/diariodominicano.com\/?p=555608","title":{"rendered":"Ex diputado Rafael M\u00e9ndez pide a nueva titular del Idecoop revisar miles incorporaci\u00f3n de cooperativas formadas al vapor"},"content":{"rendered":"\n<p>\u201cSe incorporaron sin pasar por ning\u00fan estudio de factibilidad, con lo enga\u00f1aron hasta al propio presidente Luis Abinader, para hacerle creer que trabajaban como nunca se hab\u00eda hecho desde el ente estatal\u201d.<\/p>\n\n\n\n<p>NEIBA: El ex diputado Rafael M\u00e9ndez, quien tambi\u00e9n fuera presidente-administrador del IDECOOP, pidi\u00f3 a la nueva titular del organismo, la licenciada Maritza L\u00f3pez, revisar los miles de decretos de incorporaci\u00f3n de cooperativas que de forma alegre, demag\u00f3gica y politiquera se crearon en la gesti\u00f3n del reci\u00e9n destituido incumbente de la instituci\u00f3n.<\/p>\n\n\n\n<p>M\u00e9ndez consider\u00f3 que fue tan aberrante el proceso de formaci\u00f3n y de incorporaci\u00f3n de miles de cooperativas que no se cumplieron los m\u00e1s elementales procesos que tradicionalmente se siguen, \u201csin ning\u00fan estudio de factibilidad, con lo que enga\u00f1aron hasta al propio presidente Luis Abinader, haci\u00e9ndole creer que trabajaban como nunca se hab\u00eda hecho desde el ente estatal\u201d.<\/p>\n\n\n\n<p>Seg\u00fan el pasado legislador por la Provincia Bahoruco, se lleg\u00f3 al aberrante y enga\u00f1oso extremo de celebrar m\u00e1s 40 asambleas constituyentes de cooperativas en un mismo sal\u00f3n, el mismo d\u00eda, y a la misma hora, \u201cevento al que se deb\u00eda arribar luego de pasar por un proceso que conllevaba estudio de factibilidad, de formaci\u00f3n de los potenciales socios, organizaci\u00f3n, y como fase final, la incorporaci\u00f3n\u201d \u00b7<\/p>\n\n\n\n<p>\u201cDe esa manera se desautorizo la correcta orientaci\u00f3n del presidente Abinader de que se formen cooperativas que integren a diversos sectores de la producci\u00f3n y de los servicios, pero la pasada gesti\u00f3n del Idecoop la aplic\u00f3 de manera populista y demag\u00f3gica, s\u00f3lo por el inter\u00e9s de demostrar que en el ente estatal se estaba trabajando\u201d, expres\u00f3.<\/p>\n\n\n\n<p>Lissy G\u00f3mez <a href=\"mailto:lissymgomez1995@gmail.com\" target=\"_blank\" rel=\"noreferrer noopener\">lissymgomez1995@gmail.com<\/a> <\/p>\n","protected":false},"excerpt":{"rendered":"<p>\u201cSe incorporaron sin pasar por ning\u00fan estudio de factibilidad, con lo enga\u00f1aron hasta al propio presidente Luis Abinader, para hacerle creer que trabajaban como nunca se hab\u00eda hecho desde el ente estatal\u201d. NEIBA: El ex diputado Rafael M\u00e9ndez, quien tambi\u00e9n fuera presidente-administrador del IDECOOP, pidi\u00f3 a la nueva titular del organismo, la licenciada Maritza L\u00f3pez, [&hellip;]<\/p>\n","protected":false},"author":7,"featured_media":0,"comment_status":"closed","ping_status":"closed","sticky":false,"template":"","format":"standard","meta":{"footnotes":""},"categories":[16],"tags":[178],"class_list":["post-555608","post","type-post","status-publish","format-standard","hentry","category-opiniones","tag-rafael-mendez"],"_links":{"self":[{"href":"https:\/\/diariodominicano.com\/index.php?rest_route=\/wp\/v2\/posts\/555608","targetHints":{"allow":["GET"]}}],"collection":[{"href":"https:\/\/diariodominicano.com\/index.php?rest_route=\/wp\/v2\/posts"}],"about":[{"href":"https:\/\/diariodominicano.com\/index.php?rest_route=\/wp\/v2\/types\/post"}],"author":[{"embeddable":true,"href":"https:\/\/diariodominicano.com\/index.php?rest_route=\/wp\/v2\/users\/7"}],"replies":[{"embeddable":true,"href":"https:\/\/diariodominicano.com\/index.php?rest_route=%2Fwp%2Fv2%2Fcomments&post=555608"}],"version-history":[{"count":1,"href":"https:\/\/diariodominicano.com\/index.php?rest_route=\/wp\/v2\/posts\/555608\/revisions"}],"predecessor-version":[{"id":555628,"href":"https:\/\/diariodominicano.com\/index.php?rest_route=\/wp\/v2\/posts\/555608\/revisions\/555628"}],"wp:attachment":[{"href":"https:\/\/diariodominicano.com\/index.php?rest_route=%2Fwp%2Fv2%2Fmedia&parent=555608"}],"wp:term":[{"taxonomy":"category","embeddable":true,"href":"https:\/\/diariodominicano.com\/index.php?rest_route=%2Fwp%2Fv2%2Fcategories&post=555608"},{"taxonomy":"post_tag","embeddable":true,"href":"https:\/\/diariodominicano.com\/index.php?rest_route=%2Fwp%2Fv2%2Ftags&post=555608"}],"curies":[{"name":"wp","href":"https:\/\/api.w.org\/{rel}","templated":true}]}}