{"id":555607,"date":"2024-08-30T18:14:08","date_gmt":"2024-08-30T22:14:08","guid":{"rendered":"https:\/\/diariodominicano.com\/?p=555607"},"modified":"2024-08-30T18:14:10","modified_gmt":"2024-08-30T22:14:10","slug":"docmedia-inaugura-nuevas-instalaciones-y-expande-ofertas-de-servicios","status":"publish","type":"post","link":"https:\/\/diariodominicano.com\/?p=555607","title":{"rendered":"DocMedia inaugura nuevas instalaciones y expande ofertas de servicios"},"content":{"rendered":"\n<p><strong>Santo Domingo. \u2013<\/strong>&nbsp;DocMedia, agencia especializada en comunicaci\u00f3n y publicidad m\u00e9dica, celebr\u00f3 su s\u00e9ptimo aniversario con la inauguraci\u00f3n de sus nuevas instalaciones, evento que no solo marc\u00f3 un hito en la historia de la agencia, sino que tambi\u00e9n reflej\u00f3 su constante crecimiento y el firme compromiso con la excelencia en el sector salud.<\/p>\n\n\n\n<p>Nijshme Mascar\u00f3, fundadora de DocMedia, destac\u00f3 la trayectoria de la agencia desde sus inicios, se\u00f1alando que la misi\u00f3n siempre ha sido transformar la comunicaci\u00f3n en el sector salud para que no solo informe, sino que tambi\u00e9n inspire y tenga un impacto real en la vida de las personas.<\/p>\n\n\n\n<figure class=\"wp-block-gallery has-nested-images columns-default is-cropped wp-block-gallery-1 is-layout-flex wp-block-gallery-is-layout-flex\">\n<figure class=\"wp-block-image size-large\"><img loading=\"lazy\" decoding=\"async\" width=\"606\" height=\"1024\" data-id=\"555623\" src=\"https:\/\/diariodominicano.com\/wp-content\/uploads\/2024\/08\/Nijshme-Mascaro-y-Jhean-Sanchez-606x1024.jpg\" alt=\"\" class=\"wp-image-555623\" srcset=\"https:\/\/diariodominicano.com\/wp-content\/uploads\/2024\/08\/Nijshme-Mascaro-y-Jhean-Sanchez-606x1024.jpg 606w, https:\/\/diariodominicano.com\/wp-content\/uploads\/2024\/08\/Nijshme-Mascaro-y-Jhean-Sanchez-178x300.jpg 178w, https:\/\/diariodominicano.com\/wp-content\/uploads\/2024\/08\/Nijshme-Mascaro-y-Jhean-Sanchez-768x1298.jpg 768w, https:\/\/diariodominicano.com\/wp-content\/uploads\/2024\/08\/Nijshme-Mascaro-y-Jhean-Sanchez-909x1536.jpg 909w, https:\/\/diariodominicano.com\/wp-content\/uploads\/2024\/08\/Nijshme-Mascaro-y-Jhean-Sanchez-1212x2048.jpg 1212w, https:\/\/diariodominicano.com\/wp-content\/uploads\/2024\/08\/Nijshme-Mascaro-y-Jhean-Sanchez-816x1379.jpg 816w, https:\/\/diariodominicano.com\/wp-content\/uploads\/2024\/08\/Nijshme-Mascaro-y-Jhean-Sanchez-scaled.jpg 1515w\" sizes=\"auto, (max-width: 606px) 100vw, 606px\" \/><figcaption class=\"wp-element-caption\">Nijshme Mascar\u00f3 y Jhean S\u00e1nchez <\/figcaption><\/figure>\n\n\n\n<figure class=\"wp-block-image size-large\"><img loading=\"lazy\" decoding=\"async\" width=\"683\" height=\"1024\" data-id=\"555627\" src=\"https:\/\/diariodominicano.com\/wp-content\/uploads\/2024\/08\/Yamiris-Delgado-y-Carolina-Tolentino-683x1024.jpg\" alt=\"\" class=\"wp-image-555627\" srcset=\"https:\/\/diariodominicano.com\/wp-content\/uploads\/2024\/08\/Yamiris-Delgado-y-Carolina-Tolentino-683x1024.jpg 683w, https:\/\/diariodominicano.com\/wp-content\/uploads\/2024\/08\/Yamiris-Delgado-y-Carolina-Tolentino-200x300.jpg 200w, https:\/\/diariodominicano.com\/wp-content\/uploads\/2024\/08\/Yamiris-Delgado-y-Carolina-Tolentino-768x1152.jpg 768w, https:\/\/diariodominicano.com\/wp-content\/uploads\/2024\/08\/Yamiris-Delgado-y-Carolina-Tolentino-1024x1536.jpg 1024w, https:\/\/diariodominicano.com\/wp-content\/uploads\/2024\/08\/Yamiris-Delgado-y-Carolina-Tolentino-1365x2048.jpg 1365w, https:\/\/diariodominicano.com\/wp-content\/uploads\/2024\/08\/Yamiris-Delgado-y-Carolina-Tolentino-816x1224.jpg 816w, https:\/\/diariodominicano.com\/wp-content\/uploads\/2024\/08\/Yamiris-Delgado-y-Carolina-Tolentino-scaled.jpg 1707w\" sizes=\"auto, (max-width: 683px) 100vw, 683px\" \/><figcaption class=\"wp-element-caption\">Yamiris Delgado y Carolina Tolentino <\/figcaption><\/figure>\n<\/figure>\n\n\n\n<p>\u201cDocMedia naci\u00f3 con la visi\u00f3n de ser m\u00e1s que una agencia de comunicaci\u00f3n. Somos un equipo comprometido en elevar la calidad de la publicidad m\u00e9dica, creando mensajes que conecten de manera aut\u00e9ntica y efectiva,\u201d expres\u00f3 con orgullo.<\/p>\n\n\n\n<p>A su entender, con la apertura de las nuevas instalaciones, esta agencia ampl\u00eda su oferta de servicios para incluir producci\u00f3n audiovisual avanzada, estrategias digitales multiplataforma, branding, gesti\u00f3n de redes sociales, producci\u00f3n de podcasts y video entrevistas, log\u00edstica y montaje de eventos, as\u00ed como dise\u00f1o editorial. \u201cEstas adiciones tienen como objetivo fortalecer la presencia y la comunicaci\u00f3n en el \u00e1mbito de la salud, respondiendo a las demandas actuales del mercado\u201d.<\/p>\n\n\n\n<figure class=\"wp-block-gallery has-nested-images columns-default is-cropped wp-block-gallery-2 is-layout-flex wp-block-gallery-is-layout-flex\">\n<figure class=\"wp-block-image size-large\"><img loading=\"lazy\" decoding=\"async\" width=\"683\" height=\"1024\" data-id=\"555620\" src=\"https:\/\/diariodominicano.com\/wp-content\/uploads\/2024\/08\/Jose-Miguel-Mascaro-y-Karen-Mascaro-683x1024.jpg\" alt=\"\" class=\"wp-image-555620\" srcset=\"https:\/\/diariodominicano.com\/wp-content\/uploads\/2024\/08\/Jose-Miguel-Mascaro-y-Karen-Mascaro-683x1024.jpg 683w, https:\/\/diariodominicano.com\/wp-content\/uploads\/2024\/08\/Jose-Miguel-Mascaro-y-Karen-Mascaro-200x300.jpg 200w, https:\/\/diariodominicano.com\/wp-content\/uploads\/2024\/08\/Jose-Miguel-Mascaro-y-Karen-Mascaro-768x1152.jpg 768w, https:\/\/diariodominicano.com\/wp-content\/uploads\/2024\/08\/Jose-Miguel-Mascaro-y-Karen-Mascaro-1024x1536.jpg 1024w, https:\/\/diariodominicano.com\/wp-content\/uploads\/2024\/08\/Jose-Miguel-Mascaro-y-Karen-Mascaro-1365x2048.jpg 1365w, https:\/\/diariodominicano.com\/wp-content\/uploads\/2024\/08\/Jose-Miguel-Mascaro-y-Karen-Mascaro-816x1224.jpg 816w, https:\/\/diariodominicano.com\/wp-content\/uploads\/2024\/08\/Jose-Miguel-Mascaro-y-Karen-Mascaro-scaled.jpg 1707w\" sizes=\"auto, (max-width: 683px) 100vw, 683px\" \/><figcaption class=\"wp-element-caption\">Jos\u00e9 Miguel Mascar\u00f3 y Karen Mascar\u00f3 <\/figcaption><\/figure>\n\n\n\n<figure class=\"wp-block-image size-large\"><img loading=\"lazy\" decoding=\"async\" width=\"683\" height=\"1024\" data-id=\"555619\" src=\"https:\/\/diariodominicano.com\/wp-content\/uploads\/2024\/08\/Hector-Ramirez-y-Gibey-Plourde-683x1024.jpg\" alt=\"\" class=\"wp-image-555619\" srcset=\"https:\/\/diariodominicano.com\/wp-content\/uploads\/2024\/08\/Hector-Ramirez-y-Gibey-Plourde-683x1024.jpg 683w, https:\/\/diariodominicano.com\/wp-content\/uploads\/2024\/08\/Hector-Ramirez-y-Gibey-Plourde-200x300.jpg 200w, https:\/\/diariodominicano.com\/wp-content\/uploads\/2024\/08\/Hector-Ramirez-y-Gibey-Plourde-768x1152.jpg 768w, https:\/\/diariodominicano.com\/wp-content\/uploads\/2024\/08\/Hector-Ramirez-y-Gibey-Plourde-1024x1536.jpg 1024w, https:\/\/diariodominicano.com\/wp-content\/uploads\/2024\/08\/Hector-Ramirez-y-Gibey-Plourde-1366x2048.jpg 1366w, https:\/\/diariodominicano.com\/wp-content\/uploads\/2024\/08\/Hector-Ramirez-y-Gibey-Plourde-816x1224.jpg 816w, https:\/\/diariodominicano.com\/wp-content\/uploads\/2024\/08\/Hector-Ramirez-y-Gibey-Plourde-scaled.jpg 1707w\" sizes=\"auto, (max-width: 683px) 100vw, 683px\" \/><figcaption class=\"wp-element-caption\">H\u00e9ctor Ram\u00edrez y Gibey Plourde <\/figcaption><\/figure>\n<\/figure>\n\n\n\n<p>Mascar\u00f3 aprovech\u00f3 la ocasi\u00f3n para expresar su m\u00e1s sincero agradecimiento a HS Medical Center y al Condominio Medicalnet, aliados clave en la trayectoria de DocMedia, por su confianza y respaldo continuo, esenciales para el \u00e9xito de sus proyectos conjuntos.<\/p>\n\n\n\n<p>De igual manera, expres\u00f3 su agradecimiento a todos los profesionales de la salud, centros m\u00e9dicos, farmac\u00e9uticas y laboratorios que han confiado en DocMedia desde el principio, as\u00ed como a aquellos que se han unido recientemente a la familia de DocMedia.<\/p>\n\n\n\n<figure class=\"wp-block-gallery has-nested-images columns-default is-cropped wp-block-gallery-3 is-layout-flex wp-block-gallery-is-layout-flex\">\n<figure class=\"wp-block-image size-large\"><img loading=\"lazy\" decoding=\"async\" width=\"969\" height=\"1024\" data-id=\"555618\" src=\"https:\/\/diariodominicano.com\/wp-content\/uploads\/2024\/08\/Francisco-Jose-Garcia-Berenice-Joga-de-Garcia-Carolina-Aquino-y-Alexander-Montes-de-Oca-969x1024.jpg\" alt=\"\" class=\"wp-image-555618\" srcset=\"https:\/\/diariodominicano.com\/wp-content\/uploads\/2024\/08\/Francisco-Jose-Garcia-Berenice-Joga-de-Garcia-Carolina-Aquino-y-Alexander-Montes-de-Oca-969x1024.jpg 969w, https:\/\/diariodominicano.com\/wp-content\/uploads\/2024\/08\/Francisco-Jose-Garcia-Berenice-Joga-de-Garcia-Carolina-Aquino-y-Alexander-Montes-de-Oca-284x300.jpg 284w, https:\/\/diariodominicano.com\/wp-content\/uploads\/2024\/08\/Francisco-Jose-Garcia-Berenice-Joga-de-Garcia-Carolina-Aquino-y-Alexander-Montes-de-Oca-768x811.jpg 768w, https:\/\/diariodominicano.com\/wp-content\/uploads\/2024\/08\/Francisco-Jose-Garcia-Berenice-Joga-de-Garcia-Carolina-Aquino-y-Alexander-Montes-de-Oca-1454x1536.jpg 1454w, https:\/\/diariodominicano.com\/wp-content\/uploads\/2024\/08\/Francisco-Jose-Garcia-Berenice-Joga-de-Garcia-Carolina-Aquino-y-Alexander-Montes-de-Oca-1938x2048.jpg 1938w, https:\/\/diariodominicano.com\/wp-content\/uploads\/2024\/08\/Francisco-Jose-Garcia-Berenice-Joga-de-Garcia-Carolina-Aquino-y-Alexander-Montes-de-Oca-816x862.jpg 816w\" sizes=\"auto, (max-width: 969px) 100vw, 969px\" \/><figcaption class=\"wp-element-caption\">Francisco Jos\u00e9 Garc\u00eda, Berenice Joga de Garc\u00eda, Carolina Aquino y Alexander Montes de Oca <\/figcaption><\/figure>\n<\/figure>\n\n\n\n<p>\u00abHoy celebramos no solo un espacio f\u00edsico, sino un logro colectivo. Un logro que hemos construido juntos, con amor, dedicaci\u00f3n y un profundo compromiso con la excelencia\u00bb, finaliz\u00f3.<\/p>\n\n\n\n<figure class=\"wp-block-gallery has-nested-images columns-default is-cropped wp-block-gallery-4 is-layout-flex wp-block-gallery-is-layout-flex\">\n<figure class=\"wp-block-image size-large\"><img loading=\"lazy\" decoding=\"async\" width=\"683\" height=\"1024\" data-id=\"555617\" src=\"https:\/\/diariodominicano.com\/wp-content\/uploads\/2024\/08\/Eliana-Toral-y-Mechy-Lama-683x1024.jpg\" alt=\"\" class=\"wp-image-555617\" srcset=\"https:\/\/diariodominicano.com\/wp-content\/uploads\/2024\/08\/Eliana-Toral-y-Mechy-Lama-683x1024.jpg 683w, https:\/\/diariodominicano.com\/wp-content\/uploads\/2024\/08\/Eliana-Toral-y-Mechy-Lama-200x300.jpg 200w, https:\/\/diariodominicano.com\/wp-content\/uploads\/2024\/08\/Eliana-Toral-y-Mechy-Lama-768x1152.jpg 768w, https:\/\/diariodominicano.com\/wp-content\/uploads\/2024\/08\/Eliana-Toral-y-Mechy-Lama-1024x1536.jpg 1024w, https:\/\/diariodominicano.com\/wp-content\/uploads\/2024\/08\/Eliana-Toral-y-Mechy-Lama-1365x2048.jpg 1365w, https:\/\/diariodominicano.com\/wp-content\/uploads\/2024\/08\/Eliana-Toral-y-Mechy-Lama-816x1224.jpg 816w, https:\/\/diariodominicano.com\/wp-content\/uploads\/2024\/08\/Eliana-Toral-y-Mechy-Lama-scaled.jpg 1707w\" sizes=\"auto, (max-width: 683px) 100vw, 683px\" \/><figcaption class=\"wp-element-caption\">Eliana Toral y Mechy Lama <br><\/figcaption><\/figure>\n\n\n\n<figure class=\"wp-block-image size-large\"><img loading=\"lazy\" decoding=\"async\" width=\"913\" height=\"1024\" data-id=\"555626\" src=\"https:\/\/diariodominicano.com\/wp-content\/uploads\/2024\/08\/Vivian-Nunez-y-Melba-Marrero-913x1024.jpg\" alt=\"\" class=\"wp-image-555626\" srcset=\"https:\/\/diariodominicano.com\/wp-content\/uploads\/2024\/08\/Vivian-Nunez-y-Melba-Marrero-913x1024.jpg 913w, https:\/\/diariodominicano.com\/wp-content\/uploads\/2024\/08\/Vivian-Nunez-y-Melba-Marrero-267x300.jpg 267w, https:\/\/diariodominicano.com\/wp-content\/uploads\/2024\/08\/Vivian-Nunez-y-Melba-Marrero-768x862.jpg 768w, https:\/\/diariodominicano.com\/wp-content\/uploads\/2024\/08\/Vivian-Nunez-y-Melba-Marrero-1369x1536.jpg 1369w, https:\/\/diariodominicano.com\/wp-content\/uploads\/2024\/08\/Vivian-Nunez-y-Melba-Marrero-1825x2048.jpg 1825w, https:\/\/diariodominicano.com\/wp-content\/uploads\/2024\/08\/Vivian-Nunez-y-Melba-Marrero-816x915.jpg 816w\" sizes=\"auto, (max-width: 913px) 100vw, 913px\" \/><figcaption class=\"wp-element-caption\">Vivian N\u00fa\u00f1ez y Melba Marrero<\/figcaption><\/figure>\n<\/figure>\n\n\n\n<p><strong>Sobre DocMedia:<\/strong><\/p>\n\n\n\n<p>DocMedia es una agencia l\u00edder en comunicaci\u00f3n y publicidad m\u00e9dica en el sector salud, dedicada a ofrecer soluciones innovadoras y efectivas que conectan de manera aut\u00e9ntica con los profesionales y sus audiencias. Con siete a\u00f1os de experiencia, DocMedia se destaca por su enfoque humano y su capacidad de adaptarse a las demandas cambiantes del sector.<\/p>\n\n\n\n<figure class=\"wp-block-gallery has-nested-images columns-default is-cropped wp-block-gallery-5 is-layout-flex wp-block-gallery-is-layout-flex\">\n<figure class=\"wp-block-image size-large\"><img loading=\"lazy\" decoding=\"async\" width=\"561\" height=\"1024\" data-id=\"555625\" src=\"https:\/\/diariodominicano.com\/wp-content\/uploads\/2024\/08\/Rosleny-Reynoso-e-Indhira-Ovalles-561x1024.jpg\" alt=\"\" class=\"wp-image-555625\" srcset=\"https:\/\/diariodominicano.com\/wp-content\/uploads\/2024\/08\/Rosleny-Reynoso-e-Indhira-Ovalles-561x1024.jpg 561w, https:\/\/diariodominicano.com\/wp-content\/uploads\/2024\/08\/Rosleny-Reynoso-e-Indhira-Ovalles-164x300.jpg 164w, https:\/\/diariodominicano.com\/wp-content\/uploads\/2024\/08\/Rosleny-Reynoso-e-Indhira-Ovalles-768x1401.jpg 768w, https:\/\/diariodominicano.com\/wp-content\/uploads\/2024\/08\/Rosleny-Reynoso-e-Indhira-Ovalles-842x1536.jpg 842w, https:\/\/diariodominicano.com\/wp-content\/uploads\/2024\/08\/Rosleny-Reynoso-e-Indhira-Ovalles-1123x2048.jpg 1123w, https:\/\/diariodominicano.com\/wp-content\/uploads\/2024\/08\/Rosleny-Reynoso-e-Indhira-Ovalles-816x1488.jpg 816w, https:\/\/diariodominicano.com\/wp-content\/uploads\/2024\/08\/Rosleny-Reynoso-e-Indhira-Ovalles-scaled.jpg 1403w\" sizes=\"auto, (max-width: 561px) 100vw, 561px\" \/><figcaption class=\"wp-element-caption\">Rosleny Reynoso e Indhira Ovalles <\/figcaption><\/figure>\n\n\n\n<figure class=\"wp-block-image size-large\"><img loading=\"lazy\" decoding=\"async\" width=\"683\" height=\"1024\" data-id=\"555624\" src=\"https:\/\/diariodominicano.com\/wp-content\/uploads\/2024\/08\/Noelia-Montalvo-y-Laura-Mercedes-683x1024.jpg\" alt=\"\" class=\"wp-image-555624\" srcset=\"https:\/\/diariodominicano.com\/wp-content\/uploads\/2024\/08\/Noelia-Montalvo-y-Laura-Mercedes-683x1024.jpg 683w, https:\/\/diariodominicano.com\/wp-content\/uploads\/2024\/08\/Noelia-Montalvo-y-Laura-Mercedes-200x300.jpg 200w, https:\/\/diariodominicano.com\/wp-content\/uploads\/2024\/08\/Noelia-Montalvo-y-Laura-Mercedes-768x1152.jpg 768w, https:\/\/diariodominicano.com\/wp-content\/uploads\/2024\/08\/Noelia-Montalvo-y-Laura-Mercedes-1024x1536.jpg 1024w, https:\/\/diariodominicano.com\/wp-content\/uploads\/2024\/08\/Noelia-Montalvo-y-Laura-Mercedes-1365x2048.jpg 1365w, https:\/\/diariodominicano.com\/wp-content\/uploads\/2024\/08\/Noelia-Montalvo-y-Laura-Mercedes-816x1224.jpg 816w, https:\/\/diariodominicano.com\/wp-content\/uploads\/2024\/08\/Noelia-Montalvo-y-Laura-Mercedes.jpg 1368w\" sizes=\"auto, (max-width: 683px) 100vw, 683px\" \/><figcaption class=\"wp-element-caption\">Noelia Montalvo y Laura Mercedes <\/figcaption><\/figure>\n\n\n\n<figure class=\"wp-block-image size-large\"><img loading=\"lazy\" decoding=\"async\" width=\"683\" height=\"1024\" data-id=\"555622\" src=\"https:\/\/diariodominicano.com\/wp-content\/uploads\/2024\/08\/Maria-Teresa-Moreta-y-Ana-Paula-Medina-683x1024.jpg\" alt=\"\" class=\"wp-image-555622\" srcset=\"https:\/\/diariodominicano.com\/wp-content\/uploads\/2024\/08\/Maria-Teresa-Moreta-y-Ana-Paula-Medina-683x1024.jpg 683w, https:\/\/diariodominicano.com\/wp-content\/uploads\/2024\/08\/Maria-Teresa-Moreta-y-Ana-Paula-Medina-200x300.jpg 200w, https:\/\/diariodominicano.com\/wp-content\/uploads\/2024\/08\/Maria-Teresa-Moreta-y-Ana-Paula-Medina-768x1152.jpg 768w, https:\/\/diariodominicano.com\/wp-content\/uploads\/2024\/08\/Maria-Teresa-Moreta-y-Ana-Paula-Medina-1024x1536.jpg 1024w, https:\/\/diariodominicano.com\/wp-content\/uploads\/2024\/08\/Maria-Teresa-Moreta-y-Ana-Paula-Medina-1365x2048.jpg 1365w, https:\/\/diariodominicano.com\/wp-content\/uploads\/2024\/08\/Maria-Teresa-Moreta-y-Ana-Paula-Medina-816x1224.jpg 816w, https:\/\/diariodominicano.com\/wp-content\/uploads\/2024\/08\/Maria-Teresa-Moreta-y-Ana-Paula-Medina-scaled.jpg 1707w\" sizes=\"auto, (max-width: 683px) 100vw, 683px\" \/><figcaption class=\"wp-element-caption\">Mar\u00eda Teresa Moreta y Ana Paula Medina <\/figcaption><\/figure>\n\n\n\n<figure class=\"wp-block-image size-large\"><img loading=\"lazy\" decoding=\"async\" width=\"745\" height=\"1024\" data-id=\"555621\" src=\"https:\/\/diariodominicano.com\/wp-content\/uploads\/2024\/08\/Larissa-Perez-y-Maria-Lama-745x1024.jpg\" alt=\"\" class=\"wp-image-555621\" srcset=\"https:\/\/diariodominicano.com\/wp-content\/uploads\/2024\/08\/Larissa-Perez-y-Maria-Lama-745x1024.jpg 745w, https:\/\/diariodominicano.com\/wp-content\/uploads\/2024\/08\/Larissa-Perez-y-Maria-Lama-218x300.jpg 218w, https:\/\/diariodominicano.com\/wp-content\/uploads\/2024\/08\/Larissa-Perez-y-Maria-Lama-768x1056.jpg 768w, https:\/\/diariodominicano.com\/wp-content\/uploads\/2024\/08\/Larissa-Perez-y-Maria-Lama-1117x1536.jpg 1117w, https:\/\/diariodominicano.com\/wp-content\/uploads\/2024\/08\/Larissa-Perez-y-Maria-Lama-1489x2048.jpg 1489w, https:\/\/diariodominicano.com\/wp-content\/uploads\/2024\/08\/Larissa-Perez-y-Maria-Lama-816x1122.jpg 816w, https:\/\/diariodominicano.com\/wp-content\/uploads\/2024\/08\/Larissa-Perez-y-Maria-Lama-scaled.jpg 1862w\" sizes=\"auto, (max-width: 745px) 100vw, 745px\" \/><figcaption class=\"wp-element-caption\">Larissa P\u00e9rez y Mar\u00eda Lama <\/figcaption><\/figure>\n<\/figure>\n\n\n\n<p><em>Henry Coradin Relaciones P\u00fablicas &amp; Eventos<\/em><strong> <strong><a href=\"mailto:info@henrycoradin.do\" target=\"_blank\" rel=\"noreferrer noopener\">info@henrycoradin.do<\/a>\u00a0<br><\/strong><\/strong> <strong><strong><a href=\"https:\/\/www.facebook.com\/henrycoradinrelacionespublicas\/\" target=\"_blank\" rel=\"noreferrer noopener\">Facebook<\/a>\u00a0<a href=\"https:\/\/twitter.com\/HenryCoradinRP\" target=\"_blank\" rel=\"noreferrer noopener\">Twitter<\/a>\u00a0<a href=\"https:\/\/www.instagram.com\/henrycoradinrp\/\" target=\"_blank\" rel=\"noreferrer noopener\">Instagram<\/a><\/strong> <\/strong><\/p>\n","protected":false},"excerpt":{"rendered":"<p>Santo Domingo. \u2013&nbsp;DocMedia, agencia especializada en comunicaci\u00f3n y publicidad m\u00e9dica, celebr\u00f3 su s\u00e9ptimo aniversario con la inauguraci\u00f3n de sus nuevas instalaciones, evento que no solo marc\u00f3 un hito en la historia de la agencia, sino que tambi\u00e9n reflej\u00f3 su constante crecimiento y el firme compromiso con la excelencia en el sector salud. Nijshme Mascar\u00f3, fundadora [&hellip;]<\/p>\n","protected":false},"author":7,"featured_media":555616,"comment_status":"closed","ping_status":"closed","sticky":false,"template":"","format":"standard","meta":{"footnotes":""},"categories":[25],"tags":[],"class_list":["post-555607","post","type-post","status-publish","format-standard","has-post-thumbnail","hentry","category-gente"],"_links":{"self":[{"href":"https:\/\/diariodominicano.com\/index.php?rest_route=\/wp\/v2\/posts\/555607","targetHints":{"allow":["GET"]}}],"collection":[{"href":"https:\/\/diariodominicano.com\/index.php?rest_route=\/wp\/v2\/posts"}],"about":[{"href":"https:\/\/diariodominicano.com\/index.php?rest_route=\/wp\/v2\/types\/post"}],"author":[{"embeddable":true,"href":"https:\/\/diariodominicano.com\/index.php?rest_route=\/wp\/v2\/users\/7"}],"replies":[{"embeddable":true,"href":"https:\/\/diariodominicano.com\/index.php?rest_route=%2Fwp%2Fv2%2Fcomments&post=555607"}],"version-history":[{"count":1,"href":"https:\/\/diariodominicano.com\/index.php?rest_route=\/wp\/v2\/posts\/555607\/revisions"}],"predecessor-version":[{"id":555629,"href":"https:\/\/diariodominicano.com\/index.php?rest_route=\/wp\/v2\/posts\/555607\/revisions\/555629"}],"wp:featuredmedia":[{"embeddable":true,"href":"https:\/\/diariodominicano.com\/index.php?rest_route=\/wp\/v2\/media\/555616"}],"wp:attachment":[{"href":"https:\/\/diariodominicano.com\/index.php?rest_route=%2Fwp%2Fv2%2Fmedia&parent=555607"}],"wp:term":[{"taxonomy":"category","embeddable":true,"href":"https:\/\/diariodominicano.com\/index.php?rest_route=%2Fwp%2Fv2%2Fcategories&post=555607"},{"taxonomy":"post_tag","embeddable":true,"href":"https:\/\/diariodominicano.com\/index.php?rest_route=%2Fwp%2Fv2%2Ftags&post=555607"}],"curies":[{"name":"wp","href":"https:\/\/api.w.org\/{rel}","templated":true}]}}