{"id":555591,"date":"2024-08-30T17:37:05","date_gmt":"2024-08-30T21:37:05","guid":{"rendered":"https:\/\/diariodominicano.com\/?p=555591"},"modified":"2024-08-30T17:37:07","modified_gmt":"2024-08-30T21:37:07","slug":"cual-es-el-verdadero-proposito-de-la-propuesta-de-reforma-a-la-constitucion","status":"publish","type":"post","link":"https:\/\/diariodominicano.com\/?p=555591","title":{"rendered":"\u00bfCu\u00e1l es el verdadero prop\u00f3sito de la propuesta de reforma a la Constituci\u00f3n?"},"content":{"rendered":"\n<p><strong><em>Diputado Danilo D\u00edaz<\/em><\/strong><em>: \u201cuna reforma constitucional en estos momentos no resuelve un solo de los m\u00faltiples problemas de la vida cotidiana\u201d<\/em><\/p>\n\n\n\n<p><strong>El diputado Danilo D\u00edaz, quien es miembro del Comit\u00e9 Pol\u00edtico del Partido de la Liberaci\u00f3n Dominicana (PLD),<\/strong>&nbsp;manifest\u00f3 que una reforma constitucional en estos momentos no resuelve \u201cun solo de los m\u00faltiples problemas de la vida cotidiana de los dominicanos\u201d.<\/p>\n\n\n\n<p>La afirmaci\u00f3n de D\u00edaz, quien es miembro de la Comisi\u00f3n Bicameral que estudia el proyecto de ley que declara la necesidad de la reforma constitucional, se produjo en respuesta a los periodistas que cubren las actividades del Congreso al salir de una reuni\u00f3n de la reci\u00e9n confirmada comisi\u00f3n.<\/p>\n\n\n\n<p>Considera que la Rep\u00fablica Dominicana tiene temas m\u00e1s importantes que ameritan la atenci\u00f3n del presidente Luis Abinader, que no es la reforma a la Carta Magna.<\/p>\n\n\n\n<p>Coment\u00f3 a los periodistas que debido a que la Asamblea Nacional Revisora es soberana, le preocupa que se introduzcan en este proyecto de reforma puntos que no est\u00e1n establecidos en el que envi\u00f3 el Poder Ejecutivo, por lo que indic\u00f3 que estar\u00e1n atentos para que esta agenda no se cambie.<\/p>\n\n\n\n<p>\u201cPorque no se sabe si este es el verdadero prop\u00f3sito, esa es la preocupaci\u00f3n que tenemos en el Partido de la Liberaci\u00f3n Dominicana y por eso hemos dicho que cualquier cosa que suceda en la asamblea va a ser responsabilidad exclusiva del presidente de la Rep\u00fablica\u201d, subray\u00f3 D\u00edaz.<\/p>\n\n\n\n<p>Danilo D\u00edaz aval\u00f3 la posici\u00f3n del Comit\u00e9 Pol\u00edtico de su Partido que, mediante un documento expuesto por el ex presidente de la Rep\u00fablica, Danilo Medina, afirm\u00f3 que la prioridad de la sociedad dominicana NO es la propuesta de reforma constitucional presentada por el Poder Ejecutivo.<\/p>\n\n\n\n<p>\u201cEse no es el problema del pa\u00eds cuando tenemos miles de ni\u00f1os que no pueden entrar a la escuela, que se les est\u00e1 impidiendo\u2026\u201d, acot\u00f3 D\u00edaz, mientras declaraba que la sociedad dominicana no tiene necesidad de recibir una reforma constitucional que no solucionar\u00e1 problem\u00e1ticas impactantes.<\/p>\n\n\n\n<p>Tambi\u00e9n cit\u00f3 como un problema crucial el aumento de la mortalidad materna en infantil y la urgencia m\u00e1s grande que tiene el pa\u00eds en los actuales momentos, los molestos y repetidos apagones y \u201cla esperanza que dan los actuales gobernantes es que continuar\u00e1n\u201d.<\/p>\n\n\n\n<p><strong>SECRETAR\u00cdA DE COMUNICACIONES<\/strong><\/p>\n","protected":false},"excerpt":{"rendered":"<p>Diputado Danilo D\u00edaz: \u201cuna reforma constitucional en estos momentos no resuelve un solo de los m\u00faltiples problemas de la vida cotidiana\u201d El diputado Danilo D\u00edaz, quien es miembro del Comit\u00e9 Pol\u00edtico del Partido de la Liberaci\u00f3n Dominicana (PLD),&nbsp;manifest\u00f3 que una reforma constitucional en estos momentos no resuelve \u201cun solo de los m\u00faltiples problemas de la [&hellip;]<\/p>\n","protected":false},"author":7,"featured_media":555604,"comment_status":"closed","ping_status":"closed","sticky":false,"template":"","format":"standard","meta":{"footnotes":""},"categories":[24],"tags":[],"class_list":["post-555591","post","type-post","status-publish","format-standard","has-post-thumbnail","hentry","category-justicia-y-derecho"],"_links":{"self":[{"href":"https:\/\/diariodominicano.com\/index.php?rest_route=\/wp\/v2\/posts\/555591","targetHints":{"allow":["GET"]}}],"collection":[{"href":"https:\/\/diariodominicano.com\/index.php?rest_route=\/wp\/v2\/posts"}],"about":[{"href":"https:\/\/diariodominicano.com\/index.php?rest_route=\/wp\/v2\/types\/post"}],"author":[{"embeddable":true,"href":"https:\/\/diariodominicano.com\/index.php?rest_route=\/wp\/v2\/users\/7"}],"replies":[{"embeddable":true,"href":"https:\/\/diariodominicano.com\/index.php?rest_route=%2Fwp%2Fv2%2Fcomments&post=555591"}],"version-history":[{"count":1,"href":"https:\/\/diariodominicano.com\/index.php?rest_route=\/wp\/v2\/posts\/555591\/revisions"}],"predecessor-version":[{"id":555605,"href":"https:\/\/diariodominicano.com\/index.php?rest_route=\/wp\/v2\/posts\/555591\/revisions\/555605"}],"wp:featuredmedia":[{"embeddable":true,"href":"https:\/\/diariodominicano.com\/index.php?rest_route=\/wp\/v2\/media\/555604"}],"wp:attachment":[{"href":"https:\/\/diariodominicano.com\/index.php?rest_route=%2Fwp%2Fv2%2Fmedia&parent=555591"}],"wp:term":[{"taxonomy":"category","embeddable":true,"href":"https:\/\/diariodominicano.com\/index.php?rest_route=%2Fwp%2Fv2%2Fcategories&post=555591"},{"taxonomy":"post_tag","embeddable":true,"href":"https:\/\/diariodominicano.com\/index.php?rest_route=%2Fwp%2Fv2%2Ftags&post=555591"}],"curies":[{"name":"wp","href":"https:\/\/api.w.org\/{rel}","templated":true}]}}